{"id":207741,"date":"2019-09-25T17:32:05","date_gmt":"2019-09-25T14:32:05","guid":{"rendered":"http:\/\/www.tvturk.com\/index.php\/biyonik-kulakla-ilk-defa-isiten-yusufa-surpriz-teklif\/"},"modified":"2019-09-25T17:32:05","modified_gmt":"2019-09-25T14:32:05","slug":"biyonik-kulakla-ilk-defa-isiten-yusufa-surpriz-teklif","status":"publish","type":"post","link":"http:\/\/www.tvturk.com\/index.php\/biyonik-kulakla-ilk-defa-isiten-yusufa-surpriz-teklif\/","title":{"rendered":"Biyonik kulakla ilk defa i\u015fiten Yusuf\u2019a s\u00fcrpriz teklif"},"content":{"rendered":"<p>Van Be\u015fikta\u015f Derne\u011fi ve Be\u015fikta\u015f \u00c7ar\u015f\u0131 Grubu \u00fcyeleri, biyonik kulak sayesinde sesleri duymaya ba\u015flayan futbol tutkunu 2,5 ya\u015f\u0131ndaki Yusuf Ka\u00e7maz\u2019\u0131 ziyaret ederek, Be\u015fikta\u015f\u2019\u0131n bir ma\u00e7\u0131n\u0131 izleme f\u0131rsat\u0131 sundu.<\/p>\n<p>Van\u2019\u0131n \u00c7ald\u0131ran il\u00e7esine yakla\u015f\u0131k 30 kilometre mesafede bulunan Direkli Mahallesi\u2019nde ya\u015fayan Kerem ve Kamile Ka\u00e7maz \u00e7iftinin \u00e7ocuklar\u0131 Yusuf Ka\u00e7maz\u2019a i\u015fitme bozuklu\u011fu nedeniyle Ankara\u2019da ger\u00e7ekle\u015ftirilen ameliyatla biyonik kulak tak\u0131ld\u0131. Ba\u015far\u0131l\u0131 ameliyat sonras\u0131 biyonik kulak sayesinde sesleri duymaya ba\u015flayan minik Yusuf, futbola olan tutkusuyla da dikkatleri \u00fczerine \u00e7ekti.<\/p>\n<p>Yusuf\u2019un futbol tutkusunu \u00f6\u011frenen Van Be\u015fikta\u015f Derne\u011fi ve Be\u015fikta\u015f \u00c7ar\u015f\u0131 Grubu \u00fcyeleri harekete ge\u00e7ti. Bunun \u00fczerine Van\u2019dan yola \u00e7\u0131kan Dernek Ba\u015fkan\u0131 Gani Acar ile dernek \u00fcyeleri, Yusuf\u2019un evine giderek kendisine Be\u015fikta\u015f formas\u0131, atk\u0131s\u0131 ve \u00e7e\u015fitli oyuncaklar hediye etti. Dernek ve grup \u00fcyeleri, ziyaret s\u00fcrprizinin ard\u0131ndan minik Yusuf ve ailesini \u0130stanbul Vodafone Park\u2019ta oynanacak Be\u015fikta\u015f ma\u00e7\u0131na davet etti. S\u00fcrpriz teklif kar\u015f\u0131s\u0131nda minik Yusuf\u2019un ailesi b\u00fcy\u00fck sevin\u00e7 ya\u015fad\u0131.<\/p>\n<p>Ziyaretle ilgili a\u00e7\u0131klamalarda bulunan Van Be\u015fikta\u015flar Derne\u011fi Ba\u015fkan\u0131 Gani Acar, dernek olarak Yusuf\u2019a s\u00fcrpriz bir ziyaret ger\u00e7ekle\u015ftirdiklerini belirtti. Yusuf\u2019u ziyaret etmek amac\u0131yla yakla\u015f\u0131k 200 kilometre mesafe kat ettiklerini dile getiren Acar, ziyaret esnas\u0131nda Yusuf\u2019a forma, atk\u0131 ve oyuncak hediye ettiklerini s\u00f6yledi. Acar, ger\u00e7ekle\u015ftirilen ziyaretle hem kendilerinin hem de minik Yusuf\u2019un mutlu oldu\u011funu kaydetti.<\/p>\n<p>\u201cYusuf\u2019un en b\u00fcy\u00fck hayali Be\u015fikta\u015f ma\u00e7\u0131na gitmekti\u201d<\/p>\n<p>Minik Yusuf\u2019un en b\u00fcy\u00fck hayalinin Be\u015fikta\u015f\u2019\u0131n ma\u00e7\u0131na gitmek oldu\u011funu dile getiren Dernek Ba\u015fkan Yard\u0131mc\u0131s\u0131 Diyadin Beh\u00e7et ise \u201cYusuf\u2019un hayalini ger\u00e7ekle\u015ftirmek i\u00e7in Van Be\u015fikta\u015fl\u0131lar Derne\u011fi ve Be\u015fikta\u015f \u00c7ar\u015f\u0131 Grubu ortakla\u015fa Yusuf\u2019u bir ma\u00e7 i\u00e7in Vodafone Park\u2019ta a\u011f\u0131rlayaca\u011f\u0131z. Taraftar grubu ve dernek olarak Yusuf\u2019un t\u00fcm masraflar\u0131n\u0131 \u00fcstlenece\u011fiz\u201d diye konu\u015ftu.<\/p>\n","protected":false},"excerpt":{"rendered":"<p>VAN BE\u015e\u0130KTA\u015e DERNE\u011e\u0130 VE BE\u015e\u0130KTA\u015e \u00c7AR\u015eI GRUBU \u00dcYELER\u0130, B\u0130YON\u0130K KULAK SAYES\u0130NDE SESLER\u0130 DUYMAYA BA\u015eLAYAN FUTBOL TUTKUNU 2,5 YA\u015eINDAK\u0130 YUSUF KA\u00c7MAZ\u2019I Z\u0130YARET EDEREK, BE\u015e\u0130KTA\u015e\u2019IN B\u0130R MA\u00c7INI \u0130ZLEME FIRSATI SUNDU.<\/p>\n","protected":false},"author":1,"featured_media":207742,"comment_status":"closed","ping_status":"open","sticky":false,"template":"","format":"standard","meta":{"jetpack_post_was_ever_published":false,"_jetpack_newsletter_access":"","_jetpack_dont_email_post_to_subs":false,"_jetpack_newsletter_tier_id":0,"_jetpack_memberships_contains_paywalled_content":false,"_jetpack_memberships_contains_paid_content":false,"footnotes":"","jetpack_publicize_message":"","jetpack_publicize_feature_enabled":true,"jetpack_social_post_already_shared":true,"jetpack_social_options":{"image_generator_settings":{"template":"highway","default_image_id":0,"font":"","enabled":false},"version":2}},"categories":[1],"tags":[32869,6371,37,24050,52456,1067,17060,52457],"class_list":["post-207741","post","type-post","status-publish","format-standard","has-post-thumbnail","hentry","category-genel","tag-biyonik","tag-defa","tag-ilk","tag-isiten","tag-kulakla","tag-surpriz","tag-teklif","tag-yusufa"],"jetpack_publicize_connections":[],"jetpack_featured_media_url":"https:\/\/i0.wp.com\/www.tvturk.com\/wp-content\/uploads\/2019\/09\/biyonik-kulakla-ilk-defa-isiten-yusufa-surpriz-teklif_fd91ece.jpg?fit=1000%2C562","jetpack_sharing_enabled":true,"jetpack_shortlink":"https:\/\/wp.me\/paKIfm-S2F","_links":{"self":[{"href":"http:\/\/www.tvturk.com\/index.php\/wp-json\/wp\/v2\/posts\/207741","targetHints":{"allow":["GET"]}}],"collection":[{"href":"http:\/\/www.tvturk.com\/index.php\/wp-json\/wp\/v2\/posts"}],"about":[{"href":"http:\/\/www.tvturk.com\/index.php\/wp-json\/wp\/v2\/types\/post"}],"author":[{"embeddable":true,"href":"http:\/\/www.tvturk.com\/index.php\/wp-json\/wp\/v2\/users\/1"}],"replies":[{"embeddable":true,"href":"http:\/\/www.tvturk.com\/index.php\/wp-json\/wp\/v2\/comments?post=207741"}],"version-history":[{"count":0,"href":"http:\/\/www.tvturk.com\/index.php\/wp-json\/wp\/v2\/posts\/207741\/revisions"}],"wp:featuredmedia":[{"embeddable":true,"href":"http:\/\/www.tvturk.com\/index.php\/wp-json\/wp\/v2\/media\/207742"}],"wp:attachment":[{"href":"http:\/\/www.tvturk.com\/index.php\/wp-json\/wp\/v2\/media?parent=207741"}],"wp:term":[{"taxonomy":"category","embeddable":true,"href":"http:\/\/www.tvturk.com\/index.php\/wp-json\/wp\/v2\/categories?post=207741"},{"taxonomy":"post_tag","embeddable":true,"href":"http:\/\/www.tvturk.com\/index.php\/wp-json\/wp\/v2\/tags?post=207741"}],"curies":[{"name":"wp","href":"https:\/\/api.w.org\/{rel}","templated":true}]}}