{"id":207749,"date":"2019-09-25T17:32:51","date_gmt":"2019-09-25T14:32:51","guid":{"rendered":"http:\/\/www.tvturk.com\/index.php\/nevsehir-belediyespor-ozcan-kiziltan-ile-anlasma-sagladi\/"},"modified":"2019-09-25T17:32:51","modified_gmt":"2019-09-25T14:32:51","slug":"nevsehir-belediyespor-ozcan-kiziltan-ile-anlasma-sagladi","status":"publish","type":"post","link":"http:\/\/www.tvturk.com\/index.php\/nevsehir-belediyespor-ozcan-kiziltan-ile-anlasma-sagladi\/","title":{"rendered":"Nev\u015fehir Belediyespor, \u00d6zcan K\u0131z\u0131ltan ile anla\u015fma sa\u011flad\u0131"},"content":{"rendered":"<p>Nev\u015fehir Belediyespor\u2019da Teknik Direkt\u00f6rl\u00fck g\u00f6revine \u00d6zcan K\u0131z\u0131ltan getirildi. Futbolculuk kariyerinde Fenerbah\u00e7e formas\u0131 da giyen ve teknik adam olarak g\u00f6rev yapt\u0131\u011f\u0131 tak\u0131mlarda TFF 1. Lig, 2. Lig ve 3. Lig\u2019de say\u0131s\u0131z ba\u015far\u0131lara imza atan \u00fcnl\u00fc teknik direkt\u00f6r, k\u0131rm\u0131z\u0131-beyazl\u0131 y\u00f6neticilerle anla\u015fma sa\u011flayarak yeni tak\u0131m\u0131yla \u00e7al\u0131\u015fmalar\u0131na ba\u015flad\u0131.<\/p>\n<p>TFF 3. Lig 3. Grup\u2019ta m\u00fccadele eden Nev\u015fehir Belediyespor\u2019da bir s\u00fcre \u00f6nce g\u00f6revden ayr\u0131lan Erg\u00fcn Aytekin\u2019in ard\u0131ndan teknik adaml\u0131k g\u00f6revine \u00d6zcan K\u0131z\u0131ltan getirildi. Tecr\u00fcbeli teknik adam ile bir s\u00fcredir devam eden g\u00f6r\u00fc\u015fmeler olumlu sonu\u00e7lan\u0131rken K\u0131z\u0131ltan kul\u00fcp tesislerinde Kul\u00fcp Ba\u015fkan\u0131 Esat \u00d6zalt\u0131n, Ba\u015fkan Vekili \u0130brahim Y\u00fczer ve di\u011fer y\u00f6neticilerin de kat\u0131ld\u0131\u011f\u0131 t\u00f6rende kendisini Nev\u015fehir Belediyespor\u2019a ba\u011flayan s\u00f6zle\u015fmeye imza att\u0131.<\/p>\n<p>Nev\u015fehir Belediyespor\u2019u, Nev\u015fehir halk\u0131n\u0131n arzulad\u0131\u011f\u0131 ve tak\u0131m\u0131n hedefledi\u011fi ba\u015far\u0131lara ta\u015f\u0131yacak bir hoca ile anla\u015ft\u0131klar\u0131n\u0131 kaydeden Kul\u00fcp Ba\u015fkan\u0131 Esat \u00d6zalt\u0131n, K\u0131z\u0131ltan\u2019a yeni tak\u0131m\u0131nda ba\u015far\u0131lar diledi. T\u00fcrk futboluna y\u0131llarca gerek futbolcu gerekse antren\u00f6r olarak hizmet veren K\u0131z\u0131ltan ile birlikte tak\u0131m\u0131n k\u0131sa s\u00fcrede toparlanarak y\u00fckseli\u015fe ge\u00e7ece\u011fine inand\u0131klar\u0131n\u0131 ifade eden \u00d6zalt\u0131n, bu s\u00fcre\u00e7te Nev\u015fehir kamuoyundan tak\u0131mlar\u0131na destek olmalar\u0131n\u0131 istedi.<\/p>\n<p>\u0130yi bir kadro kurduklar\u0131n\u0131 ancak sezona \u015fanss\u0131z bir ba\u015flang\u0131\u00e7 yapt\u0131klar\u0131n\u0131 s\u00f6yleyen \u00d6zalt\u0131n, \u201cOlu\u015fturdu\u011fumuz kadro ortada. Hepsi birbirinden de\u011ferli olan bir futbolcu grubumuz var. \u015eimdi bu kadroyu ba\u015far\u0131ya ta\u015f\u0131yaca\u011f\u0131na y\u00fcrekten inand\u0131\u011f\u0131m\u0131z \u00d6zcan K\u0131z\u0131ltan ile anla\u015ft\u0131k. Taraftarlar\u0131m\u0131z\u0131n da deste\u011fi ile hocam\u0131z bizi arzulad\u0131\u011f\u0131m\u0131z ve bu \u015fehrin hak etti\u011fi ba\u015far\u0131ya ula\u015ft\u0131racak. Bunun i\u00e7in hep birlikte bu kul\u00fcbe destek olmam\u0131z gerekiyor. Hen\u00fcz kaybetti\u011fimiz hi\u00e7bir \u015fey yok. Bizim i\u00e7in lig adeta yeni ba\u015fl\u0131yor ve g\u00fcc\u00fcm\u00fcz\u00fc herkese g\u00f6sterece\u011fiz\u201d dedi.<\/p>\n<p>Teknik Direkt\u00f6r \u00d6zcan K\u0131z\u0131ltan ise, Nev\u015fehir Belediyespor camias\u0131n\u0131n ve \u015fehrin beklentilerini bildi\u011fini ve tak\u0131m\u0131n arzulanan ba\u015far\u0131y\u0131 yakalamas\u0131 i\u00e7in elinden geleni yapaca\u011f\u0131n\u0131 s\u00f6yledi. Yetenekli futbolculardan kurulu bir tak\u0131m olduklar\u0131n\u0131 ve en k\u0131sa s\u00fcrede tak\u0131m\u0131n toparlanaca\u011f\u0131n\u0131 ifade eden K\u0131z\u0131ltan, \u201cNev\u015fehir Belediyespor gibi hedefleri olan bir tak\u0131mda g\u00f6rev yapmak benim i\u00e7in b\u00fcy\u00fck mutluluk. Nev\u015fehir Belediyespor\u2019u arzulad\u0131\u011f\u0131 \u00fcst liglere ta\u015f\u0131mak i\u00e7in b\u00fcy\u00fck bir \u00e7aba g\u00f6sterece\u011fiz. Bunu ger\u00e7ekle\u015ftirirken \u015fehirdeki herkesin deste\u011fine ihtiyac\u0131m\u0131z var. Bize inans\u0131nlar ve g\u00fcvensinler. Bu yolun sonu ba\u015far\u0131 olacak.\u201c diye konu\u015ftu.<\/p>\n<p>\u00d6zcan K\u0131z\u0131ltan kimdir?<\/p>\n<p>Futbola \u0130stanbulspor gen\u00e7 tak\u0131m\u0131nda ba\u015flad\u0131. \u0130stanbulspor, Malatyaspor, Sakaryaspor ve Mersin \u0130dmanyurdu\u2019nda oynad\u0131. 1981 y\u0131l\u0131nda Fenerbah\u00e7e\u2019ye transfer olan \u00d6zcan K\u0131z\u0131ltan, 3 y\u0131l S\u00fcper Lig\u2019de sar\u0131-lacivertli formay\u0131 giydi. Futbolu b\u0131rakt\u0131ktan sonra Mersin \u0130Y, \u00c7anakkale Dardanel, Fenerbah\u00e7e altyap\u0131s\u0131nda \u00e7al\u0131\u015fan \u00d6zcan K\u0131z\u0131ltan, bir d\u00f6nem Erdo\u011fan Ar\u0131ca\u2019n\u0131n yan\u0131 s\u0131ra Fenerbah\u00e7e\u2019de Cristoph Daum ve Werner Lorant gibi isimlerin yard\u0131mc\u0131l\u0131\u011f\u0131n\u0131 yapt\u0131.<\/p>\n<p>Eski\u015fehirspor\u2019da \u0130smail Kartal ile birlikte de \u00e7al\u0131\u015fan 60 ya\u015f\u0131ndaki \u00d6zcan K\u0131z\u0131ltan, \u00c7.Rizespor, Bucaspor, Y.Turgutluspor, Bal\u0131kesirspor, Sakaryaspor, G\u00f6ztepe, Boluspor, Kartalspor, Y.Malatyaspor ve son olarak da Bayburt \u0130l \u00d6zel \u0130dare Spor\u2019da teknik direkt\u00f6r olarak say\u0131s\u0131z ba\u015far\u0131lara imza atarak \u015fampiyonluklar ya\u015fad\u0131.<\/p>\n","protected":false},"excerpt":{"rendered":"<p>NEV\u015eEH\u0130R BELED\u0130YESPOR\u2019DA TEKN\u0130K D\u0130REKT\u00d6RL\u00dcK G\u00d6REV\u0130NE \u00d6ZCAN KIZILTAN GET\u0130R\u0130LD\u0130. FUTBOLCULUK KAR\u0130YER\u0130NDE FENERBAH\u00c7E FORMASI DA G\u0130YEN VE TEKN\u0130K ADAM OLARAK G\u00d6REV YAPTI\u011eI TAKIMLARDA TFF 1. L\u0130G, 2. L\u0130G VE 3. L\u0130G\u2019DE SAYISIZ BA\u015eARILARA \u0130MZA ATAN \u00dcNL\u00dc HOCA KIRMIZI BEYAZLI Y\u00d6NET\u0130C\u0130LERLE ANLA\u015eMA SA\u011eLAYARAK YEN\u0130 TAKIMIYLA \u00c7ALI\u015eMALARINA BA\u015eLADI.<\/p>\n","protected":false},"author":1,"featured_media":207750,"comment_status":"closed","ping_status":"open","sticky":false,"template":"","format":"standard","meta":{"jetpack_post_was_ever_published":false,"_jetpack_newsletter_access":"","_jetpack_dont_email_post_to_subs":false,"_jetpack_newsletter_tier_id":0,"_jetpack_memberships_contains_paywalled_content":false,"_jetpack_memberships_contains_paid_content":false,"footnotes":"","jetpack_publicize_message":"","jetpack_publicize_feature_enabled":true,"jetpack_social_post_already_shared":true,"jetpack_social_options":{"image_generator_settings":{"template":"highway","default_image_id":0,"font":"","enabled":false},"version":2}},"categories":[657],"tags":[11925,2556,192,15615,2470,19923,2529],"class_list":["post-207749","post","type-post","status-publish","format-standard","has-post-thumbnail","hentry","category-spor","tag-anlasma","tag-belediyespor","tag-ile","tag-kiziltan","tag-nevsehir","tag-ozcan","tag-sagladi"],"jetpack_publicize_connections":[],"jetpack_featured_media_url":"https:\/\/i0.wp.com\/www.tvturk.com\/wp-content\/uploads\/2019\/09\/nevsehir-belediyespor-ozcan-kiziltan-ile-anlasma-sagladi_0ad31c4.jpg?fit=1000%2C666","jetpack_sharing_enabled":true,"jetpack_shortlink":"https:\/\/wp.me\/paKIfm-S2N","_links":{"self":[{"href":"http:\/\/www.tvturk.com\/index.php\/wp-json\/wp\/v2\/posts\/207749","targetHints":{"allow":["GET"]}}],"collection":[{"href":"http:\/\/www.tvturk.com\/index.php\/wp-json\/wp\/v2\/posts"}],"about":[{"href":"http:\/\/www.tvturk.com\/index.php\/wp-json\/wp\/v2\/types\/post"}],"author":[{"embeddable":true,"href":"http:\/\/www.tvturk.com\/index.php\/wp-json\/wp\/v2\/users\/1"}],"replies":[{"embeddable":true,"href":"http:\/\/www.tvturk.com\/index.php\/wp-json\/wp\/v2\/comments?post=207749"}],"version-history":[{"count":0,"href":"http:\/\/www.tvturk.com\/index.php\/wp-json\/wp\/v2\/posts\/207749\/revisions"}],"wp:featuredmedia":[{"embeddable":true,"href":"http:\/\/www.tvturk.com\/index.php\/wp-json\/wp\/v2\/media\/207750"}],"wp:attachment":[{"href":"http:\/\/www.tvturk.com\/index.php\/wp-json\/wp\/v2\/media?parent=207749"}],"wp:term":[{"taxonomy":"category","embeddable":true,"href":"http:\/\/www.tvturk.com\/index.php\/wp-json\/wp\/v2\/categories?post=207749"},{"taxonomy":"post_tag","embeddable":true,"href":"http:\/\/www.tvturk.com\/index.php\/wp-json\/wp\/v2\/tags?post=207749"}],"curies":[{"name":"wp","href":"https:\/\/api.w.org\/{rel}","templated":true}]}}