{"id":207763,"date":"2019-09-25T17:48:12","date_gmt":"2019-09-25T14:48:12","guid":{"rendered":"http:\/\/www.tvturk.com\/index.php\/bakan-kasapoglu-12-cesur-yuregin-ulkemizde-onemli-bir-yeri-var\/"},"modified":"2019-09-25T17:48:12","modified_gmt":"2019-09-25T14:48:12","slug":"bakan-kasapoglu-12-cesur-yuregin-ulkemizde-onemli-bir-yeri-var","status":"publish","type":"post","link":"http:\/\/www.tvturk.com\/index.php\/bakan-kasapoglu-12-cesur-yuregin-ulkemizde-onemli-bir-yeri-var\/","title":{"rendered":"Bakan Kasapo\u011flu: &#8220;12 cesur y\u00fcre\u011fin \u00fclkemizde \u00f6nemli bir yeri var&#8221;"},"content":{"rendered":"<p>Gen\u00e7lik ve Spor Bakan\u0131 Mehmet Muharrem Kasapo\u011flu, Tekerlekli Sandalye Basketbol Erkek Milli Tak\u0131m\u0131\u2019n\u0131 kabul etti. Bakan Kasapo\u011flu, yapt\u0131\u011f\u0131 konu\u015fmada, \u201cSizleri g\u00f6n\u00fclden tebrik ediyorum. \u00c7ok \u00f6nemli bir s\u00fcreci ba\u015far\u0131yla ta\u00e7land\u0131racaks\u0131n\u0131z. Buna millet ve bakanl\u0131k olarak inan\u0131yoruz. Bizleri gururland\u0131r\u0131yorsunuz\u201d dedi.<\/p>\n<p>Gen\u00e7lik ve Spor Bakan\u0131 Mehmet Muharrem Kasapo\u011flu, Gen\u00e7lik ve Spor Bakanl\u0131\u011f\u0131 Kredi ve Yurtlar Genel M\u00fcd\u00fcrl\u00fc\u011f\u00fc Ek Binas\u0131nda Tekerlekli Sandalye Basketbol Erkek Milli Tak\u0131m sporcular\u0131 ve teknik heyetini kabul etti. Toplant\u0131ya Bedensel Engelliler Spor Federasyonu Ba\u015fkan\u0131 Arif Uzt\u00fcrk de kat\u0131ld\u0131.<\/p>\n<p>Polonya\u2019n\u0131n Walbrzych kentinde d\u00fczenlenen Avrupa \u015eampiyonas\u0131\u2019ndan \u00fc\u00e7\u00fcnc\u00fcl\u00fckle d\u00f6nen Tekerlekli Sandalye Basketbol Erkek Milli Tak\u0131m\u0131\u2019n\u0131 kabul eden Bakan Kasapo\u011flu, \u201cSizleri g\u00f6n\u00fclden tebrik ediyorum. \u00c7ok \u00f6nemli bir s\u00fcreci ba\u015far\u0131yla ta\u00e7land\u0131racaks\u0131n\u0131z. Buna millet ve bakanl\u0131k olarak inan\u0131yoruz. Bizleri gururland\u0131r\u0131yorsunuz. Sizlerin mutlulu\u011funa ortak olmak hepimiz i\u00e7in sevin\u00e7. 12 cesur y\u00fcre\u011fin \u00fclkemizde \u00f6nemli bir yeri var. O y\u00f6n\u00fcyle ilham kayna\u011f\u0131s\u0131n\u0131z. Bu \u00fclke i\u00e7in ne kadar \u00f6nemli oldu\u011funuzu; ayn\u0131 zamanda toplumsal s\u00fcrecin in\u015fas\u0131nda ne kadar katk\u0131lar\u0131n\u0131z oldu\u011funu g\u00f6steriyor. Sizlerin izinizden giden gen\u00e7lerimiz \u00e7ok ve devam edece\u011fine inan\u0131yorum. Sizin eme\u011finizin, gayretinizin fark\u0131nday\u0131z. Sporumuzun yar\u0131nlara daha g\u00fc\u00e7l\u00fc bir \u015fekilde geli\u015fmesi \u00e7ok \u00f6nemli. Sizler bu s\u00fcreci ba\u015far\u0131yla ta\u00e7land\u0131r\u0131rken biz de bakanl\u0131k olarak imkanlar\u0131 sizin yolunuza sermeye devam edece\u011fiz. Tabii ki biz bakanl\u0131k olarak engelli sporcular\u0131m\u0131zla ilgili \u00f6nemli \u00e7al\u0131\u015fmalar yap\u0131yoruz. Cumhurba\u015fkan\u0131m\u0131z\u0131 ge\u00e7ti\u011fimiz g\u00fcnlerde ziyaret ettik. Kendisinin konuya ilgisi, alakas\u0131 \u00e7ok \u00f6nemli. \u0130mkanlar her alanda artt\u0131\u011f\u0131 gibi paralimpik anlamda da artt\u0131. Aksaray\u2019daki merkezimiz \u00e7ok \u00f6nemli bir merkez. T\u00fcm engelli sporcular\u0131m\u0131za hizmet veriyor ve d\u00fcnyayla yar\u0131\u015f\u0131r bir tesis. Tabii ki spor karde\u015flik demektir, birlik ve beraberlik demektir. Bunu da sizler tecr\u00fcbe ediyorsunuz ama bu mesaj\u0131 topluma \u00e7ok iyi vermek laz\u0131m. Spor ne kadar yayg\u0131n olursa sa\u011fl\u0131k bir ya\u015fam s\u00fcrecine ula\u015f\u0131r\u0131z. Sadece birka\u00e7 bran\u015f\u0131 de\u011fil bir\u00e7ok bran\u015f\u0131 \u00f6ne \u00e7\u0131karmal\u0131y\u0131z. Biz bakanl\u0131k olarak her bran\u015f\u0131 milletimizin hizmetine sunuyoruz. Elbette federasyonlar\u0131m\u0131z, kul\u00fcplerimizin her zaman yan\u0131nday\u0131z ama sporcular\u0131n da yan\u0131nday\u0131z. \u00d6zellikle ailelerinize te\u015fekk\u00fcr etmek istiyorum. Bu manada birlik ve beraberli\u011fimiz \u00e7ok \u00f6nemli. Sizin heyecan\u0131n\u0131z topyek\u00fcn bir toplumun heyecan\u0131. Bizim i\u00e7in sizlere yol arkada\u015fl\u0131\u011f\u0131 yapmak, sizleri takip etmek, sizleri izlemek ayr\u0131 bir mutluluk kayna\u011f\u0131. Sizin y\u00fcz\u00fcn\u00fczdeki azmi, inanc\u0131 g\u00f6rmek de bizi mutlu ediyor. Elbette 2020 s\u00fcrecinde bir k\u0131s\u0131m federasyon ba\u015fkanlar\u0131m\u0131z\u0131 d\u00fcn dinledim. Onlarla \u00e7al\u0131\u015fmalar\u0131m\u0131z devam ediyor. Konuyu bizzat takip edece\u011fim. \u00dclkemizin yar\u0131nlar\u0131 ve spor tarihi a\u00e7\u0131s\u0131ndan 2020 \u00e7ok \u00f6nemli olacak\u201d ifadelerini kulland\u0131.<\/p>\n<p>Ger\u00e7ekle\u015ftirilen g\u00f6r\u00fc\u015fme sonras\u0131nda Tekerlekli Sandalye Basketbol Erkek Milli Tak\u0131m sporcular\u0131n\u0131n imzalad\u0131\u011f\u0131 ve \u00fczerinde Bakan Kasapo\u011flu\u2019nun isminin yaz\u0131ld\u0131\u011f\u0131 milli formay\u0131 tak\u0131m kaptan\u0131 \u00d6zg\u00fcr G\u00fcrbulak, Bakan Kasapo\u011flu\u2019na takdim etti.<\/p>\n","protected":false},"excerpt":{"rendered":"<p>GEN\u00c7L\u0130K VE SPOR BAKANI MEHMET MUHARREM KASAPO\u011eLU, TEKERLEKL\u0130 SANDALYE BASKETBOL ERKEK M\u0130LL\u0130 TAKIMINI KABUL ETT\u0130.<\/p>\n","protected":false},"author":1,"featured_media":207764,"comment_status":"closed","ping_status":"open","sticky":false,"template":"","format":"standard","meta":{"jetpack_post_was_ever_published":false,"_jetpack_newsletter_access":"","_jetpack_dont_email_post_to_subs":false,"_jetpack_newsletter_tier_id":0,"_jetpack_memberships_contains_paywalled_content":false,"_jetpack_memberships_contains_paid_content":false,"footnotes":"","jetpack_publicize_message":"","jetpack_publicize_feature_enabled":true,"jetpack_social_post_already_shared":true,"jetpack_social_options":{"image_generator_settings":{"template":"highway","default_image_id":0,"font":"","enabled":false},"version":2}},"categories":[657],"tags":[7560,3981,742,125,18366,3823,332,181,488,52461],"class_list":["post-207763","post","type-post","status-publish","format-standard","has-post-thumbnail","hentry","category-spor","tag-ulkemizde","tag-3981","tag-bakan","tag-bir","tag-cesur","tag-kasapoglu","tag-onemli","tag-var","tag-yeri","tag-yuregin"],"jetpack_publicize_connections":[],"jetpack_featured_media_url":"https:\/\/i0.wp.com\/www.tvturk.com\/wp-content\/uploads\/2019\/09\/bakan-kasapoglu-12-cesur-yuregin-ulkemizde-onemli-bir-yeri-var_7d1d979.jpg?fit=1000%2C750","jetpack_sharing_enabled":true,"jetpack_shortlink":"https:\/\/wp.me\/paKIfm-S31","_links":{"self":[{"href":"http:\/\/www.tvturk.com\/index.php\/wp-json\/wp\/v2\/posts\/207763","targetHints":{"allow":["GET"]}}],"collection":[{"href":"http:\/\/www.tvturk.com\/index.php\/wp-json\/wp\/v2\/posts"}],"about":[{"href":"http:\/\/www.tvturk.com\/index.php\/wp-json\/wp\/v2\/types\/post"}],"author":[{"embeddable":true,"href":"http:\/\/www.tvturk.com\/index.php\/wp-json\/wp\/v2\/users\/1"}],"replies":[{"embeddable":true,"href":"http:\/\/www.tvturk.com\/index.php\/wp-json\/wp\/v2\/comments?post=207763"}],"version-history":[{"count":0,"href":"http:\/\/www.tvturk.com\/index.php\/wp-json\/wp\/v2\/posts\/207763\/revisions"}],"wp:featuredmedia":[{"embeddable":true,"href":"http:\/\/www.tvturk.com\/index.php\/wp-json\/wp\/v2\/media\/207764"}],"wp:attachment":[{"href":"http:\/\/www.tvturk.com\/index.php\/wp-json\/wp\/v2\/media?parent=207763"}],"wp:term":[{"taxonomy":"category","embeddable":true,"href":"http:\/\/www.tvturk.com\/index.php\/wp-json\/wp\/v2\/categories?post=207763"},{"taxonomy":"post_tag","embeddable":true,"href":"http:\/\/www.tvturk.com\/index.php\/wp-json\/wp\/v2\/tags?post=207763"}],"curies":[{"name":"wp","href":"https:\/\/api.w.org\/{rel}","templated":true}]}}