{"id":207771,"date":"2019-09-25T18:02:57","date_gmt":"2019-09-25T15:02:57","guid":{"rendered":"http:\/\/www.tvturk.com\/index.php\/fernando-alanyaspor-maci-zor-gececek\/"},"modified":"2019-09-25T18:02:57","modified_gmt":"2019-09-25T15:02:57","slug":"fernando-alanyaspor-maci-zor-gececek","status":"publish","type":"post","link":"http:\/\/www.tvturk.com\/index.php\/fernando-alanyaspor-maci-zor-gececek\/","title":{"rendered":"Fernando: \u201cAlanyaspor ma\u00e7\u0131 zor ge\u00e7ecek&#8221;"},"content":{"rendered":"<p>Sivasspor\u2019un Brezilyal\u0131 forveti Fernando Andrade dos Santos, ligde oynayacaklar\u0131 Alanyaspor ma\u00e7\u0131n\u0131n zor ge\u00e7ece\u011fini belirterek, &#8220;Alanya\u2019n\u0131n da \u00e7ok iyi haz\u0131rland\u0131\u011f\u0131n\u0131 biliyoruz ama biz de \u00e7ok iyiyiz&#8221; dedi.<\/p>\n<p>S\u00fcper Lig\u2019in 6. haftas\u0131nda deplasmanda Alanyaspor ile kar\u015f\u0131 kar\u015f\u0131ya gelecek olan Sivasspor, bu ma\u00e7\u0131n haz\u0131rl\u0131klar\u0131n\u0131 s\u00fcrd\u00fcr\u00fcyor.  Vali L\u00fctfullah Bilgin Sivasspor Tesisleri\u2019nde Teknik Direkt\u00f6r R\u0131za \u00c7al\u0131mbay ve yard\u0131mc\u0131lar\u0131 y\u00f6netiminde ger\u00e7ekle\u015ftirilen antrenman yakla\u015f\u0131k bir bu\u00e7uk saat s\u00fcrd\u00fc.<\/p>\n<p>Ko\u015fu ile ba\u015flayan antrenman \u0131s\u0131nma \u00e7al\u0131\u015fmalar\u0131 ile devam etti. Daha sonra 5\u2019e 2 top kapma \u00e7al\u0131\u015fmas\u0131 yapan Yi\u011fidolar, \u00e7ift kale ma\u00e7la idman\u0131n\u0131 tamamlad\u0131.<\/p>\n<p>\u0130dmana sakatl\u0131klar\u0131 devam eden Emre K\u0131l\u0131n\u00e7, Serhiy Rybalka, Bar\u0131\u015f Yard\u0131mc\u0131 ve Muammer Y\u0131ld\u0131r\u0131m kat\u0131lmad\u0131.<\/p>\n<p>Antrenman \u00f6ncesi bas\u0131n mensuplar\u0131n\u0131n sorular\u0131n\u0131 yan\u0131tlayan Sivasspor\u2019un Brezilyal\u0131 golc\u00fcs\u00fc Fernando Andrade dos Santos, Alanyaspor ma\u00e7\u0131n\u0131n zor ge\u00e7ece\u011fini s\u00f6yleyerek; \u201cGenel olarak zor bir ma\u00e7 olaca\u011f\u0131n\u0131 d\u00fc\u015f\u00fcn\u00fcyoruz. Ama tabii ki ma\u00e7a haz\u0131rlan\u0131yoruz. Deplasmanda bir ma\u00e7 olacak. Alanya\u2019n\u0131n da \u00e7ok iyi haz\u0131rland\u0131\u011f\u0131n\u0131 biliyoruz ama biz de \u00e7ok iyiyiz. Umuyoruz ki her \u015fey iyi gidecek\u201d dedi.<\/p>\n<p>\u201c\u00c7ok \u00e7al\u0131\u015f\u0131yoruz\u201d<\/p>\n<p>Performans\u0131nda y\u00fckselme oldu\u011fu sorusu \u00fczerine Fernando, \u015fu cevab\u0131 verdi:<\/p>\n<p>\u201cT\u00fcrkiye\u2019ye ilk kez gelmi\u015f bulunuyorum. \u0130lk geldi\u011fimde biraz bir al\u0131\u015fma s\u00fcreci ge\u00e7irdik. Al\u0131\u015fma s\u00fcreci hi\u00e7bir yerde kolay olmayan bir s\u00fcre\u00e7. Al\u0131\u015ft\u0131k\u00e7a daha \u00e7ok \u00e7al\u0131\u015fmaya ba\u015flad\u0131m. Daha \u00e7ok al\u0131\u015ft\u0131k\u00e7a performans\u0131m da y\u00fckselmeye ba\u015flad\u0131. Ama \u00e7ok \u00e7al\u0131\u015f\u0131yoruz. Sadece ben de\u011fil tak\u0131m arkada\u015flar\u0131mla beraber \u00e7ok \u00e7al\u0131\u015f\u0131yoruz. Her \u015feyi daha iyi bir \u015fekle getirece\u011fimize inan\u0131yorum ve burada oldu\u011fum i\u00e7in de \u00e7ok mutluyum.\u201d<\/p>\n<p>\u201cDaha iyi noktaya gelece\u011fiz\u201d<\/p>\n<p>Fernando, son olarak hedefinin tak\u0131m\u0131 iyi yerlere getirmek oldu\u011funu s\u00f6yleyerek, \u201cBen ki\u015fisel hedeflerim tamamen tak\u0131m \u00fczerine kurulu \u00f6ncelikli olarak. Ben ne kadar iyi oynarsam tak\u0131ma da o kadar katk\u0131m olur. Tak\u0131m olarak bir yerlere gelebiliriz, y\u00fckselebiliriz. Umuyorum ki hep birlikte performans\u0131m\u0131z\u0131 y\u00fckselterek tak\u0131m\u0131m\u0131z\u0131 daha iyi noktaya getirece\u011fiz\u201d \u015feklinde konu\u015ftu.<\/p>\n","protected":false},"excerpt":{"rendered":"<p>\u0130DMAN \u00d6NCES\u0130 KONU\u015eAN FERNANDO ANDRADE DOS SANTOS, ALANYA MA\u00c7ININ KEND\u0130LER\u0130 A\u00c7ISINDAN ZOR GE\u00c7ECE\u011e\u0130N\u0130 S\u00d6YLEYEREK; \u201cGENEL OLARAK ZOR B\u0130R MA\u00c7 OLACA\u011eINI D\u00dc\u015e\u00dcN\u00dcYORUZ. AMA TAB\u0130\u0130 K\u0130 MA\u00c7A HAZIRLANIYORUZ. ALANYA\u2019NIN DA \u00c7OK \u0130Y\u0130 HAZIRLANDI\u011eINI B\u0130L\u0130YORUZ AMA B\u0130Z DE \u00c7OK \u0130Y\u0130Y\u0130Z\u201d DED\u0130.<\/p>\n","protected":false},"author":1,"featured_media":207772,"comment_status":"closed","ping_status":"open","sticky":false,"template":"","format":"standard","meta":{"jetpack_post_was_ever_published":false,"_jetpack_newsletter_access":"","_jetpack_dont_email_post_to_subs":false,"_jetpack_newsletter_tier_id":0,"_jetpack_memberships_contains_paywalled_content":false,"_jetpack_memberships_contains_paid_content":false,"footnotes":"","jetpack_publicize_message":"","jetpack_publicize_feature_enabled":true,"jetpack_social_post_already_shared":true,"jetpack_social_options":{"image_generator_settings":{"template":"highway","default_image_id":0,"font":"","enabled":false},"version":2}},"categories":[657],"tags":[6138,11869,4177,777,9997],"class_list":["post-207771","post","type-post","status-publish","format-standard","has-post-thumbnail","hentry","category-spor","tag-alanyaspor","tag-fernando","tag-gececek","tag-maci","tag-zor"],"jetpack_publicize_connections":[],"jetpack_featured_media_url":"https:\/\/i0.wp.com\/www.tvturk.com\/wp-content\/uploads\/2019\/09\/fernando-alanyaspor-maci-zor-gececek_95e1bf9.jpg?fit=1000%2C719","jetpack_sharing_enabled":true,"jetpack_shortlink":"https:\/\/wp.me\/paKIfm-S39","_links":{"self":[{"href":"http:\/\/www.tvturk.com\/index.php\/wp-json\/wp\/v2\/posts\/207771","targetHints":{"allow":["GET"]}}],"collection":[{"href":"http:\/\/www.tvturk.com\/index.php\/wp-json\/wp\/v2\/posts"}],"about":[{"href":"http:\/\/www.tvturk.com\/index.php\/wp-json\/wp\/v2\/types\/post"}],"author":[{"embeddable":true,"href":"http:\/\/www.tvturk.com\/index.php\/wp-json\/wp\/v2\/users\/1"}],"replies":[{"embeddable":true,"href":"http:\/\/www.tvturk.com\/index.php\/wp-json\/wp\/v2\/comments?post=207771"}],"version-history":[{"count":0,"href":"http:\/\/www.tvturk.com\/index.php\/wp-json\/wp\/v2\/posts\/207771\/revisions"}],"wp:featuredmedia":[{"embeddable":true,"href":"http:\/\/www.tvturk.com\/index.php\/wp-json\/wp\/v2\/media\/207772"}],"wp:attachment":[{"href":"http:\/\/www.tvturk.com\/index.php\/wp-json\/wp\/v2\/media?parent=207771"}],"wp:term":[{"taxonomy":"category","embeddable":true,"href":"http:\/\/www.tvturk.com\/index.php\/wp-json\/wp\/v2\/categories?post=207771"},{"taxonomy":"post_tag","embeddable":true,"href":"http:\/\/www.tvturk.com\/index.php\/wp-json\/wp\/v2\/tags?post=207771"}],"curies":[{"name":"wp","href":"https:\/\/api.w.org\/{rel}","templated":true}]}}