{"id":207859,"date":"2019-09-26T09:16:36","date_gmt":"2019-09-26T06:16:36","guid":{"rendered":"http:\/\/www.tvturk.com\/index.php\/prof-dr-yasar-hacisalihoglu-unutulan-ihanet-tekrarlanir\/"},"modified":"2019-09-26T09:16:36","modified_gmt":"2019-09-26T06:16:36","slug":"prof-dr-yasar-hacisalihoglu-unutulan-ihanet-tekrarlanir","status":"publish","type":"post","link":"http:\/\/www.tvturk.com\/index.php\/prof-dr-yasar-hacisalihoglu-unutulan-ihanet-tekrarlanir\/","title":{"rendered":"Prof. Dr. Ya\u015far Hac\u0131saliho\u011flu: \u201cUnutulan ihanet tekrarlan\u0131r\u201d"},"content":{"rendered":"<p>Be\u015fikta\u015f \u0130l\u00e7e Milli E\u011fitim M\u00fcd\u00fcrl\u00fc\u011f\u00fc taraf\u0131ndan 15 Temmuz ile ilgili d\u00fczenlenen konferansta konu\u015fan Prof. Dr. Ya\u015far Hac\u0131saliho\u011flu , \u201cUnutmamak gerekir ki, ne ya\u015fad\u0131\u011f\u0131n\u0131 bilen toplumlar i\u00e7in gelecek vard\u0131r. Unutulan ihanet tekrarlan\u0131r\u201d dedi.<\/p>\n<p>Be\u015fikta\u015f \u0130l\u00e7e Milli E\u011fitim M\u00fcd\u00fcrl\u00fc\u011f\u00fc taraf\u0131ndan Yeni Levent Anadolu Lisesi Konferans Salonu\u2019nda \u201c15 Temmuz Hain Darbe Giri\u015fimi\u201d ba\u015fl\u0131kl\u0131 konferans d\u00fczenlendi. Be\u015fikta\u015f b\u00f6lgesindeki okullar\u0131n y\u00f6neticilerinin, \u00f6\u011fretmenlerin ve \u00f6\u011frencilerin kat\u0131ld\u0131\u011f\u0131 konferansta konu\u015fan \u0130stanbul Yeni Y\u00fczy\u0131l \u00dcniversitesi Rekt\u00f6r\u00fc Prof. Dr. Ya\u015far Hac\u0131saliho\u011flu, 15 Temmuz g\u00fcn\u00fc ya\u015fananlar\u0131, darbe giri\u015fimi ile nelerin planland\u0131\u011f\u0131n\u0131, sonras\u0131nda milli m\u00fccadele ruhu ile nas\u0131l ba\u015far\u0131l\u0131 olundu\u011funu anlatt\u0131.<\/p>\n<p>\u201cT\u00fcrkiye\u2019yi Suriye gibi yapmak istediler\u201d<\/p>\n<p>Konferans \u00f6ncesinde bu tarz 15 Temmuz etkinliklerin hi\u00e7 unutulmadan tekrarlanmas\u0131 gerekti\u011finin alt\u0131n\u0131 \u00e7izen Prof. Dr. Ya\u015far Hac\u0131saliho\u011flu, \u201cGen\u00e7lere 15 Temmuz\u2019un ya\u015fayan bir s\u00fcre\u00e7 oldu\u011funu unutmamalar\u0131n\u0131 ve bir bilin\u00e7 i\u015fi oldu\u011funu s\u00f6yleyece\u011fiz\u201d dedi. Saliho\u011flu ayr\u0131ca kalk\u0131\u015f\u0131lan darbe giri\u015fimi ile ama\u00e7lanan\u0131n T\u00fcrkiye\u2019yi Suriye gibi yapmak oldu\u011funu ifade ederek, \u201cTabii ki de ba\u015far\u0131lamad\u0131, fakat bunun bilinmesi, ya\u015fat\u0131lmas\u0131 ve unutulmamas\u0131 gerekir. Aksi halde unutulan ihanet tekrarlan\u0131r\u201d dedi.<\/p>\n<p>15 Temmuz ruhunun gen\u00e7lere her daim a\u015f\u0131lanmas\u0131 gerekti\u011fini kaydeden Prof. Dr. Ya\u015far Hac\u0131saliho\u011flu konu\u015fmas\u0131n\u0131 \u015f\u00f6yle s\u00fcrd\u00fcrd\u00fc: \u201cUnutmamak gerekir ki ne ya\u015fad\u0131\u011f\u0131n\u0131 bilen toplumlar i\u00e7in gelecek vard\u0131r. 15 Temmuz, asl\u0131nda b\u0131rakt\u0131\u011f\u0131 tortularla bir bilin\u00e7 d\u00fczeyi de saptam\u0131\u015f oldu. 251 \u015fehidimizin, 2194 gazimizin asl\u0131nda geride b\u0131rakt\u0131\u011f\u0131 o birikim, bir istiklal y\u00fcr\u00fcy\u00fc\u015f\u00fcn\u00fcn merhalesiydi. Bug\u00fcn gen\u00e7li\u011fe onlar\u0131 aktarmak istiyoruz. Ne ya\u015fad\u0131\u011f\u0131n\u0131 bilen, \u00e7a\u011f\u0131na tan\u0131kl\u0131k eden, \u00f6z g\u00fcvenini yitirmeyen gen\u00e7lik bu \u00fclkenin umududur. 15 Temmuz geriye d\u00f6n\u00fcp bak\u0131ld\u0131\u011f\u0131nda bu \u00fclkenin ba\u011f\u0131ms\u0131zl\u0131k m\u00fccadelesinin, milli kurtulu\u015f sava\u015f\u0131ndan \u00e7\u0131kan, hi\u00e7bir zaman s\u00f6m\u00fcrge olmam\u0131\u015f bir milletin ecdad\u0131n\u0131n biriktirdiklerinin d\u0131\u015fa vurumuydu. T\u00fcrkiye\u2019nin bir kaosla, i\u015fgalle i\u00e7 birli\u011finin, dirli\u011finin da\u011f\u0131t\u0131lmas\u0131 denendi ama ba\u015far\u0131lamad\u0131. \u0130stiklal ruhu, ba\u011f\u0131ms\u0131zl\u0131k ruhu ya\u015fayarak \u00f6\u011frenilir. Gen\u00e7li\u011fin i\u00e7 b\u00fcnyesinde hep ya\u015fat\u0131lmas\u0131 gereken budur. Bug\u00fcn bakt\u0131\u011f\u0131n\u0131zda d\u00fcnyan\u0131n her k\u0131t\u2019as\u0131 ayn\u0131 oranda ayn\u0131 hamlelerle kar\u015f\u0131la\u015fmamaktad\u0131r. Fakat T\u00fcrkiye\u2019nin yeri itibari ile b\u00fct\u00fcn k\u0131t\u2019alara elinin uzand\u0131\u011f\u0131, hepsinin bir sentezi olan \u00fclke oldu\u011fu i\u00e7in k\u0131ymetlidir. D\u00fcnyan\u0131n b\u00fcy\u00fckl\u00fc\u011f\u00fc i\u00e7erisinde, siyasi hesapla\u015fmalar, \u00e7\u0131kar hesaplar\u0131 ve buna ili\u015fkin b\u00fct\u00fcn projeler dar bir ajanda ve dar bir co\u011frafya i\u00e7inde ger\u00e7ekle\u015fir. Bu co\u011frafyadan y\u00fckselen bir g\u00fc\u00e7, ba\u015fkalar\u0131 i\u00e7in alan daralmas\u0131 anlam\u0131na geliyor. Buradan y\u00fckselen g\u00fc\u00e7, tarihin denklemlerini hareketlendiriyor. Tarihimizde gen\u00e7li\u011fin \u00e7ok \u00f6nemli hamleleri olmu\u015ftur.  Bu y\u00fczden bu ruhu ya\u015fatmak zorunday\u0131z.\u201d<\/p>\n<p>\u201cD\u00fcnyaya bar\u0131\u015f\u0131 getirecek olan \u015fey; kimsenin ba\u015fka kaynaklarda g\u00f6z\u00fcn\u00fcn olmamas\u0131d\u0131r\u201d<\/p>\n<p>D\u00fcnya bar\u0131\u015f\u0131n\u0131n sa\u011flanmas\u0131 i\u00e7in herkesin kendi s\u0131n\u0131rlar\u0131 i\u00e7inde kendi kaynaklar\u0131 ile yetinmesi gerekti\u011fini de vurgulayan Prof. Dr. Ya\u015far Hac\u0131saliho\u011flu, \u201cBak\u0131n Do\u011fu Akdeniz\u2019de bir b\u00fcy\u00fck m\u00fccadelenin i\u00e7indeyiz. Do\u011falgaz\u0131n, petrol\u00fcn kokusunu alan s\u00f6m\u00fcrgeci g\u00fc\u00e7ler oraya \u00fc\u015f\u00fc\u015fm\u00fc\u015f durumdalar. Gelmeyen donanma kalmad\u0131. Oysa biz Do\u011fu Akdeniz \u00fclkesiyiz. En uzun s\u0131n\u0131r bize ait. Adeta denizimiz olmas\u0131n diye u\u011fra\u015f\u0131l\u0131yor. Bunlar\u0131 g\u00f6rmeyecek ve bir bilin\u00e7 a\u015f\u0131lamayacak m\u0131y\u0131z? Bunlar\u0131 gen\u00e7likle yapaca\u011f\u0131z. D\u00fcnyaya bar\u0131\u015f\u0131 sa\u011flayacak olan \u015fey, herkesin kendi s\u0131n\u0131rlar\u0131yla, kaynaklar\u0131yla yetinmesidir. Kimsenin ba\u015fka kaynaklarda g\u00f6z\u00fc olmamal\u0131d\u0131r. S\u00f6m\u00fcrgecili\u011fin yeni versiyonu olan bu nokta en b\u00fcy\u00fck davam\u0131zd\u0131r. Biz b\u00f6yle bir gen\u00e7lik i\u00e7in u\u011fra\u015f\u0131yoruz. Bizim davam\u0131z budur\u201d diye konu\u015ftu.<\/p>\n","protected":false},"excerpt":{"rendered":"<p>BE\u015e\u0130KTA\u015e \u0130L\u00c7E M\u0130LL\u0130 E\u011e\u0130T\u0130M M\u00dcD\u00dcRL\u00dc\u011e\u00dc TARAFINDAN YEN\u0130 LEVENT ANADOLU L\u0130SES\u0130 KONFERANS SALONU\u2019NDA \u201c15 TEMMUZ HA\u0130N DARBE G\u0130R\u0130\u015e\u0130M\u0130\u201d BA\u015eLIKLI KONFERANS D\u00dcZENLEND\u0130.<\/p>\n","protected":false},"author":1,"featured_media":207860,"comment_status":"closed","ping_status":"open","sticky":false,"template":"","format":"standard","meta":{"jetpack_post_was_ever_published":false,"_jetpack_newsletter_access":"","_jetpack_dont_email_post_to_subs":false,"_jetpack_newsletter_tier_id":0,"_jetpack_memberships_contains_paywalled_content":false,"_jetpack_memberships_contains_paid_content":false,"footnotes":"","jetpack_publicize_message":"","jetpack_publicize_feature_enabled":true,"jetpack_social_post_already_shared":true,"jetpack_social_options":{"image_generator_settings":{"template":"highway","default_image_id":0,"font":"","enabled":false},"version":2}},"categories":[1],"tags":[279,39422,14891,2750,52484,21282,1829],"class_list":["post-207859","post","type-post","status-publish","format-standard","has-post-thumbnail","hentry","category-genel","tag-dr","tag-hacisalihoglu","tag-ihanet","tag-prof","tag-tekrarlanir","tag-unutulan","tag-yasar"],"jetpack_publicize_connections":[],"jetpack_featured_media_url":"https:\/\/i0.wp.com\/www.tvturk.com\/wp-content\/uploads\/2019\/09\/prof-dr-yasar-hacisalihoglu-unutulan-ihanet-tekrarlanir_50660b2.jpg?fit=1000%2C666","jetpack_sharing_enabled":true,"jetpack_shortlink":"https:\/\/wp.me\/paKIfm-S4z","_links":{"self":[{"href":"http:\/\/www.tvturk.com\/index.php\/wp-json\/wp\/v2\/posts\/207859","targetHints":{"allow":["GET"]}}],"collection":[{"href":"http:\/\/www.tvturk.com\/index.php\/wp-json\/wp\/v2\/posts"}],"about":[{"href":"http:\/\/www.tvturk.com\/index.php\/wp-json\/wp\/v2\/types\/post"}],"author":[{"embeddable":true,"href":"http:\/\/www.tvturk.com\/index.php\/wp-json\/wp\/v2\/users\/1"}],"replies":[{"embeddable":true,"href":"http:\/\/www.tvturk.com\/index.php\/wp-json\/wp\/v2\/comments?post=207859"}],"version-history":[{"count":0,"href":"http:\/\/www.tvturk.com\/index.php\/wp-json\/wp\/v2\/posts\/207859\/revisions"}],"wp:featuredmedia":[{"embeddable":true,"href":"http:\/\/www.tvturk.com\/index.php\/wp-json\/wp\/v2\/media\/207860"}],"wp:attachment":[{"href":"http:\/\/www.tvturk.com\/index.php\/wp-json\/wp\/v2\/media?parent=207859"}],"wp:term":[{"taxonomy":"category","embeddable":true,"href":"http:\/\/www.tvturk.com\/index.php\/wp-json\/wp\/v2\/categories?post=207859"},{"taxonomy":"post_tag","embeddable":true,"href":"http:\/\/www.tvturk.com\/index.php\/wp-json\/wp\/v2\/tags?post=207859"}],"curies":[{"name":"wp","href":"https:\/\/api.w.org\/{rel}","templated":true}]}}