{"id":207887,"date":"2019-09-26T10:16:38","date_gmt":"2019-09-26T07:16:38","guid":{"rendered":"http:\/\/www.tvturk.com\/index.php\/yasanabilir-ve-temiz-bir-dunya-icin-baskentli-gonulluler-el-ele-verdi\/"},"modified":"2019-09-26T10:16:38","modified_gmt":"2019-09-26T07:16:38","slug":"yasanabilir-ve-temiz-bir-dunya-icin-baskentli-gonulluler-el-ele-verdi","status":"publish","type":"post","link":"http:\/\/www.tvturk.com\/index.php\/yasanabilir-ve-temiz-bir-dunya-icin-baskentli-gonulluler-el-ele-verdi\/","title":{"rendered":"Ya\u015fanabilir ve temiz bir d\u00fcnya i\u00e7in Ba\u015fkentli g\u00f6n\u00fcll\u00fcler el ele verdi"},"content":{"rendered":"<p>Ankara B\u00fcy\u00fck\u015fehir Belediyesi Kent Esteti\u011fi Daire Ba\u015fkanl\u0131\u011f\u0131\u2019n\u0131n katk\u0131lar\u0131yla Se\u011fmenler Park\u0131\u2019nda \u201cD\u00fcnya Temizlik G\u00fcn\u00fc\u201d etkinli\u011fi d\u00fczenlendi.<\/p>\n<p>T\u00fcrkiye\u2019de 72 ilde, d\u00fcnyada ise 169 \u00fclkede e\u015f zamanl\u0131 olarak ger\u00e7ekle\u015ftirilen \u201c21 Eyl\u00fcl D\u00fcnya Temizlik G\u00fcn\u00fc\u201d kapsam\u0131nda Ankara\u2019da da \u00e7evre temizli\u011fi yap\u0131ld\u0131.<\/p>\n<p>G\u00f6n\u00fcll\u00fc gen\u00e7ler \u00e7evreyi temizledi<\/p>\n<p>B\u00fcy\u00fck\u015fehir Belediyesi\u2019nde hayata ge\u00e7irilen \u201cS\u0131f\u0131r At\u0131k\u201d projesine de destek veren g\u00f6n\u00fcll\u00fcler, parka gelen vatanda\u015flar\u0131 da \u00e7evre bilinci hakk\u0131nda bilgilendirdi.<\/p>\n<p>\u201cLet\u2019s do it-Hadi Yapal\u0131m\u201d slogan\u0131yla ilk kez 2008 y\u0131l\u0131nda Estonya\u2019da bir grup taraf\u0131ndan sivil toplum hareketi olarak ba\u015flat\u0131lan ve d\u00fcnya geneline yay\u0131lan temizlik g\u00fcn\u00fc, T\u00fcrkiye\u2019de de b\u00fcy\u00fck bir fark\u0131ndal\u0131k olu\u015fturma etkinli\u011fine d\u00f6n\u00fc\u015ft\u00fc.<\/p>\n<p>STK\u2019lar ve vatanda\u015flar el ele<\/p>\n<p>Temizlik etkinli\u011fine kat\u0131lan Avrupa Birli\u011fi T\u00fcrkiye Delegasyonu Ba\u015fkan\u0131 B\u00fcy\u00fckel\u00e7i Christian Berger, \u201cD\u00fcnyada \u00e7evre kirlili\u011finden dolay\u0131 y\u00fczlerce insan hayat\u0131n\u0131 kaybediyor. \u00c7evreye duyarl\u0131 toplum haline gelmemiz i\u00e7in hep beraber \u00e7al\u0131\u015fmal\u0131y\u0131z\u201d dedi.<\/p>\n<p>D\u00fcnya Temizlik G\u00fcn\u00fc hareketinin \u00f6nemine vurgu yapan Ankara B\u00fcy\u00fck\u015fehir Belediyesi Ba\u015fkan Vekili Berkay G\u00f6k\u00e7\u0131nar da, \u201cBu etkinlik sayesinde \u00e7evrenin ve do\u011fan\u0131n temiz tutulmas\u0131na y\u00f6nelik fark\u0131ndal\u0131k kazand\u0131r\u0131l\u0131yor. D\u00fcnyan\u0131n en \u00f6nemli sorunlar\u0131n\u0131n ba\u015f\u0131nda \u00e7\u00f6p geliyor. Hep birlikte \u00e7\u00f6z\u00fcm \u00fcretelim evimize g\u00f6sterdi\u011fimiz \u00f6zeni \u00e7evre i\u00e7in de g\u00f6sterelim\u201d de\u011ferlendirmesinde bulundu.<\/p>\n<p>7\u2019den 70\u2019e herkesin yo\u011fun kat\u0131l\u0131m g\u00f6sterdi\u011fi temizlik etkinli\u011finde konu\u015fan Ankara B\u00fcy\u00fck\u015fehir Belediyesi Meclis \u00dcyesi Cem \u015eahin ise, \u201cB\u00fcy\u00fck\u015fehir Belediyesi olarak biz de bu kampanyaya destek veriyoruz\u201d dedi.<\/p>\n<p>323 kilogram \u00e7\u00f6p topland\u0131<\/p>\n<p>Se\u011fmenler Park\u0131\u2019nda bir g\u00fcnde cam \u015fi\u015feden plastik ambalaja ve sigara izmaritine kadar \u00e7ok say\u0131da at\u0131\u011f\u0131 toplayan g\u00f6n\u00fcll\u00fcler toplamda; 323 kilogram at\u0131k toplayarak, \u00e7evre temizli\u011fi ger\u00e7ekle\u015ftirdi.<\/p>\n<p>Sivil Ya\u015fam Derne\u011fi (S\u0130YAMDER) g\u00f6n\u00fcll\u00fcs\u00fc Azra Naz Top\u00e7u, \u201cG\u00fcnden g\u00fcne yayg\u0131nla\u015fmas\u0131 i\u00e7in \u00e7evre bilinci olu\u015fturman\u0131n fark\u0131ndal\u0131\u011f\u0131n\u0131 olu\u015fturduk. STK\u2019lar kadar vatanda\u015flardan da kat\u0131l\u0131m olduk\u00e7a fazla. \u015eehir d\u0131\u015f\u0131ndan bile gelenler var. Bu fark\u0131ndal\u0131k giderek artacak\u201d derken, Lise \u00f6\u011frencisi Metehan Selim \u0130pek, \u201cPark\u0131 okulca temizlemek i\u00e7in geldik. Her yerde sigara izmaritleri, Cam \u015fi\u015feler ve plastikler var. Hepsini el birli\u011fiyle toplamaya \u00e7al\u0131\u015f\u0131yoruz. T\u00fcm insanlar\u0131 \u00e7evreyi temiz tutmaya davet ediyorum\u201d s\u00f6zleriyle d\u00fc\u015f\u00fcncelerini payla\u015ft\u0131.<\/p>\n<p>Birbirinden renkli aktiviteler ve e\u011flenceli yar\u0131\u015fmalar\u0131n da yer ald\u0131\u011f\u0131 temizlik etkinli\u011fine kat\u0131lanlardan Sena Y\u00fcksel ise \u015f\u00f6yle konu\u015ftu:<\/p>\n<p>\u201cBiz insanlar bu \u00e7evrede nefes al\u0131yoruz \u00e7evre de bizimle nefes al\u0131yor. Biz ne kadar \u00e7evreyi temiz tutarsak o derece rahat ve huzurlu bir ortamda ya\u015fam\u0131\u015f oluruz. Her yerde \u00e7\u00f6p kutusu var ancak insanlar \u00e7\u00f6plerini \u00e7\u00f6p kutusuna atmak yerine yerlere atmay\u0131 tercih ediyor.\u201d<\/p>\n","protected":false},"excerpt":{"rendered":"<p>ANKARA B\u00dcY\u00dcK\u015eEH\u0130R BELED\u0130YES\u0130 KENT ESTET\u0130\u011e\u0130 DA\u0130RE BA\u015eKANLI\u011eI\u2019NIN KATKILARIYLA SE\u011eMENLER PARKI\u2019NDA \u201cD\u00dcNYA TEM\u0130ZL\u0130K G\u00dcN\u00dc\u201d ETK\u0130NL\u0130\u011e\u0130 D\u00dcZENLEND\u0130.<\/p>\n","protected":false},"author":1,"featured_media":207888,"comment_status":"closed","ping_status":"open","sticky":false,"template":"","format":"standard","meta":{"jetpack_post_was_ever_published":false,"_jetpack_newsletter_access":"","_jetpack_dont_email_post_to_subs":false,"_jetpack_newsletter_tier_id":0,"_jetpack_memberships_contains_paywalled_content":false,"_jetpack_memberships_contains_paid_content":false,"footnotes":"","jetpack_publicize_message":"","jetpack_publicize_feature_enabled":true,"jetpack_social_post_already_shared":true,"jetpack_social_options":{"image_generator_settings":{"template":"highway","default_image_id":0,"font":"","enabled":false},"version":2}},"categories":[1],"tags":[349,3957,28554,125,385,12966,44,386,4145],"class_list":["post-207887","post","type-post","status-publish","format-standard","has-post-thumbnail","hentry","category-genel","tag-dunya","tag-temiz","tag-baskentli","tag-bir","tag-ele","tag-gonulluler","tag-icin","tag-verdi","tag-yasanabilir"],"jetpack_publicize_connections":[],"jetpack_featured_media_url":"https:\/\/i0.wp.com\/www.tvturk.com\/wp-content\/uploads\/2019\/09\/yasanabilir-ve-temiz-bir-dunya-icin-baskentli-gonulluler-el-ele-verdi_3cd30b7.jpg?fit=1000%2C666","jetpack_sharing_enabled":true,"jetpack_shortlink":"https:\/\/wp.me\/paKIfm-S51","_links":{"self":[{"href":"http:\/\/www.tvturk.com\/index.php\/wp-json\/wp\/v2\/posts\/207887","targetHints":{"allow":["GET"]}}],"collection":[{"href":"http:\/\/www.tvturk.com\/index.php\/wp-json\/wp\/v2\/posts"}],"about":[{"href":"http:\/\/www.tvturk.com\/index.php\/wp-json\/wp\/v2\/types\/post"}],"author":[{"embeddable":true,"href":"http:\/\/www.tvturk.com\/index.php\/wp-json\/wp\/v2\/users\/1"}],"replies":[{"embeddable":true,"href":"http:\/\/www.tvturk.com\/index.php\/wp-json\/wp\/v2\/comments?post=207887"}],"version-history":[{"count":0,"href":"http:\/\/www.tvturk.com\/index.php\/wp-json\/wp\/v2\/posts\/207887\/revisions"}],"wp:featuredmedia":[{"embeddable":true,"href":"http:\/\/www.tvturk.com\/index.php\/wp-json\/wp\/v2\/media\/207888"}],"wp:attachment":[{"href":"http:\/\/www.tvturk.com\/index.php\/wp-json\/wp\/v2\/media?parent=207887"}],"wp:term":[{"taxonomy":"category","embeddable":true,"href":"http:\/\/www.tvturk.com\/index.php\/wp-json\/wp\/v2\/categories?post=207887"},{"taxonomy":"post_tag","embeddable":true,"href":"http:\/\/www.tvturk.com\/index.php\/wp-json\/wp\/v2\/tags?post=207887"}],"curies":[{"name":"wp","href":"https:\/\/api.w.org\/{rel}","templated":true}]}}