{"id":207919,"date":"2019-09-26T10:46:30","date_gmt":"2019-09-26T07:46:30","guid":{"rendered":"http:\/\/www.tvturk.com\/index.php\/seralar-icin-sigorta-zamani\/"},"modified":"2019-09-26T10:46:30","modified_gmt":"2019-09-26T07:46:30","slug":"seralar-icin-sigorta-zamani","status":"publish","type":"post","link":"http:\/\/www.tvturk.com\/index.php\/seralar-icin-sigorta-zamani\/","title":{"rendered":"Seralar i\u00e7in sigorta zaman\u0131"},"content":{"rendered":"<p>Tar\u0131m Sigortalar\u0131 Havuzu\u2019ndan (TARS\u0130M) yap\u0131lan a\u00e7\u0131klamada \u00fcreticiler, Tar\u0131m ve Orman Bakanl\u0131\u011f\u0131\u2019n\u0131n \u00d6rt\u00fc Alt\u0131 Kay\u0131t Sistemi\u2019ne (\u00d6KS) kay\u0131t olmalar\u0131 ya da kay\u0131tlar\u0131n\u0131 g\u00fcncellemelerinin ard\u0131ndan yetkili sigorta \u015firketlerinin acenteleri arac\u0131l\u0131\u011f\u0131yla sera sigortalar\u0131n\u0131 yapt\u0131rmalar\u0131 konusunda uyar\u0131ld\u0131.<\/p>\n<p>TARS\u0130M taraf\u0131ndan yap\u0131lan a\u00e7\u0131klamada, iklim krizinin son zamanlarda d\u00fcnya g\u00fcndeminin oldu\u011fu kadar \u00fclkemiz g\u00fcndeminin de ilk s\u0131ralar\u0131nda yer ald\u0131\u011f\u0131 belirtilerek, Birle\u015fmi\u015f Milletler \u0130klim Zirvesi \u00f6ncesinde yay\u0131mlanan raporun endi\u015fe verici oldu\u011funa, k\u00fcresel \u0131s\u0131nma i\u015faretleri ve etkilerinin son 5 y\u0131lda h\u0131zland\u0131\u011f\u0131na dikkat \u00e7ekildi. S\u00f6z konusu etkilerin, a\u00e7\u0131k alan yeti\u015ftiricili\u011fi oldu\u011fu kadar \u00f6rt\u00fc alt\u0131 yeti\u015ftiricili\u011finde de \u00f6nemli kay\u0131plara yol a\u00e7t\u0131\u011f\u0131 vurgulanarak, bu y\u0131l\u0131n ba\u015f\u0131nda Antalya\u2019da meydana gelen, can ve mal kay\u0131plar\u0131na yol a\u00e7an hortum ve f\u0131rt\u0131na facias\u0131n\u0131n unutulmamas\u0131, gerekli \u00f6nlemlerin zaman\u0131nda al\u0131nmas\u0131 ve sigortan\u0131n kesinlikle ihmal edilmemesi gerekti\u011fi bildirildi.<\/p>\n<p>A\u00e7\u0131klamada \u015fu ifadeler yer ald\u0131:<\/p>\n<p>\u201cSera sigortas\u0131 ile standartlara ve projesine uygun olarak tesis edilmi\u015f seralar\u0131n i\u00e7indeki \u00fcr\u00fcnlerle birlikte sera konstr\u00fcksiyonu, \u00f6rt\u00fc malzemesi ve i\u00e7indeki teknik donan\u0131m\u0131, dolu, f\u0131rt\u0131na, hortum, yang\u0131n, heyelan, deprem, ta\u015f\u0131t \u00e7arpmas\u0131, kar ve dolu a\u011f\u0131rl\u0131\u011f\u0131 ile sel ve su bask\u0131n\u0131 nedeniyle meydana gelebilecek kay\u0131p ve zararlara kar\u015f\u0131, eksperler taraf\u0131ndan yap\u0131lan risk de\u011ferlendirmesi sonucuna g\u00f6re teminat alt\u0131na al\u0131nabiliyor. Seralar ve y\u00fcksek t\u00fcnellere ilave olarak, al\u00e7ak t\u00fcnellerin i\u00e7indeki \u00fcr\u00fcnler ve seralarda \u00fcretimi yap\u0131lan saks\u0131l\u0131 s\u00fcs bitkileri de sigortalanabiliyor.<\/p>\n<p>Sigorta i\u00e7in tek \u00f6n ko\u015ful; seralar\u0131n \u00d6rt\u00fc Alt\u0131 Kay\u0131t Sistemi\u2019ne (\u00d6KS\u2019ye) kay\u0131tl\u0131 olmas\u0131 ve kay\u0131tlar\u0131n g\u00fcncel olmas\u0131. Sonras\u0131nda poli\u00e7eler, yetkili sigorta \u015firketlerinin acenteleri arac\u0131l\u0131\u011f\u0131yla, \u00fcreticimizin primine sa\u011flanan y\u00fczde 50 devlet deste\u011fi ile kolayl\u0131kla d\u00fczenlenebiliyor. \u00dcreticilerimize bu a\u015famada tavsiyemiz; bilgilerini acente yetkilisine do\u011fru ve eksiksiz beyan etmeleri, poli\u00e7elerini dikkatlice okumalar\u0131 ve teslim almalar\u0131, sigorta s\u00fcresi, sigorta \u015fartlar\u0131 ile teminat kapsam\u0131 gibi bilgileri edinmeleri olacak&#8221;.<\/p>\n","protected":false},"excerpt":{"rendered":"<p>TARIM S\u0130GORTALARI HAVUZU\u2019NDAN (TARS\u0130M) YAPILAN A\u00c7IKLAMADA \u00dcRET\u0130C\u0130LER, TARIM VE ORMAN BAKANLI\u011eI\u2019NIN \u00d6RT\u00dc ALTI KAYIT S\u0130STEM\u0130\u2019NE (\u00d6KS) KAYIT OLMALARI YA DA KAYITLARINI G\u00dcNCELLEMELER\u0130N\u0130N ARDINDAN YETK\u0130L\u0130 S\u0130GORTA \u015e\u0130RKETLER\u0130N\u0130N ACENTELER\u0130 ARACILI\u011eIYLA SERA S\u0130GORTALARINI YAPTIRMALARI KONUSUNDA UYARILDI.<\/p>\n","protected":false},"author":1,"featured_media":207920,"comment_status":"closed","ping_status":"open","sticky":false,"template":"","format":"standard","meta":{"jetpack_post_was_ever_published":false,"_jetpack_newsletter_access":"","_jetpack_dont_email_post_to_subs":false,"_jetpack_newsletter_tier_id":0,"_jetpack_memberships_contains_paywalled_content":false,"_jetpack_memberships_contains_paid_content":false,"footnotes":"","jetpack_publicize_message":"","jetpack_publicize_feature_enabled":true,"jetpack_social_post_already_shared":true,"jetpack_social_options":{"image_generator_settings":{"template":"highway","default_image_id":0,"font":"","enabled":false},"version":2}},"categories":[19],"tags":[299,44,27357,3950],"class_list":["post-207919","post","type-post","status-publish","format-standard","has-post-thumbnail","hentry","category-ekonomi","tag-sigorta","tag-icin","tag-seralar","tag-zamani"],"jetpack_publicize_connections":[],"jetpack_featured_media_url":"https:\/\/i0.wp.com\/www.tvturk.com\/wp-content\/uploads\/2019\/09\/seralar-icin-sigorta-zamani_a7161e4.jpg?fit=1000%2C517","jetpack_sharing_enabled":true,"jetpack_shortlink":"https:\/\/wp.me\/paKIfm-S5x","_links":{"self":[{"href":"http:\/\/www.tvturk.com\/index.php\/wp-json\/wp\/v2\/posts\/207919","targetHints":{"allow":["GET"]}}],"collection":[{"href":"http:\/\/www.tvturk.com\/index.php\/wp-json\/wp\/v2\/posts"}],"about":[{"href":"http:\/\/www.tvturk.com\/index.php\/wp-json\/wp\/v2\/types\/post"}],"author":[{"embeddable":true,"href":"http:\/\/www.tvturk.com\/index.php\/wp-json\/wp\/v2\/users\/1"}],"replies":[{"embeddable":true,"href":"http:\/\/www.tvturk.com\/index.php\/wp-json\/wp\/v2\/comments?post=207919"}],"version-history":[{"count":0,"href":"http:\/\/www.tvturk.com\/index.php\/wp-json\/wp\/v2\/posts\/207919\/revisions"}],"wp:featuredmedia":[{"embeddable":true,"href":"http:\/\/www.tvturk.com\/index.php\/wp-json\/wp\/v2\/media\/207920"}],"wp:attachment":[{"href":"http:\/\/www.tvturk.com\/index.php\/wp-json\/wp\/v2\/media?parent=207919"}],"wp:term":[{"taxonomy":"category","embeddable":true,"href":"http:\/\/www.tvturk.com\/index.php\/wp-json\/wp\/v2\/categories?post=207919"},{"taxonomy":"post_tag","embeddable":true,"href":"http:\/\/www.tvturk.com\/index.php\/wp-json\/wp\/v2\/tags?post=207919"}],"curies":[{"name":"wp","href":"https:\/\/api.w.org\/{rel}","templated":true}]}}