{"id":20797,"date":"2019-02-11T11:49:47","date_gmt":"2019-02-11T08:49:47","guid":{"rendered":"http:\/\/www.tvturk.com\/index.php\/rizede-catlamalar-nedeniyle-tahliye-edilen-8-katli-binada-inceleme-calismalari-basladi\/"},"modified":"2019-02-11T11:49:50","modified_gmt":"2019-02-11T08:49:50","slug":"rizede-catlamalar-nedeniyle-tahliye-edilen-8-katli-binada-inceleme-calismalari-basladi","status":"publish","type":"post","link":"http:\/\/www.tvturk.com\/index.php\/rizede-catlamalar-nedeniyle-tahliye-edilen-8-katli-binada-inceleme-calismalari-basladi\/","title":{"rendered":"Rize\u2019de \u00e7atlamalar nedeniyle tahliye edilen 8 katl\u0131 binada inceleme \u00e7al\u0131\u015fmalar\u0131 ba\u015flad\u0131"},"content":{"rendered":"<p>R\u0130ZE (\u0130HA) \u2013 Rize\u2019de duvarlar\u0131 \u00e7atlamaya ba\u015flay\u0131nca d\u00fcn tahliye edilen 8 katl\u0131 binada incelemeler ba\u015flad\u0131.<\/p>\n<p>Olay d\u00fcn Rize Merkez Yenik\u00f6y Mahallesi 1 Nolu Cami sokakta meydana geldi. Ak\u015fam saatlerinde 8 katl\u0131 Kent Apartman\u0131\u2019nda ikamet eden Ali Ko\u00e7ali isimli vatanda\u015f\u0131n mutfakta yemek haz\u0131rlad\u0131\u011f\u0131 s\u0131ra bir anda duvar\u0131ndan \u00e7at\u0131rt\u0131 sesi gelmeye ba\u015flad\u0131. Sesleri duyan Ko\u00e7ali duvara bakt\u0131\u011f\u0131nda duvardaki kalebodurlar\u0131n \u015fi\u015fti\u011fi fark etti ve evde bulunan annesini de alarak evi tahliye etti. Ko\u00e7ali, bu s\u0131rada polise ve kom\u015fular\u0131na da haber verdi. Binada bulunan vatanda\u015flar k\u0131sa s\u00fcrede binay\u0131 olas\u0131 bir tehlikeye kar\u015f\u0131 bo\u015falt\u0131rken polis \u00e7evrede g\u00fcvenlik \u00f6nlemi ald\u0131. \u0130lk olarak Rize Belediyesi\u2019nden gelen ekipler binan\u0131n bo\u015falt\u0131ld\u0131\u011f\u0131ndan emin olduktan sonra binan\u0131n elektri\u011fi ve do\u011falgaz\u0131 kesildi. Daha sonra olay yerine gelen AFAD Rize \u0130l M\u00fcd\u00fcr\u00fc \u015eakir Kurk ve beraberindeki Rize \u0130l Emniyet M\u00fcd\u00fcr\u00fc Nurettin G\u00f6kduman binay\u0131 incelerken, bina sakinlerinden de olay an\u0131n\u0131 dinledi. AFAD M\u00fcd\u00fcr\u00fc Kurk, bina sakinlerinin yak\u0131nlar\u0131nda kalmas\u0131n\u0131, yak\u0131n\u0131 olmayanlar\u0131 da AFAD\u2019\u0131n misafirhanelerinde a\u011f\u0131rlayabileceklerini dile getirerek vatanda\u015flar\u0131 binaya girmemeli noktas\u0131nda uyard\u0131.<\/p>\n<p>Sabah\u0131n ilk saatlerinde ise olay yerine gelen Rize Belediyesi ekipleri ise bina da k\u00fc\u00e7\u00fck \u00e7apta bir inceleme yapt\u0131ktan sonra incelemelerin ba\u015flad\u0131\u011f\u0131n\u0131 bina sakinlerine duyurdu. Daha sonra olay yerine Rize \u00c7evre ve \u015eehircilik \u0130l M\u00fcd\u00fcrl\u00fc\u011f\u00fc\u2019ne ba\u011fl\u0131 ekipler gelerek binan\u0131n duvarlar\u0131ndan \u00f6rnek ald\u0131. Binan\u0131n ak\u0131beti i\u00e7in al\u0131nan \u00f6rneklerle laboratuvar ortam\u0131nda yap\u0131lacak incelemenin ard\u0131ndan haz\u0131rlanacak rapor bekleniyor.<div class=\"tiled-gallery type-rectangular tiled-gallery-unresized\" data-original-width=\"500\" data-carousel-extra='null' itemscope itemtype=\"http:\/\/schema.org\/ImageGallery\" > <div class=\"gallery-row\" style=\"width: 500px; height: 429px;\" data-original-width=\"500\" data-original-height=\"429\" > <div class=\"gallery-group images-3\" style=\"width: 213px; height: 429px;\" data-original-width=\"213\" data-original-height=\"429\" > <div class=\"tiled-gallery-item tiled-gallery-item-small\" itemprop=\"associatedMedia\" itemscope itemtype=\"http:\/\/schema.org\/ImageObject\"> <a href=\"http:\/\/www.tvturk.com\/index.php\/rizede-catlamalar-nedeniyle-tahliye-edilen-8-katli-binada-inceleme-calismalari-basladi\/rizede-catlamalar-nedeniyle-tahliye-edilen-8-katli-binada-inceleme-calismalari-basladi-3\/\" border=\"0\" itemprop=\"url\"> <meta itemprop=\"width\" content=\"209\"> <meta itemprop=\"height\" content=\"139\"> <img decoding=\"async\" class=\"\" data-attachment-id=\"20799\" data-orig-file=\"http:\/\/www.tvturk.com\/wp-content\/uploads\/2019\/02\/rizede-catlamalar-nedeniyle-tahliye-edilen-8-katli-binada-inceleme-calismalari-basladi_a7161e4.jpg\" data-orig-size=\"1000,666\" data-comments-opened=\"\" data-image-meta=\"{&quot;aperture&quot;:&quot;0&quot;,&quot;credit&quot;:&quot;IHA&quot;,&quot;camera&quot;:&quot;&quot;,&quot;caption&quot;:&quot;R\\u0130ZE\\u2019DE DUVARLARI \\u00c7ATLAMAYA BA\\u015eLAYINCA TAHL\\u0130YE ED\\u0130LEN B\\u0130NADA \\u0130NCELEMELER BA\\u015eLADI (HASAN FEHM\\u0130 DEM\\u0130R\\\/R\\u0130ZE-\\u0130HA)&quot;,&quot;created_timestamp&quot;:&quot;0&quot;,&quot;copyright&quot;:&quot;\\u0130HLAS HABER AJANSI, www.iha.com.tr&quot;,&quot;focal_length&quot;:&quot;0&quot;,&quot;iso&quot;:&quot;0&quot;,&quot;shutter_speed&quot;:&quot;0&quot;,&quot;title&quot;:&quot;R\\u0130ZE\\u2019DE \\u00c7ATLAMALAR NEDEN\\u0130YLE TAHL\\u0130YE ED\\u0130LEN 8 KATLI B\\u0130NADA \\u0130NCELEME \\u00c7ALI\\u015eMALARI BA\\u015eLADI&quot;,&quot;orientation&quot;:&quot;0&quot;}\" data-image-title=\"Rize\u2019de \u00e7atlamalar nedeniyle tahliye edilen 8 katl\u0131 binada inceleme \u00e7al\u0131\u015fmalar\u0131 ba\u015flad\u0131\" data-image-description=\"&lt;p&gt;Rize\u2019de \u00e7atlamalar nedeniyle tahliye edilen 8 katl\u0131 binada inceleme \u00e7al\u0131\u015fmalar\u0131 ba\u015flad\u0131&lt;\/p&gt; \" data-medium-file=\"https:\/\/i0.wp.com\/www.tvturk.com\/wp-content\/uploads\/2019\/02\/rizede-catlamalar-nedeniyle-tahliye-edilen-8-katli-binada-inceleme-calismalari-basladi_a7161e4.jpg?fit=300%2C200\" data-large-file=\"https:\/\/i0.wp.com\/www.tvturk.com\/wp-content\/uploads\/2019\/02\/rizede-catlamalar-nedeniyle-tahliye-edilen-8-katli-binada-inceleme-calismalari-basladi_a7161e4.jpg?fit=1000%2C666\" src=\"https:\/\/i0.wp.com\/www.tvturk.com\/wp-content\/uploads\/2019\/02\/rizede-catlamalar-nedeniyle-tahliye-edilen-8-katli-binada-inceleme-calismalari-basladi_a7161e4.jpg?w=209&#038;h=139\" srcset=\"https:\/\/i0.wp.com\/www.tvturk.com\/wp-content\/uploads\/2019\/02\/rizede-catlamalar-nedeniyle-tahliye-edilen-8-katli-binada-inceleme-calismalari-basladi_a7161e4.jpg?w=1000 1000w, https:\/\/i0.wp.com\/www.tvturk.com\/wp-content\/uploads\/2019\/02\/rizede-catlamalar-nedeniyle-tahliye-edilen-8-katli-binada-inceleme-calismalari-basladi_a7161e4.jpg?resize=150%2C100 150w, https:\/\/i0.wp.com\/www.tvturk.com\/wp-content\/uploads\/2019\/02\/rizede-catlamalar-nedeniyle-tahliye-edilen-8-katli-binada-inceleme-calismalari-basladi_a7161e4.jpg?resize=300%2C200 300w, https:\/\/i0.wp.com\/www.tvturk.com\/wp-content\/uploads\/2019\/02\/rizede-catlamalar-nedeniyle-tahliye-edilen-8-katli-binada-inceleme-calismalari-basladi_a7161e4.jpg?resize=768%2C511 768w, https:\/\/i0.wp.com\/www.tvturk.com\/wp-content\/uploads\/2019\/02\/rizede-catlamalar-nedeniyle-tahliye-edilen-8-katli-binada-inceleme-calismalari-basladi_a7161e4.jpg?resize=170%2C113 170w, https:\/\/i0.wp.com\/www.tvturk.com\/wp-content\/uploads\/2019\/02\/rizede-catlamalar-nedeniyle-tahliye-edilen-8-katli-binada-inceleme-calismalari-basladi_a7161e4.jpg?resize=120%2C80 120w\" width=\"209\" height=\"139\" loading=\"lazy\" data-original-width=\"209\" data-original-height=\"139\" itemprop=\"http:\/\/schema.org\/image\" title=\"Rize\u2019de \u00e7atlamalar nedeniyle tahliye edilen 8 katl\u0131 binada inceleme \u00e7al\u0131\u015fmalar\u0131 ba\u015flad\u0131\" alt=\"Rize\u2019de \u00e7atlamalar nedeniyle tahliye edilen 8 katl\u0131 binada inceleme \u00e7al\u0131\u015fmalar\u0131 ba\u015flad\u0131\" style=\"width: 209px; height: 139px;\" \/> <\/a> <\/div> <div class=\"tiled-gallery-item tiled-gallery-item-small\" itemprop=\"associatedMedia\" itemscope itemtype=\"http:\/\/schema.org\/ImageObject\"> <a href=\"http:\/\/www.tvturk.com\/index.php\/rizede-catlamalar-nedeniyle-tahliye-edilen-8-katli-binada-inceleme-calismalari-basladi\/rizede-catlamalar-nedeniyle-tahliye-edilen-8-katli-binada-inceleme-calismalari-basladi-4\/\" border=\"0\" itemprop=\"url\"> <meta itemprop=\"width\" content=\"209\"> <meta itemprop=\"height\" content=\"139\"> <img decoding=\"async\" class=\"\" data-attachment-id=\"20800\" data-orig-file=\"http:\/\/www.tvturk.com\/wp-content\/uploads\/2019\/02\/rizede-catlamalar-nedeniyle-tahliye-edilen-8-katli-binada-inceleme-calismalari-basladi_f983524.jpg\" data-orig-size=\"1000,666\" data-comments-opened=\"\" data-image-meta=\"{&quot;aperture&quot;:&quot;0&quot;,&quot;credit&quot;:&quot;IHA&quot;,&quot;camera&quot;:&quot;&quot;,&quot;caption&quot;:&quot;R\\u0130ZE\\u2019DE DUVARLARI \\u00c7ATLAMAYA BA\\u015eLAYINCA TAHL\\u0130YE ED\\u0130LEN B\\u0130NADA \\u0130NCELEMELER BA\\u015eLADI (HASAN FEHM\\u0130 DEM\\u0130R\\\/R\\u0130ZE-\\u0130HA)&quot;,&quot;created_timestamp&quot;:&quot;0&quot;,&quot;copyright&quot;:&quot;\\u0130HLAS HABER AJANSI, www.iha.com.tr&quot;,&quot;focal_length&quot;:&quot;0&quot;,&quot;iso&quot;:&quot;0&quot;,&quot;shutter_speed&quot;:&quot;0&quot;,&quot;title&quot;:&quot;R\\u0130ZE\\u2019DE \\u00c7ATLAMALAR NEDEN\\u0130YLE TAHL\\u0130YE ED\\u0130LEN 8 KATLI B\\u0130NADA \\u0130NCELEME \\u00c7ALI\\u015eMALARI BA\\u015eLADI&quot;,&quot;orientation&quot;:&quot;0&quot;}\" data-image-title=\"Rize\u2019de \u00e7atlamalar nedeniyle tahliye edilen 8 katl\u0131 binada inceleme \u00e7al\u0131\u015fmalar\u0131 ba\u015flad\u0131\" data-image-description=\"&lt;p&gt;Rize\u2019de \u00e7atlamalar nedeniyle tahliye edilen 8 katl\u0131 binada inceleme \u00e7al\u0131\u015fmalar\u0131 ba\u015flad\u0131&lt;\/p&gt; \" data-medium-file=\"https:\/\/i0.wp.com\/www.tvturk.com\/wp-content\/uploads\/2019\/02\/rizede-catlamalar-nedeniyle-tahliye-edilen-8-katli-binada-inceleme-calismalari-basladi_f983524.jpg?fit=300%2C200\" data-large-file=\"https:\/\/i0.wp.com\/www.tvturk.com\/wp-content\/uploads\/2019\/02\/rizede-catlamalar-nedeniyle-tahliye-edilen-8-katli-binada-inceleme-calismalari-basladi_f983524.jpg?fit=1000%2C666\" src=\"https:\/\/i0.wp.com\/www.tvturk.com\/wp-content\/uploads\/2019\/02\/rizede-catlamalar-nedeniyle-tahliye-edilen-8-katli-binada-inceleme-calismalari-basladi_f983524.jpg?w=209&#038;h=139\" srcset=\"https:\/\/i0.wp.com\/www.tvturk.com\/wp-content\/uploads\/2019\/02\/rizede-catlamalar-nedeniyle-tahliye-edilen-8-katli-binada-inceleme-calismalari-basladi_f983524.jpg?w=1000 1000w, https:\/\/i0.wp.com\/www.tvturk.com\/wp-content\/uploads\/2019\/02\/rizede-catlamalar-nedeniyle-tahliye-edilen-8-katli-binada-inceleme-calismalari-basladi_f983524.jpg?resize=150%2C100 150w, https:\/\/i0.wp.com\/www.tvturk.com\/wp-content\/uploads\/2019\/02\/rizede-catlamalar-nedeniyle-tahliye-edilen-8-katli-binada-inceleme-calismalari-basladi_f983524.jpg?resize=300%2C200 300w, https:\/\/i0.wp.com\/www.tvturk.com\/wp-content\/uploads\/2019\/02\/rizede-catlamalar-nedeniyle-tahliye-edilen-8-katli-binada-inceleme-calismalari-basladi_f983524.jpg?resize=768%2C511 768w, https:\/\/i0.wp.com\/www.tvturk.com\/wp-content\/uploads\/2019\/02\/rizede-catlamalar-nedeniyle-tahliye-edilen-8-katli-binada-inceleme-calismalari-basladi_f983524.jpg?resize=170%2C113 170w, https:\/\/i0.wp.com\/www.tvturk.com\/wp-content\/uploads\/2019\/02\/rizede-catlamalar-nedeniyle-tahliye-edilen-8-katli-binada-inceleme-calismalari-basladi_f983524.jpg?resize=120%2C80 120w\" width=\"209\" height=\"139\" loading=\"lazy\" data-original-width=\"209\" data-original-height=\"139\" itemprop=\"http:\/\/schema.org\/image\" title=\"Rize\u2019de \u00e7atlamalar nedeniyle tahliye edilen 8 katl\u0131 binada inceleme \u00e7al\u0131\u015fmalar\u0131 ba\u015flad\u0131\" alt=\"Rize\u2019de \u00e7atlamalar nedeniyle tahliye edilen 8 katl\u0131 binada inceleme \u00e7al\u0131\u015fmalar\u0131 ba\u015flad\u0131\" style=\"width: 209px; height: 139px;\" \/> <\/a> <\/div> <div class=\"tiled-gallery-item tiled-gallery-item-small\" itemprop=\"associatedMedia\" itemscope itemtype=\"http:\/\/schema.org\/ImageObject\"> <a href=\"http:\/\/www.tvturk.com\/index.php\/rizede-catlamalar-nedeniyle-tahliye-edilen-8-katli-binada-inceleme-calismalari-basladi\/rizede-catlamalar-nedeniyle-tahliye-edilen-8-katli-binada-inceleme-calismalari-basladi-5\/\" border=\"0\" itemprop=\"url\"> <meta itemprop=\"width\" content=\"209\"> <meta itemprop=\"height\" content=\"139\"> <img decoding=\"async\" class=\"\" data-attachment-id=\"20801\" data-orig-file=\"http:\/\/www.tvturk.com\/wp-content\/uploads\/2019\/02\/rizede-catlamalar-nedeniyle-tahliye-edilen-8-katli-binada-inceleme-calismalari-basladi_0ca45c0.jpg\" data-orig-size=\"1000,666\" data-comments-opened=\"\" data-image-meta=\"{&quot;aperture&quot;:&quot;0&quot;,&quot;credit&quot;:&quot;IHA&quot;,&quot;camera&quot;:&quot;&quot;,&quot;caption&quot;:&quot;R\\u0130ZE\\u2019DE DUVARLARI \\u00c7ATLAMAYA BA\\u015eLAYINCA TAHL\\u0130YE ED\\u0130LEN B\\u0130NADA \\u0130NCELEMELER BA\\u015eLADI (HASAN FEHM\\u0130 DEM\\u0130R\\\/R\\u0130ZE-\\u0130HA)&quot;,&quot;created_timestamp&quot;:&quot;0&quot;,&quot;copyright&quot;:&quot;\\u0130HLAS HABER AJANSI, www.iha.com.tr&quot;,&quot;focal_length&quot;:&quot;0&quot;,&quot;iso&quot;:&quot;0&quot;,&quot;shutter_speed&quot;:&quot;0&quot;,&quot;title&quot;:&quot;R\\u0130ZE\\u2019DE \\u00c7ATLAMALAR NEDEN\\u0130YLE TAHL\\u0130YE ED\\u0130LEN 8 KATLI B\\u0130NADA \\u0130NCELEME \\u00c7ALI\\u015eMALARI BA\\u015eLADI&quot;,&quot;orientation&quot;:&quot;0&quot;}\" data-image-title=\"Rize\u2019de \u00e7atlamalar nedeniyle tahliye edilen 8 katl\u0131 binada inceleme \u00e7al\u0131\u015fmalar\u0131 ba\u015flad\u0131\" data-image-description=\"&lt;p&gt;Rize\u2019de \u00e7atlamalar nedeniyle tahliye edilen 8 katl\u0131 binada inceleme \u00e7al\u0131\u015fmalar\u0131 ba\u015flad\u0131&lt;\/p&gt; \" data-medium-file=\"https:\/\/i0.wp.com\/www.tvturk.com\/wp-content\/uploads\/2019\/02\/rizede-catlamalar-nedeniyle-tahliye-edilen-8-katli-binada-inceleme-calismalari-basladi_0ca45c0.jpg?fit=300%2C200\" data-large-file=\"https:\/\/i0.wp.com\/www.tvturk.com\/wp-content\/uploads\/2019\/02\/rizede-catlamalar-nedeniyle-tahliye-edilen-8-katli-binada-inceleme-calismalari-basladi_0ca45c0.jpg?fit=1000%2C666\" src=\"https:\/\/i0.wp.com\/www.tvturk.com\/wp-content\/uploads\/2019\/02\/rizede-catlamalar-nedeniyle-tahliye-edilen-8-katli-binada-inceleme-calismalari-basladi_0ca45c0.jpg?w=209&#038;h=139\" srcset=\"https:\/\/i0.wp.com\/www.tvturk.com\/wp-content\/uploads\/2019\/02\/rizede-catlamalar-nedeniyle-tahliye-edilen-8-katli-binada-inceleme-calismalari-basladi_0ca45c0.jpg?w=1000 1000w, https:\/\/i0.wp.com\/www.tvturk.com\/wp-content\/uploads\/2019\/02\/rizede-catlamalar-nedeniyle-tahliye-edilen-8-katli-binada-inceleme-calismalari-basladi_0ca45c0.jpg?resize=150%2C100 150w, https:\/\/i0.wp.com\/www.tvturk.com\/wp-content\/uploads\/2019\/02\/rizede-catlamalar-nedeniyle-tahliye-edilen-8-katli-binada-inceleme-calismalari-basladi_0ca45c0.jpg?resize=300%2C200 300w, https:\/\/i0.wp.com\/www.tvturk.com\/wp-content\/uploads\/2019\/02\/rizede-catlamalar-nedeniyle-tahliye-edilen-8-katli-binada-inceleme-calismalari-basladi_0ca45c0.jpg?resize=768%2C511 768w, https:\/\/i0.wp.com\/www.tvturk.com\/wp-content\/uploads\/2019\/02\/rizede-catlamalar-nedeniyle-tahliye-edilen-8-katli-binada-inceleme-calismalari-basladi_0ca45c0.jpg?resize=170%2C113 170w, https:\/\/i0.wp.com\/www.tvturk.com\/wp-content\/uploads\/2019\/02\/rizede-catlamalar-nedeniyle-tahliye-edilen-8-katli-binada-inceleme-calismalari-basladi_0ca45c0.jpg?resize=120%2C80 120w\" width=\"209\" height=\"139\" loading=\"lazy\" data-original-width=\"209\" data-original-height=\"139\" itemprop=\"http:\/\/schema.org\/image\" title=\"Rize\u2019de \u00e7atlamalar nedeniyle tahliye edilen 8 katl\u0131 binada inceleme \u00e7al\u0131\u015fmalar\u0131 ba\u015flad\u0131\" alt=\"Rize\u2019de \u00e7atlamalar nedeniyle tahliye edilen 8 katl\u0131 binada inceleme \u00e7al\u0131\u015fmalar\u0131 ba\u015flad\u0131\" style=\"width: 209px; height: 139px;\" \/> <\/a> <\/div> <\/div> <!-- close group --> <div class=\"gallery-group images-1\" style=\"width: 287px; height: 429px;\" data-original-width=\"287\" data-original-height=\"429\" > <div class=\"tiled-gallery-item tiled-gallery-item-large\" itemprop=\"associatedMedia\" itemscope itemtype=\"http:\/\/schema.org\/ImageObject\"> <a href=\"http:\/\/www.tvturk.com\/index.php\/rizede-catlamalar-nedeniyle-tahliye-edilen-8-katli-binada-inceleme-calismalari-basladi\/rizede-catlamalar-nedeniyle-tahliye-edilen-8-katli-binada-inceleme-calismalari-basladi-6\/\" border=\"0\" itemprop=\"url\"> <meta itemprop=\"width\" content=\"283\"> <meta itemprop=\"height\" content=\"425\"> <img decoding=\"async\" class=\"\" data-attachment-id=\"20802\" data-orig-file=\"http:\/\/www.tvturk.com\/wp-content\/uploads\/2019\/02\/rizede-catlamalar-nedeniyle-tahliye-edilen-8-katli-binada-inceleme-calismalari-basladi_bce66e4.jpg\" data-orig-size=\"666,1000\" data-comments-opened=\"\" data-image-meta=\"{&quot;aperture&quot;:&quot;0&quot;,&quot;credit&quot;:&quot;IHA&quot;,&quot;camera&quot;:&quot;&quot;,&quot;caption&quot;:&quot;R\\u0130ZE\\u2019DE DUVARLARI \\u00c7ATLAMAYA BA\\u015eLAYINCA TAHL\\u0130YE ED\\u0130LEN B\\u0130NADA \\u0130NCELEMELER BA\\u015eLADI (HASAN FEHM\\u0130 DEM\\u0130R\\\/R\\u0130ZE-\\u0130HA)&quot;,&quot;created_timestamp&quot;:&quot;0&quot;,&quot;copyright&quot;:&quot;\\u0130HLAS HABER AJANSI, www.iha.com.tr&quot;,&quot;focal_length&quot;:&quot;0&quot;,&quot;iso&quot;:&quot;0&quot;,&quot;shutter_speed&quot;:&quot;0&quot;,&quot;title&quot;:&quot;R\\u0130ZE\\u2019DE \\u00c7ATLAMALAR NEDEN\\u0130YLE TAHL\\u0130YE ED\\u0130LEN 8 KATLI B\\u0130NADA \\u0130NCELEME \\u00c7ALI\\u015eMALARI BA\\u015eLADI&quot;,&quot;orientation&quot;:&quot;0&quot;}\" data-image-title=\"Rize\u2019de \u00e7atlamalar nedeniyle tahliye edilen 8 katl\u0131 binada inceleme \u00e7al\u0131\u015fmalar\u0131 ba\u015flad\u0131\" data-image-description=\"&lt;p&gt;Rize\u2019de \u00e7atlamalar nedeniyle tahliye edilen 8 katl\u0131 binada inceleme \u00e7al\u0131\u015fmalar\u0131 ba\u015flad\u0131&lt;\/p&gt; \" data-medium-file=\"https:\/\/i0.wp.com\/www.tvturk.com\/wp-content\/uploads\/2019\/02\/rizede-catlamalar-nedeniyle-tahliye-edilen-8-katli-binada-inceleme-calismalari-basladi_bce66e4.jpg?fit=200%2C300\" data-large-file=\"https:\/\/i0.wp.com\/www.tvturk.com\/wp-content\/uploads\/2019\/02\/rizede-catlamalar-nedeniyle-tahliye-edilen-8-katli-binada-inceleme-calismalari-basladi_bce66e4.jpg?fit=666%2C1000\" src=\"https:\/\/i0.wp.com\/www.tvturk.com\/wp-content\/uploads\/2019\/02\/rizede-catlamalar-nedeniyle-tahliye-edilen-8-katli-binada-inceleme-calismalari-basladi_bce66e4.jpg?w=283&#038;h=425\" srcset=\"https:\/\/i0.wp.com\/www.tvturk.com\/wp-content\/uploads\/2019\/02\/rizede-catlamalar-nedeniyle-tahliye-edilen-8-katli-binada-inceleme-calismalari-basladi_bce66e4.jpg?w=666 666w, https:\/\/i0.wp.com\/www.tvturk.com\/wp-content\/uploads\/2019\/02\/rizede-catlamalar-nedeniyle-tahliye-edilen-8-katli-binada-inceleme-calismalari-basladi_bce66e4.jpg?resize=100%2C150 100w, https:\/\/i0.wp.com\/www.tvturk.com\/wp-content\/uploads\/2019\/02\/rizede-catlamalar-nedeniyle-tahliye-edilen-8-katli-binada-inceleme-calismalari-basladi_bce66e4.jpg?resize=200%2C300 200w\" width=\"283\" height=\"425\" loading=\"lazy\" data-original-width=\"283\" data-original-height=\"425\" itemprop=\"http:\/\/schema.org\/image\" title=\"Rize\u2019de \u00e7atlamalar nedeniyle tahliye edilen 8 katl\u0131 binada inceleme \u00e7al\u0131\u015fmalar\u0131 ba\u015flad\u0131\" alt=\"Rize\u2019de \u00e7atlamalar nedeniyle tahliye edilen 8 katl\u0131 binada inceleme \u00e7al\u0131\u015fmalar\u0131 ba\u015flad\u0131\" style=\"width: 283px; height: 425px;\" \/> <\/a> <\/div> <\/div> <!-- close group --> <\/div> <!-- close row --> <\/div><\/p>\n","protected":false},"excerpt":{"rendered":"<p>R\u0130ZE\u2019DE DUVARLARI \u00c7ATLAMAYA BA\u015eLAYINCA TAHL\u0130YE ED\u0130LEN B\u0130NADA \u0130NCELEMELER BA\u015eLADI<\/p>\n","protected":false},"author":1,"featured_media":20798,"comment_status":"closed","ping_status":"open","sticky":false,"template":"","format":"standard","meta":{"jetpack_post_was_ever_published":false,"_jetpack_newsletter_access":"","_jetpack_dont_email_post_to_subs":false,"_jetpack_newsletter_tier_id":0,"_jetpack_memberships_contains_paywalled_content":false,"_jetpack_memberships_contains_paid_content":false,"footnotes":"","jetpack_publicize_message":"","jetpack_publicize_feature_enabled":true,"jetpack_social_post_already_shared":false,"jetpack_social_options":{"image_generator_settings":{"template":"highway","default_image_id":0,"font":"","enabled":false},"version":2}},"categories":[655],"tags":[55,3598,310,8685,3670,5942,3318,413,2926,153],"class_list":["post-20797","post","type-post","status-publish","format-standard","has-post-thumbnail","hentry","category-son-dakika","tag-basladi","tag-binada","tag-calismalari","tag-catlamalar","tag-edilen","tag-inceleme","tag-katli","tag-nedeniyle","tag-rizede","tag-tahliye"],"jetpack_publicize_connections":[],"jetpack_featured_media_url":"https:\/\/i0.wp.com\/www.tvturk.com\/wp-content\/uploads\/2019\/02\/rizede-catlamalar-nedeniyle-tahliye-edilen-8-katli-binada-inceleme-calismalari-basladi_7c9349c.jpg?fit=1000%2C666","jetpack_sharing_enabled":true,"jetpack_shortlink":"https:\/\/wp.me\/paKIfm-5pr","_links":{"self":[{"href":"http:\/\/www.tvturk.com\/index.php\/wp-json\/wp\/v2\/posts\/20797","targetHints":{"allow":["GET"]}}],"collection":[{"href":"http:\/\/www.tvturk.com\/index.php\/wp-json\/wp\/v2\/posts"}],"about":[{"href":"http:\/\/www.tvturk.com\/index.php\/wp-json\/wp\/v2\/types\/post"}],"author":[{"embeddable":true,"href":"http:\/\/www.tvturk.com\/index.php\/wp-json\/wp\/v2\/users\/1"}],"replies":[{"embeddable":true,"href":"http:\/\/www.tvturk.com\/index.php\/wp-json\/wp\/v2\/comments?post=20797"}],"version-history":[{"count":1,"href":"http:\/\/www.tvturk.com\/index.php\/wp-json\/wp\/v2\/posts\/20797\/revisions"}],"predecessor-version":[{"id":20803,"href":"http:\/\/www.tvturk.com\/index.php\/wp-json\/wp\/v2\/posts\/20797\/revisions\/20803"}],"wp:featuredmedia":[{"embeddable":true,"href":"http:\/\/www.tvturk.com\/index.php\/wp-json\/wp\/v2\/media\/20798"}],"wp:attachment":[{"href":"http:\/\/www.tvturk.com\/index.php\/wp-json\/wp\/v2\/media?parent=20797"}],"wp:term":[{"taxonomy":"category","embeddable":true,"href":"http:\/\/www.tvturk.com\/index.php\/wp-json\/wp\/v2\/categories?post=20797"},{"taxonomy":"post_tag","embeddable":true,"href":"http:\/\/www.tvturk.com\/index.php\/wp-json\/wp\/v2\/tags?post=20797"}],"curies":[{"name":"wp","href":"https:\/\/api.w.org\/{rel}","templated":true}]}}