{"id":207991,"date":"2019-09-26T11:47:04","date_gmt":"2019-09-26T08:47:04","guid":{"rendered":"http:\/\/www.tvturk.com\/index.php\/sol-gozunu-kaybetti-yardim-gelmezse-sag-gozunu-de-kaybedecek\/"},"modified":"2019-09-26T11:47:04","modified_gmt":"2019-09-26T08:47:04","slug":"sol-gozunu-kaybetti-yardim-gelmezse-sag-gozunu-de-kaybedecek","status":"publish","type":"post","link":"http:\/\/www.tvturk.com\/index.php\/sol-gozunu-kaybetti-yardim-gelmezse-sag-gozunu-de-kaybedecek\/","title":{"rendered":"Sol g\u00f6z\u00fcn\u00fc kaybetti, yard\u0131m gelmezse sa\u011f g\u00f6z\u00fcn\u00fc de kaybedecek"},"content":{"rendered":"<p>\u0130zmir\u2019in Torbal\u0131 il\u00e7esinde, 2.5 y\u0131l \u00f6nce ba\u015f a\u011fr\u0131s\u0131 ile hastaneye kald\u0131r\u0131lan 12 ya\u015f\u0131ndaki \u00e7ocuk, rahats\u0131zl\u0131klar\u0131 nedeniyle sol g\u00f6z\u00fcn\u00fc kaybetti. Aile, var\u0131n\u0131 yo\u011funu sat\u0131p \u00e7ocu\u011funun tedavisi \u00fcstlenmeye \u00e7al\u0131\u015f\u0131rken, baba Metin \u0130nal, satacak bir \u015feylerinin kalmad\u0131\u011f\u0131n\u0131, o\u011flunun di\u011fer g\u00f6z\u00fcn\u00fc kaybetmemesi i\u00e7in yetkililerden yard\u0131m istedi.<\/p>\n<p>Torbal\u0131 il\u00e7esi Ahmetli Mahallesi\u2019nde ya\u015fayan 12 ya\u015f\u0131ndaki 7. s\u0131n\u0131f \u00f6\u011frencisi Muhte\u015fem Salih \u0130nal, MS hastal\u0131\u011f\u0131na yakaland\u0131. \u0130ddiaya g\u00f6re, 2.5 y\u0131l \u00f6nce kene \u0131s\u0131rmas\u0131 sonras\u0131nda ba\u015f a\u011fr\u0131s\u0131 \u015fikayeti ile hastaneye giden; ancak sonras\u0131ndaki i\u015flemlerde bir beyin hastal\u0131\u011f\u0131 olan ADEM ve MS \u00f6n tan\u0131s\u0131 konulan talihsiz \u00e7ocuk, rahats\u0131zl\u0131klar nedeniyle sol g\u00f6z\u00fcn\u00fc kaybetti. 12 ya\u015f\u0131ndaki \u00e7ocuk, bu s\u00fcre\u00e7te e\u011fitimini de yar\u0131da b\u0131rakmak zorunda kald\u0131. Beh\u00e7et Uz \u00c7ocuk Hastanesi\u2019nde tedavi g\u00f6ren, \u00f6n\u00fcm\u00fczdeki g\u00fcnlerde ise Ege \u00dcniversitesi T\u0131p Fak\u00fcltesinde tedaviye al\u0131nacak olan talihsiz \u00e7ocu\u011fun ailesi ise yard\u0131m \u00e7a\u011fr\u0131s\u0131 yapt\u0131.<\/p>\n<p>Baba Metin \u0130nal, tedavi masraflar\u0131 i\u00e7in var\u0131n\u0131 yo\u011funu satsa da tahliller ve baz\u0131 ila\u00e7lar\u0131n y\u00fck\u00fc belini b\u00fckt\u00fc. O\u011flunun tedavi masraflar\u0131 nedeniyle \u00e7al\u0131\u015ft\u0131\u011f\u0131 tarlalara da gidemeyen talihsiz baba, tedavinin geri kalan\u0131 ve o\u011flunun di\u011fer g\u00f6z\u00fcnde g\u00f6rme kayb\u0131n\u0131n ya\u015fanmamas\u0131 i\u00e7in \u00e7a\u011fr\u0131 yapt\u0131.<\/p>\n<p>&#8220;L\u00fctfen bana yard\u0131m edin&#8221;<\/p>\n<p>12 ya\u015f\u0131ndaki Muhte\u015fem Salih \u0130nal, &#8220;2.5 y\u0131l \u00f6nce ba\u015f\u0131m\u0131 kene soktu. Sonras\u0131nda ba\u015f a\u011fr\u0131s\u0131 ve bulan\u0131k g\u00f6rmeye ba\u015flad\u0131m. Sol g\u00f6z\u00fcm\u00fc kaybettim. \u015eimdi ise sa\u011f g\u00f6z\u00fcm\u00fcn y\u00fczde 25\u2019lik g\u00f6rme hissini kaybettim. Durumumuz el vermedi\u011fi i\u00e7in tedavim evde devam ediyor. Yetkililerden yard\u0131m bekliyorum. G\u00fcne\u015fi g\u00f6rmek, do\u011fay\u0131 g\u00f6rmek, renkleri ay\u0131rt etmek istiyorum. L\u00fctfen bana yard\u0131m edin\u201d diyerek yetkililere seslendi.<\/p>\n","protected":false},"excerpt":{"rendered":"<p>\u0130ZM\u0130R\u2019\u0130N TORBALI \u0130L\u00c7ES\u0130NDE, 2.5 YIL \u00d6NCE BA\u015e A\u011eRISI \u0130LE HASTANEYE KALDIRILAN 12 YA\u015eINDAK\u0130 \u00c7OCUK, RAHATSIZLARI NEDEN\u0130YLE SOL G\u00d6Z\u00dcN\u00dc KAYBETT\u0130.<\/p>\n","protected":false},"author":1,"featured_media":207992,"comment_status":"closed","ping_status":"open","sticky":false,"template":"","format":"standard","meta":{"jetpack_post_was_ever_published":false,"_jetpack_newsletter_access":"","_jetpack_dont_email_post_to_subs":false,"_jetpack_newsletter_tier_id":0,"_jetpack_memberships_contains_paywalled_content":false,"_jetpack_memberships_contains_paid_content":false,"footnotes":"","jetpack_publicize_message":"","jetpack_publicize_feature_enabled":true,"jetpack_social_post_already_shared":true,"jetpack_social_options":{"image_generator_settings":{"template":"highway","default_image_id":0,"font":"","enabled":false},"version":2}},"categories":[1],"tags":[43275,11759,50514,849,1785,14674,1736],"class_list":["post-207991","post","type-post","status-publish","format-standard","has-post-thumbnail","hentry","category-genel","tag-gelmezse","tag-gozunu","tag-kaybedecek","tag-kaybetti","tag-sag","tag-sol","tag-yardim"],"jetpack_publicize_connections":[],"jetpack_featured_media_url":"https:\/\/i0.wp.com\/www.tvturk.com\/wp-content\/uploads\/2019\/09\/sol-gozunu-kaybetti-yardim-gelmezse-sag-gozunu-de-kaybedecek_34a7f98.jpg?fit=1000%2C666","jetpack_sharing_enabled":true,"jetpack_shortlink":"https:\/\/wp.me\/paKIfm-S6H","_links":{"self":[{"href":"http:\/\/www.tvturk.com\/index.php\/wp-json\/wp\/v2\/posts\/207991","targetHints":{"allow":["GET"]}}],"collection":[{"href":"http:\/\/www.tvturk.com\/index.php\/wp-json\/wp\/v2\/posts"}],"about":[{"href":"http:\/\/www.tvturk.com\/index.php\/wp-json\/wp\/v2\/types\/post"}],"author":[{"embeddable":true,"href":"http:\/\/www.tvturk.com\/index.php\/wp-json\/wp\/v2\/users\/1"}],"replies":[{"embeddable":true,"href":"http:\/\/www.tvturk.com\/index.php\/wp-json\/wp\/v2\/comments?post=207991"}],"version-history":[{"count":0,"href":"http:\/\/www.tvturk.com\/index.php\/wp-json\/wp\/v2\/posts\/207991\/revisions"}],"wp:featuredmedia":[{"embeddable":true,"href":"http:\/\/www.tvturk.com\/index.php\/wp-json\/wp\/v2\/media\/207992"}],"wp:attachment":[{"href":"http:\/\/www.tvturk.com\/index.php\/wp-json\/wp\/v2\/media?parent=207991"}],"wp:term":[{"taxonomy":"category","embeddable":true,"href":"http:\/\/www.tvturk.com\/index.php\/wp-json\/wp\/v2\/categories?post=207991"},{"taxonomy":"post_tag","embeddable":true,"href":"http:\/\/www.tvturk.com\/index.php\/wp-json\/wp\/v2\/tags?post=207991"}],"curies":[{"name":"wp","href":"https:\/\/api.w.org\/{rel}","templated":true}]}}