{"id":208009,"date":"2019-09-26T12:16:25","date_gmt":"2019-09-26T09:16:25","guid":{"rendered":"http:\/\/www.tvturk.com\/index.php\/sri-lankadan-gida-sektorune-yatirim-daveti\/"},"modified":"2019-09-26T12:16:25","modified_gmt":"2019-09-26T09:16:25","slug":"sri-lankadan-gida-sektorune-yatirim-daveti","status":"publish","type":"post","link":"http:\/\/www.tvturk.com\/index.php\/sri-lankadan-gida-sektorune-yatirim-daveti\/","title":{"rendered":"Sri Lanka\u2019dan, g\u0131da sekt\u00f6r\u00fcne yat\u0131r\u0131m daveti"},"content":{"rendered":"<p>Sri Lanka Ankara B\u00fcy\u00fckel\u00e7isi Mohammed Rizvi Hassen, Ankara Ticaret Odas\u0131 (ATO) Y\u00f6netim Kurulu Ba\u015fkan\u0131 G\u00fcrsel Baran\u2019\u0131 makam\u0131nda ziyaret etti. \u0130ki \u00fclke aras\u0131ndaki ticaretin geli\u015ftirilmesine y\u00f6nelik yap\u0131lacak \u00e7al\u0131\u015fmalar\u0131n ele al\u0131nd\u0131\u011f\u0131 ziyarette B\u00fcy\u00fckel\u00e7i Hassen, T\u00fcrkiye\u2019nin Sri Lanka\u2019ya taze sebze ve meyve ihracat\u0131 yapmas\u0131n\u0131 istedi.<\/p>\n<p>ATO Ba\u015fkan\u0131 Baran\u2019\u0131n makam\u0131nda ger\u00e7ekle\u015fen ziyarette B\u00fcy\u00fckel\u00e7i Hassen\u2019e Ticaret M\u00fcste\u015far\u0131 Yoshitha Jayasuriya ve Ticaret Koordinat\u00f6r\u00fc Mehmet Emin Berk e\u015flik etti. T\u00fcrkiye ile Sri Lanka Karma Ekonomik ve Teknik \u0130\u015fbirli\u011fi toplant\u0131s\u0131n\u0131n en son 2016 y\u0131l\u0131nda yap\u0131ld\u0131\u011f\u0131n\u0131 hat\u0131rlatan B\u00fcy\u00fckel\u00e7i Hassen, Tsunami Felaketinden sonra o d\u00f6nem Ba\u015fbakan olan Cumhurba\u015fkan\u0131 Recep Tayyip Erdo\u011fan\u2019\u0131n Sri Lanka\u2019ya ziyaret d\u00fczenledi\u011fini ve orada T\u00fcrk K\u00f6y\u00fc kurulmas\u0131n\u0131n temellerini att\u0131\u011f\u0131n\u0131 anlatt\u0131. B\u00fcy\u00fckel\u00e7i, \u201cT\u00fcrk K\u00f6y\u00fc kuruldu, ama ticari temas olmad\u0131. D\u0131\u015fi\u015fleri Bakan\u0131 d\u00fczeyinde ziyaret oldu ama \u00fclkenizden \u00fclkemize ticari heyet ziyareti olmad\u0131. Biz T\u00fcrkiye ile ticareti geli\u015ftirmek istiyoruz\u201d dedi.<\/p>\n<p>T\u00fcrkiye\u2019nin tar\u0131m \u00fcretiminde ba\u015far\u0131l\u0131 oldu\u011funu ve T\u00fcrkiye\u2019de meyve ve sebzenin \u00e7ok ucuz oldu\u011funu kaydeden B\u00fcy\u00fckel\u00e7i Hassen, \u201cT\u00fcrkiye kiraz ve kay\u0131s\u0131 gibi \u00fcr\u00fcnlerde lider bir \u00fclke. Sri Lanka\u2019da pahal\u0131 ve bulmak zor. \u00d6rne\u011fin kiraz\u0131n 100 gram\u0131 10 dolar. T\u00fcrkiye ile \u00fclkemiz aras\u0131nda direkt u\u00e7u\u015flar da varken, kargo ile bu \u00fcr\u00fcnlerin ihracat\u0131 yap\u0131labilir\u201d dedi.<\/p>\n<p>Sri Lanka\u2019n\u0131n geli\u015fen bir \u00fclke oldu\u011funun alt\u0131n\u0131 \u00e7izen B\u00fcy\u00fckel\u00e7i, halk\u0131n al\u0131m g\u00fcc\u00fcn\u00fcn de y\u00fckseldi\u011fini anlatt\u0131. T\u00fcrk kebab\u0131 ile baklavas\u0131n\u0131 bildiklerini anlatan Hassen, T\u00fcrk yat\u0131r\u0131mc\u0131lar\u0131 g\u0131da konusunda Sri Lanka\u2019ya yat\u0131r\u0131m yapmaya davet etti.<\/p>\n<p>Sri Lanka i\u015f insanlar\u0131n\u0131n ATO\u2019nun 67 komitesinin kapsad\u0131\u011f\u0131 sekt\u00f6rlerle ilgilendi\u011fini kaydeden Hassen, ATO \u00fcyesi i\u015f insanlar\u0131n\u0131n Sri Lanka\u2019dan ticaret orta\u011f\u0131 bulabilece\u011fini s\u00f6yledi.<\/p>\n<p>-Baran: \u201cTicaret varsa mesafenin \u00f6nemi yok\u201d<\/p>\n<p>Ziyarette ATO faaliyetleri ve Ankara hakk\u0131nda B\u00fcy\u00fckel\u00e7i Hassen\u2019e bilgi veren ATO Ba\u015fkan\u0131 Baran, iki \u00fclke aras\u0131ndaki ticaretin geli\u015ftirmek i\u00e7in \u00e7al\u0131\u015fmaya haz\u0131r olduklar\u0131n\u0131 s\u00f6yledi. Sri Lanka ve T\u00fcrkiye aras\u0131ndaki mesafenin uzunlu\u011funun ticareti etkilemeyece\u011finin alt\u0131n\u0131 \u00e7izen Baran, \u201cTicaret varsa mesafenin \u00f6nemi yok\u201d dedi.<\/p>\n","protected":false},"excerpt":{"rendered":"<p>SR\u0130 LANKA ANKARA B\u00dcY\u00dcKEL\u00c7\u0130S\u0130 MOHAMMED R\u0130ZV\u0130 HASSEN, ANKARA T\u0130CARET ODASI (ATO) Y\u00d6NET\u0130M KURULU BA\u015eKANI G\u00dcRSEL BARAN\u2019I MAKAMINDA Z\u0130YARET ETT\u0130. \u0130K\u0130 \u00dcLKE ARASINDAK\u0130 T\u0130CARET\u0130N GEL\u0130\u015eT\u0130R\u0130LMES\u0130NE Y\u00d6NEL\u0130K YAPILACAK \u00c7ALI\u015eMALARIN ELE ALINDI\u011eI Z\u0130YARETTE B\u00dcY\u00dcKEL\u00c7\u0130 HASSEN, T\u00dcRK\u0130YE\u2019N\u0130N SR\u0130 LANKA\u2019YA TAZE SEBZE VE MEYVE \u0130HRACATI YAPMASINI \u0130STED\u0130.<\/p>\n","protected":false},"author":1,"featured_media":208010,"comment_status":"closed","ping_status":"open","sticky":false,"template":"","format":"standard","meta":{"jetpack_post_was_ever_published":false,"_jetpack_newsletter_access":"","_jetpack_dont_email_post_to_subs":false,"_jetpack_newsletter_tier_id":0,"_jetpack_memberships_contains_paywalled_content":false,"_jetpack_memberships_contains_paid_content":false,"footnotes":"","jetpack_publicize_message":"","jetpack_publicize_feature_enabled":true,"jetpack_social_post_already_shared":true,"jetpack_social_options":{"image_generator_settings":{"template":"highway","default_image_id":0,"font":"","enabled":false},"version":2}},"categories":[19],"tags":[13591,507,52516,4996,3538,470],"class_list":["post-208009","post","type-post","status-publish","format-standard","has-post-thumbnail","hentry","category-ekonomi","tag-daveti","tag-gida","tag-lankadan","tag-sektorune","tag-sri","tag-yatirim"],"jetpack_publicize_connections":[],"jetpack_featured_media_url":"https:\/\/i0.wp.com\/www.tvturk.com\/wp-content\/uploads\/2019\/09\/sri-lankadan-gida-sektorune-yatirim-daveti_ca501ee.jpg?fit=1000%2C666","jetpack_sharing_enabled":true,"jetpack_shortlink":"https:\/\/wp.me\/paKIfm-S6Z","_links":{"self":[{"href":"http:\/\/www.tvturk.com\/index.php\/wp-json\/wp\/v2\/posts\/208009","targetHints":{"allow":["GET"]}}],"collection":[{"href":"http:\/\/www.tvturk.com\/index.php\/wp-json\/wp\/v2\/posts"}],"about":[{"href":"http:\/\/www.tvturk.com\/index.php\/wp-json\/wp\/v2\/types\/post"}],"author":[{"embeddable":true,"href":"http:\/\/www.tvturk.com\/index.php\/wp-json\/wp\/v2\/users\/1"}],"replies":[{"embeddable":true,"href":"http:\/\/www.tvturk.com\/index.php\/wp-json\/wp\/v2\/comments?post=208009"}],"version-history":[{"count":0,"href":"http:\/\/www.tvturk.com\/index.php\/wp-json\/wp\/v2\/posts\/208009\/revisions"}],"wp:featuredmedia":[{"embeddable":true,"href":"http:\/\/www.tvturk.com\/index.php\/wp-json\/wp\/v2\/media\/208010"}],"wp:attachment":[{"href":"http:\/\/www.tvturk.com\/index.php\/wp-json\/wp\/v2\/media?parent=208009"}],"wp:term":[{"taxonomy":"category","embeddable":true,"href":"http:\/\/www.tvturk.com\/index.php\/wp-json\/wp\/v2\/categories?post=208009"},{"taxonomy":"post_tag","embeddable":true,"href":"http:\/\/www.tvturk.com\/index.php\/wp-json\/wp\/v2\/tags?post=208009"}],"curies":[{"name":"wp","href":"https:\/\/api.w.org\/{rel}","templated":true}]}}