{"id":208105,"date":"2019-09-26T14:47:00","date_gmt":"2019-09-26T11:47:00","guid":{"rendered":"http:\/\/www.tvturk.com\/index.php\/ali-erbas-ruhu-dogru-dini-bilgi-ile-beslemek-bozulan-dunyanin-dengesini-duzeltmek-icin-onemlidir\/"},"modified":"2019-09-26T14:47:00","modified_gmt":"2019-09-26T11:47:00","slug":"ali-erbas-ruhu-dogru-dini-bilgi-ile-beslemek-bozulan-dunyanin-dengesini-duzeltmek-icin-onemlidir","status":"publish","type":"post","link":"http:\/\/www.tvturk.com\/index.php\/ali-erbas-ruhu-dogru-dini-bilgi-ile-beslemek-bozulan-dunyanin-dengesini-duzeltmek-icin-onemlidir\/","title":{"rendered":"Ali Erba\u015f: \u201cRuhu do\u011fru dini bilgi ile beslemek bozulan d\u00fcnyan\u0131n dengesini d\u00fczeltmek i\u00e7in \u00f6nemlidir\u201d"},"content":{"rendered":"<p>Diyanet \u0130\u015fleri Ba\u015fkan\u0131 Prof. Dr. Ali Erba\u015f,\u201d Ruhu do\u011fru dini bilgi ile beslemek bozulan d\u00fcnyan\u0131n dengesini d\u00fczeltmek i\u00e7in \u00f6nemlidir\u201d dedi.<\/p>\n<p>Diyanet \u0130\u015fleri Ba\u015fkanl\u0131\u011f\u0131 ve T\u00fcrkiye Diyanet Vakf\u0131\u2019n\u0131n d\u00fczenledi\u011fi \u20182019-2020 Akademik Y\u0131l\u0131\u2019 a\u00e7\u0131l\u0131\u015f program\u0131, T\u00fcrkiye Diyanet Vakf\u0131 Konferans Salonunda ger\u00e7ekle\u015ftirildi. Program, \u0130stiklal Mar\u015f\u0131\u2019n\u0131n okunmas\u0131 ve Kur\u2019an-\u0131 Kerim tilavetinin ard\u0131ndan izlenen tan\u0131t\u0131m filmiyle ba\u015flad\u0131. Bir\u00e7ok \u00fclkeden \u00f6\u011frencilerin bulundu\u011fu programda D\u00fcnya ve Avrupa \u015fampiyonu milli g\u00fcre\u015f\u00e7i R\u0131za Kayaalp de kat\u0131ld\u0131. 2019-2020 Akademik Y\u0131l\u0131 a\u00e7\u0131l\u0131\u015f program\u0131nda sanat\u00e7\u0131 Hasan \u00d6zer, kat\u0131l\u0131mc\u0131 \u00f6\u011frencilerle birlikte mini bir konser verdi. A\u00e7\u0131l\u0131\u015f konu\u015fmas\u0131n\u0131 yapan Diyanet \u0130\u015fleri Ba\u015fkan\u0131 Prof. Dr. Ali Erba\u015f, \u201cDiyanet \u0130\u015fleri Ba\u015fkanl\u0131\u011f\u0131 olarak yapm\u0131\u015f oldu\u011fumuz faaliyetlerin en \u00f6nemlisi e\u011fitim faaliyetidir. \u00c7\u00fcnk\u00fc e\u011fitim, ilim irfan demektir\u201d ifadelerini kulland\u0131.<\/p>\n<p>\u201cRuhu do\u011fru dini bilgi ile beslemek bozulan d\u00fcnyan\u0131n dengesini d\u00fczeltmek i\u00e7in \u00f6nemlidir\u201d<\/p>\n<p>Her seviyeden \u00f6\u011frenciye ev sahipli yapt\u0131klar\u0131n\u0131 vurgulayan Diyanet \u0130\u015fleri Ba\u015fkan\u0131 Prof. Dr. Ali Erba\u015f, \u015f\u00f6yle devam etti:<\/p>\n<p>\u201cPeygamber efendimizin \u2018Be\u015fikten mezara kadar ilim \u00f6\u011freniniz\u2019 tavsiyesine uyarak her seviyeden \u00f6\u011frencimize ev sahipli\u011fi yap\u0131yoruz. T\u00fcrkiye Diyanet Vakf\u0131 esas\u0131nda bunun i\u00e7in var. Birinci amac\u0131m\u0131z nitelikli  insan yeti\u015ftirmektir. Hay\u0131r hasanat yapmak, a\u00e7 olan insanlar\u0131 doyurmak \u00e7ok \u00f6nemli. Ruhu do\u011fru dini bilgi ile beslemek bozulan d\u00fcnyan\u0131n dengesini d\u00fczeltmek i\u00e7in \u00f6nemlidir. \u0130slam bunun i\u00e7in gelmi\u015ftir ve denge dinidir. \u0130lk peygamberden son peygambere kadar herkes Allah taraf\u0131ndan d\u00fcnyay\u0131 dengede tutmak i\u00e7in g\u00f6nderilmi\u015ftir. Bug\u00fcn biz de peygamberlerin varisleri olarak dengesi bozulmu\u015f olan d\u00fcnyay\u0131 yeniden dengeye getirmek i\u00e7in \u00e7al\u0131\u015fmal\u0131y\u0131z. Bu d\u00fcnyan\u0131n dengesi nas\u0131l bozuldu? Varl\u0131kta ve darl\u0131kta verilen \u015fey nedir; para, ilim, hikmet, sevgi, payla\u015f\u0131md\u0131r. \u0130nfak sadece bir \u015fey de\u011fildir. \u0130nfak\u2019\u0131n farkl\u0131 yollar\u0131 vard\u0131r. \u0130slam, b\u00f6yle bir d\u00fcnyay\u0131 kurmak i\u00e7in; bilgiyi, ekme\u011fini, varl\u0131\u011f\u0131n\u0131 payla\u015farak d\u00fcnyay\u0131 dengede tutmak i\u00e7in g\u00f6nderilen bir dindir. \u0130nsanl\u0131k i\u00e7in en b\u00fcy\u00fck nimettir. Bunun k\u0131ymetini biliniz. \u00c7\u00fcnk\u00fc o d\u00fcnyada insanlar\u0131n huzur i\u00e7inde ya\u015famas\u0131n\u0131 sa\u011flayan; payla\u015f\u0131m ve infakla yayg\u0131nla\u015ft\u0131rarak ger\u00e7ekle\u015ftirme sistemidir. O a\u00e7\u0131dan \u00fcniversite evrensel bilginin payla\u015f\u0131ld\u0131\u011f\u0131 ve \u00f6\u011fretildi\u011fi yerdir.\u201d<\/p>\n<p>\u201cCelalettin \u00d6kten, \u0130stanbul\u2019dan kalkt\u0131 Ankara\u2019da b\u00fcrokratlar\u0131n kap\u0131s\u0131nda g\u00fcnlerce yatt\u0131\u201d<\/p>\n<p>\u0130mam Hatip Liselerine de\u011finen Ba\u015fkan Ali Erba\u015f, \u201cKarde\u015flerimizin bir k\u0131sm\u0131 \u00fcniversitede bir k\u0131sm\u0131 \u0130mam Hatip Liselerinde. Bu liselerin bizim i\u00e7in \u00e7ok \u00f6nemli bir yeri var. 1951 y\u0131l\u0131nda ilk defa \u0130mam Hatip Lisesi a\u00e7\u0131ld\u0131. A\u00e7\u0131lmas\u0131 i\u00e7in de bir b\u00fcy\u00fc\u011f\u00fcm\u00fcz Celalettin \u00d6kten, \u0130stanbul\u2019dan kalkt\u0131 Ankara\u2019da b\u00fcrokratlar\u0131n kap\u0131s\u0131nda g\u00fcnlerce yatt\u0131. Allah onlardan raz\u0131 olsun. Bu m\u00fccadelede hayatta olanlara da Allah uzun \u00f6m\u00fcrler versin. \u0130slami kavramlarla konu\u015facak olursak \u0130mam Hatip Liseleri, hem m\u00fcspet ilimlerin hem de manevi ilimlerin bir arada okutuldu\u011fu programlardan olu\u015fan bir lisedir\u201d \u015feklinde konu\u015ftu.<\/p>\n<p>\u201cEsas\u0131nda b\u00fct\u00fcn ilimler islami ilimlerdir\u201d diyen Erba\u015f, \u201cAsl\u0131na bakarsan\u0131z b\u00fct\u00fcn ilimler, islami ilimdir. Matemati\u011fin islami ilim olmad\u0131\u011f\u0131n\u0131 s\u00f6yleyemezsiniz. Fizik, Astroloji, Kimya, T\u0131p gibi alanlar\u0131n islami ilimler olmad\u0131\u011f\u0131n\u0131 s\u00f6yleyemezsiniz. Hepsi ile ilgili kuranda ayetler var. B\u00f6yle bir ayr\u0131m\u0131 biz tarihte yapmam\u0131\u015f\u0131z. Tarihte \u00f6yle \u00f6rnekler var ki; hem dini alanlarda uzman olmu\u015f hem de matematikte, dinde alim olmu\u015f insanlar vard\u0131r\u201d ifadelerini kulland\u0131.<\/p>\n<p>\u201cBizim medeniyetimizin \u00f6z\u00fc farkl\u0131 alanlarda \u00f6\u011frenci, ilim adam\u0131 yeti\u015ftirmek\u201d<\/p>\n<p>\u00d6\u011frencilerin farkl\u0131 alanlarda da kendilerini yeti\u015ftirme tavsiyesinde bulunan Erba\u015f, \u201c\u00dcniversitelerin de amac\u0131 budur. Bu zaman zaman \u00f6devlerle olur zaman zaman ders se\u00e7imiyle olur. T\u0131p Fak\u00fcltesinde okuyan, Hukuk Fak\u00fcltesinde okuyan bir \u00f6\u011frenci \u0130lahiyat Fak\u00fcltesinden f\u0131k\u0131h dersini se\u00e7meli bence. Neden? \u00c7\u00fcnk\u00fc islam hukuku bizim bir par\u00e7am\u0131z. M\u00fcsl\u00fcman hukuk fak\u00fcltesinde okuyacak ama islam hukukundan bir haber olacak. Bu do\u011fru de\u011fil. Bizim medeniyetimizin \u00f6z\u00fc farkl\u0131 alanlarda \u00f6\u011frenci, ilim adam\u0131 yeti\u015ftirmek\u201d  dedi.<\/p>\n<p>\u201cCehaleti ortadan kald\u0131rman\u0131n i\u00e7in en b\u00fcy\u00fck yolu bilgidir\u201d<\/p>\n<p>Diyanet \u0130\u015fleri Ba\u015fkan\u0131 Prof. Dr. Ali Erba\u015f, \u201cBilenler ile bilmeyenlerin bir olmad\u0131\u011f\u0131, bilenlerden olu\u015fan bir d\u00fcnya kurmak i\u00e7in buraday\u0131z. Ba\u015fkanl\u0131\u011f\u0131m\u0131z, vakf\u0131m\u0131z, \u00fcniversitelerimiz, \u0130lahiyat Fak\u00fcltelerimiz ve \u0130mam Hatip Liselerimiz burada. \u00c7\u00fcnk\u00fc, cehaleti ortadan kald\u0131rman\u0131n i\u00e7in en b\u00fcy\u00fck yolu bilgidir. Peygamber efendimizin Veda Hutbesinde, \u2018Sizin Allah dininde en makbul\u00fcn\u00fcz renklerinizle de\u011fil, dillerinizle de\u011fil, \u0131rklar\u0131n\u0131zla de\u011fil, takva itibariyle en \u00f6nde olan kimse en \u00fcst\u00fcn olan\u0131n\u0131z o\u2019dur\u2019 diye noktay\u0131 koydu. Bu do\u011frultuda bizim hareket etmemiz gerekiyor\u201d diyerek s\u00f6zlerini sonland\u0131rd\u0131.<\/p>\n<p>Kayaalp: \u201cHem TDV G\u00f6n\u00fcll\u00fcs\u00fc hem milli sporcu olarak sizleri ve \u00fclkemi en iyi \u015fekilde temsil etmeye devam edece\u011fim\u201d<\/p>\n<p>Kazakistan\u2019daki D\u00fcnya G\u00fcre\u015f \u015eampiyonas\u0131\u2019nda, grekoromen stil 130 kiloda alt\u0131n madalya kazanan ve 4\u2019\u00fcnc\u00fc kez d\u00fcnya \u015fampiyonlu\u011funa uzanan  ve T\u00fcrkiye Diyanet Vakf\u0131 G\u00f6n\u00fcll\u00fcs\u00fc olan R\u0131za Kayaalp, \u201cD\u00fcnyan\u0131n bir \u00e7ok \u00fclkesinde bayra\u011f\u0131m\u0131z\u0131 g\u00f6ndere \u00e7ekip \u0130stiklal Mar\u015f\u0131n\u0131 gurula dinlettik. TDV G\u00f6n\u00fcll\u00fcs\u00fc olarak bir \u00e7ok \u00fclkeye hay\u0131rsever vatanda\u015flar\u0131m\u0131z\u0131n yard\u0131mlar\u0131n\u0131 g\u00f6t\u00fcrd\u00fck. Fakat son d\u00f6nemde \u015fampiyonlar\u0131n \u00e7ok olmas\u0131 sebebi ile kat\u0131l\u0131m sa\u011flayamad\u0131m. 2020 Olimpiyatlar\u0131ndan sonra in\u015fallah e\u015fimle birlikte devam etmek istiyorum. Hem TDV G\u00f6n\u00fcll\u00fcs\u00fc hem milli sporcu olarak sizleri ve \u00fclkemi en iyi \u015fekilde temsil etmeye devam edece\u011fim\u201d ifadelerini kulland\u0131.<\/p>\n","protected":false},"excerpt":{"rendered":"<p>D\u0130YANET \u0130\u015eLER\u0130 BA\u015eKANI PROF. DR. AL\u0130 ERBA\u015e,\u201d RUHU DO\u011eRU D\u0130N\u0130 B\u0130LG\u0130 \u0130LE BESLEMEK BOZULAN D\u00dcNYANIN DENGES\u0130N\u0130 D\u00dcZELTMEK \u0130\u00c7\u0130N \u00d6NEML\u0130D\u0130R\u201d DED\u0130.<\/p>\n","protected":false},"author":1,"featured_media":208106,"comment_status":"closed","ping_status":"open","sticky":false,"template":"","format":"standard","meta":{"jetpack_post_was_ever_published":false,"_jetpack_newsletter_access":"","_jetpack_dont_email_post_to_subs":false,"_jetpack_newsletter_tier_id":0,"_jetpack_memberships_contains_paywalled_content":false,"_jetpack_memberships_contains_paid_content":false,"footnotes":"","jetpack_publicize_message":"","jetpack_publicize_feature_enabled":true,"jetpack_social_post_already_shared":true,"jetpack_social_options":{"image_generator_settings":{"template":"highway","default_image_id":0,"font":"","enabled":false},"version":2}},"categories":[1],"tags":[625,1100,6830,478,17237,5143,619,1197,52540,10687,44,192,106,1076],"class_list":["post-208105","post","type-post","status-publish","format-standard","has-post-thumbnail","hentry","category-genel","tag-ali","tag-beslemek","tag-bilgi","tag-bozulan","tag-dengesini","tag-dini","tag-dogru","tag-dunyanin","tag-duzeltmek","tag-erbas","tag-icin","tag-ile","tag-onemlidir","tag-ruhu"],"jetpack_publicize_connections":[],"jetpack_featured_media_url":"https:\/\/i0.wp.com\/www.tvturk.com\/wp-content\/uploads\/2019\/09\/ali-erbas-ruhu-dogru-dini-bilgi-ile-beslemek-bozulan-dunyanin-dengesini-duzeltmek-icin-onemlidir_ebc056e.jpg?fit=1000%2C666","jetpack_sharing_enabled":true,"jetpack_shortlink":"https:\/\/wp.me\/paKIfm-S8x","_links":{"self":[{"href":"http:\/\/www.tvturk.com\/index.php\/wp-json\/wp\/v2\/posts\/208105","targetHints":{"allow":["GET"]}}],"collection":[{"href":"http:\/\/www.tvturk.com\/index.php\/wp-json\/wp\/v2\/posts"}],"about":[{"href":"http:\/\/www.tvturk.com\/index.php\/wp-json\/wp\/v2\/types\/post"}],"author":[{"embeddable":true,"href":"http:\/\/www.tvturk.com\/index.php\/wp-json\/wp\/v2\/users\/1"}],"replies":[{"embeddable":true,"href":"http:\/\/www.tvturk.com\/index.php\/wp-json\/wp\/v2\/comments?post=208105"}],"version-history":[{"count":0,"href":"http:\/\/www.tvturk.com\/index.php\/wp-json\/wp\/v2\/posts\/208105\/revisions"}],"wp:featuredmedia":[{"embeddable":true,"href":"http:\/\/www.tvturk.com\/index.php\/wp-json\/wp\/v2\/media\/208106"}],"wp:attachment":[{"href":"http:\/\/www.tvturk.com\/index.php\/wp-json\/wp\/v2\/media?parent=208105"}],"wp:term":[{"taxonomy":"category","embeddable":true,"href":"http:\/\/www.tvturk.com\/index.php\/wp-json\/wp\/v2\/categories?post=208105"},{"taxonomy":"post_tag","embeddable":true,"href":"http:\/\/www.tvturk.com\/index.php\/wp-json\/wp\/v2\/tags?post=208105"}],"curies":[{"name":"wp","href":"https:\/\/api.w.org\/{rel}","templated":true}]}}