{"id":208130,"date":"2019-09-26T15:33:05","date_gmt":"2019-09-26T12:33:05","guid":{"rendered":"http:\/\/www.tvturk.com\/index.php\/87-dil-bayrami-kutlamasi-ve-uluslararasi-kutadgu-bilig-kurultayi\/"},"modified":"2019-09-26T15:33:05","modified_gmt":"2019-09-26T12:33:05","slug":"87-dil-bayrami-kutlamasi-ve-uluslararasi-kutadgu-bilig-kurultayi","status":"publish","type":"post","link":"http:\/\/www.tvturk.com\/index.php\/87-dil-bayrami-kutlamasi-ve-uluslararasi-kutadgu-bilig-kurultayi\/","title":{"rendered":"87. Dil Bayram\u0131 Kutlamas\u0131 ve Uluslararas\u0131 Kutadgu Bilig Kurultay\u0131"},"content":{"rendered":"<p>Atat\u00fcrk K\u00fclt\u00fcr, Dil ve Tarih Y\u00fcksek Kurumuna ba\u011fl\u0131 T\u00fcrk Dil Kurumu taraf\u0131ndan d\u00fczenlenen Uluslararas\u0131 Kutadgu Bilig Kurultay\u0131\u2019n\u0131n a\u00e7\u0131l\u0131\u015f t\u00f6reni ve 87. Dil Bayram\u0131 kutlamas\u0131 Ba\u015fkent \u00d6\u011fretmenevi\u2019nde ger\u00e7ekle\u015ftirildi.<\/p>\n<p>Kurultay\u0131n a\u00e7\u0131l\u0131\u015f t\u00f6renine T\u00fcrk Tarih Kurumu Ba\u015fkan Yard\u0131mc\u0131s\u0131 Prof. Dr. G\u00fcray K\u0131rp\u0131k, Atat\u00fcrk K\u00fclt\u00fcr Merkezi Ba\u015fkan Vekili Dr. Zeki Eraslan, Uluslararas\u0131 T\u00fcrk Akademisi Ba\u015fkan\u0131 Prof. Dr. Darhan K\u0131d\u0131rali, T\u00dcRKSOY Genel Sekreter Yard\u0131mc\u0131s\u0131 Do\u00e7. Dr. Bilal \u00c7ak\u0131c\u0131, Azerbaycan Milletvekili Prof. Dr. \u0130sa Habibbeyli ile Atat\u00fcrk K\u00fclt\u00fcr, Dil ve Tarih Y\u00fcksek Kurumu Ba\u015fkan Vekili Prof. Dr. Muhammet Hekimo\u011flu da kat\u0131ld\u0131.<\/p>\n<p>Atat\u00fcrk K\u00fclt\u00fcr, Dil ve Tarih Y\u00fcksek Kurumu Ba\u015fkan Vekili Prof. Dr. Muhammet Hekimo\u011flu a\u00e7\u0131l\u0131\u015f t\u00f6reninde yapt\u0131\u011f\u0131 konu\u015fmas\u0131nda, Yusuf Has Hacip ve b\u00fcy\u00fck yap\u0131t\u0131 Kutadgu Bilig\u2019in \u00f6nemine de\u011finerek eserin yol g\u00f6steren bir siyasetname olma \u00f6zelli\u011finin yan\u0131 s\u0131ra her kesime hitap eden bir \u00f6\u011f\u00fct kitab\u0131 oldu\u011fu \u00fczerinde durdu. Prof. Dr. Hekimo\u011flu, Kutadgu Bilig\u2019i g\u00fcn\u00fcm\u00fcz T\u00fcrk\u00e7esine \u00e7eviren merhum Ord. Prof. Dr. Re\u015fit Rahmeti Arat\u2019\u0131 ve ge\u00e7en ay kaybetti\u011fimiz Bakan Yard\u0131mc\u0131s\u0131 merhum Prof. Dr. A. Hal\u00fbk Dursun\u2019u da and\u0131.<\/p>\n<p>T\u00fcrk Dil Kurumu Ba\u015fkan\u0131 Prof. Dr. G\u00fcrer G\u00fclsevin konu\u015fmas\u0131nda, ilki 87 y\u0131l \u00f6nce \u0130stanbul Dolmabah\u00e7e Saray\u0131\u2019nda ger\u00e7ekle\u015ftirilen Dil Bayram\u0131\u2019n\u0131n tarih\u00e7esine de\u011findi. Prof. Dr. G\u00fclsevin, T\u00fcrk Dil Kurumu i\u00e7in belirlenmi\u015f ama\u00e7 ve ilkelerden hareketle Birinci T\u00fcrk Dili Kurultay\u0131\u2019nda dil \u00e7al\u0131\u015fmalar\u0131n\u0131n kapsam, ilke, y\u00f6ntem ve tekniklerinin karara ba\u011fland\u0131\u011f\u0131n\u0131 belirterek bir y\u00f6nergeyle 26 Eyl\u00fcl\u2019\u00fcn Dil Bayram\u0131 olarak kutlanmas\u0131 karar\u0131ndan s\u00f6z etti. Kurumun ama\u00e7lar\u0131 ve \u00e7al\u0131\u015fmalar\u0131 hakk\u0131nda bilgi veren Prof. Dr. G\u00fcrer G\u00fclsevin, 1932\u2019den bu yana T\u00fcrk Dil Kurumunun ayn\u0131 ama\u00e7 ve ilkelerle \u00e7al\u0131\u015fmalar\u0131na devam etti\u011fini belirtti.<\/p>\n<p>A\u00e7\u0131l\u0131\u015f konu\u015fmalar\u0131n\u0131n ard\u0131ndan \u0130rfan G\u00fcrdal\u2019a, Prof. Dr. Zeynep Korkmaz\u2019a ve Ord. Prof. Dr. R. Rahmeti Arat ad\u0131na ailesine \u201cT\u00fcrk Diline Hizmet \u00d6d\u00fcl\u00fc\u201d verildi.<\/p>\n<p>\u00d6d\u00fcl t\u00f6renini \u0130rfan G\u00fcrdal\u2019\u0131n T\u00fcrk Dil Kurumu i\u00e7in haz\u0131rlad\u0131\u011f\u0131 \u201cT\u00fcrk\u00e7enin Tu\u011flar\u0131\u201d adl\u0131 alb\u00fcm\u00fcnden sundu\u011fu m\u00fczik dinletisi takip etti. Prof. Dr. Zeynep Korkmaz\u2019\u0131n a\u00e7\u0131l\u0131\u015f konferans\u0131yla devam eden t\u00f6ren, T\u00dcRKSOY\u2019un haz\u0131rlad\u0131\u011f\u0131 \u201cT\u00fcrk D\u00fcnyas\u0131 Karma Resim Sergisi\u201dyle sona erdi.<\/p>\n<p>Uluslararas\u0131 Kutadgu Bilig Kurultay\u0131 26-28 Eyl\u00fcl 2019 tarihleri aras\u0131nda Ba\u015fkent \u00d6\u011fetmenevi\u2019nde devam edecektir.<\/p>\n","protected":false},"excerpt":{"rendered":"<p>ATAT\u00dcRK K\u00dcLT\u00dcR, D\u0130L VE TAR\u0130H Y\u00dcKSEK KURUMUNA BA\u011eLI T\u00dcRK D\u0130L KURUMU TARAFINDAN D\u00dcZENLENEN ULUSLARARASI KUTADGU B\u0130L\u0130G KURULTAYI\u2019NIN A\u00c7ILI\u015e T\u00d6REN\u0130 VE 87. D\u0130L BAYRAMI KUTLAMASI 26 EYL\u00dcL 2019 TAR\u0130H\u0130NDE BA\u015eKENT \u00d6\u011eRETMENEV\u0130NDE GER\u00c7EKLE\u015eT\u0130R\u0130LD\u0130.<\/p>\n","protected":false},"author":1,"featured_media":208131,"comment_status":"closed","ping_status":"open","sticky":false,"template":"","format":"standard","meta":{"jetpack_post_was_ever_published":false,"_jetpack_newsletter_access":"","_jetpack_dont_email_post_to_subs":false,"_jetpack_newsletter_tier_id":0,"_jetpack_memberships_contains_paywalled_content":false,"_jetpack_memberships_contains_paid_content":false,"footnotes":"","jetpack_publicize_message":"","jetpack_publicize_feature_enabled":true,"jetpack_social_post_already_shared":true,"jetpack_social_options":{"image_generator_settings":{"template":"highway","default_image_id":0,"font":"","enabled":false},"version":2}},"categories":[656],"tags":[4839,18002,6193,16507,6546,2879,16506,3963],"class_list":["post-208130","post","type-post","status-publish","format-standard","has-post-thumbnail","hentry","category-kultur-sanat","tag-uluslararasi","tag-18002","tag-bayrami","tag-bilig","tag-dil","tag-kurultayi","tag-kutadgu","tag-kutlamasi"],"jetpack_publicize_connections":[],"jetpack_featured_media_url":"https:\/\/i0.wp.com\/www.tvturk.com\/wp-content\/uploads\/2019\/09\/87-dil-bayrami-kutlamasi-ve-uluslararasi-kutadgu-bilig-kurultayi_e1afcf9.jpg?fit=1000%2C666","jetpack_sharing_enabled":true,"jetpack_shortlink":"https:\/\/wp.me\/paKIfm-S8W","_links":{"self":[{"href":"http:\/\/www.tvturk.com\/index.php\/wp-json\/wp\/v2\/posts\/208130","targetHints":{"allow":["GET"]}}],"collection":[{"href":"http:\/\/www.tvturk.com\/index.php\/wp-json\/wp\/v2\/posts"}],"about":[{"href":"http:\/\/www.tvturk.com\/index.php\/wp-json\/wp\/v2\/types\/post"}],"author":[{"embeddable":true,"href":"http:\/\/www.tvturk.com\/index.php\/wp-json\/wp\/v2\/users\/1"}],"replies":[{"embeddable":true,"href":"http:\/\/www.tvturk.com\/index.php\/wp-json\/wp\/v2\/comments?post=208130"}],"version-history":[{"count":0,"href":"http:\/\/www.tvturk.com\/index.php\/wp-json\/wp\/v2\/posts\/208130\/revisions"}],"wp:featuredmedia":[{"embeddable":true,"href":"http:\/\/www.tvturk.com\/index.php\/wp-json\/wp\/v2\/media\/208131"}],"wp:attachment":[{"href":"http:\/\/www.tvturk.com\/index.php\/wp-json\/wp\/v2\/media?parent=208130"}],"wp:term":[{"taxonomy":"category","embeddable":true,"href":"http:\/\/www.tvturk.com\/index.php\/wp-json\/wp\/v2\/categories?post=208130"},{"taxonomy":"post_tag","embeddable":true,"href":"http:\/\/www.tvturk.com\/index.php\/wp-json\/wp\/v2\/tags?post=208130"}],"curies":[{"name":"wp","href":"https:\/\/api.w.org\/{rel}","templated":true}]}}