{"id":208191,"date":"2019-09-26T18:31:44","date_gmt":"2019-09-26T15:31:44","guid":{"rendered":"http:\/\/www.tvturk.com\/index.php\/14-milyar-dolarlik-ceyhan-polipropilen-uretim-tesisinin-imzalari-atildi\/"},"modified":"2019-09-26T18:31:44","modified_gmt":"2019-09-26T15:31:44","slug":"14-milyar-dolarlik-ceyhan-polipropilen-uretim-tesisinin-imzalari-atildi","status":"publish","type":"post","link":"http:\/\/www.tvturk.com\/index.php\/14-milyar-dolarlik-ceyhan-polipropilen-uretim-tesisinin-imzalari-atildi\/","title":{"rendered":"1,4 milyar dolarl\u0131k Ceyhan Polipropilen \u00dcretim Tesisi\u2019nin imzalar\u0131 at\u0131ld\u0131"},"content":{"rendered":"<p>Ceyhan Petrokimya End\u00fcstri B\u00f6lgesi\u2019nin ilk yat\u0131r\u0131m\u0131 y\u0131lda 450 bin ton Polipropilen \u00dcretim Tesisi Teknoloji Lisans\u00f6r ve Ortakl\u0131k Anla\u015fmalar\u0131 imza t\u00f6reni ger\u00e7ekle\u015ftirildi. Enerji ve Tabii Kaynaklar Bakan\u0131 Fatih D\u00f6nmez, 1,4 milyar dolarl\u0131k maliyetle 2023 y\u0131l\u0131nda faaliyete ge\u00e7irilecek tesisin petrokimya alan\u0131ndaki cari a\u00e7\u0131\u011f\u0131n kapanmas\u0131nda \u00f6nemli bir end\u00fcstriyel yat\u0131r\u0131m oldu\u011funa dikkat \u00e7ekerek, \u201cY\u0131ll\u0131k 450 bin tonluk \u00fcretim kapasitesiyle petrokimya alan\u0131ndaki d\u0131\u015fa ba\u011f\u0131ml\u0131l\u0131\u011f\u0131m\u0131z\u0131n azalmas\u0131nda \u00f6nemli bir rol oynayacak\u201d \u015feklinde konu\u015ftu.<\/p>\n<p>T\u00fcrkiye\u2019yi petrokimyada global \u00fcretim merkezi olarak konumland\u0131racak, b\u00f6lgenin stratejik konumunu g\u00fc\u00e7lendirecek ve ihracat\u0131n geli\u015ftirilmesi a\u00e7\u0131s\u0131ndan b\u00fcy\u00fck \u00f6nem ta\u015f\u0131yacak \u2018Ceyhan Petrokimya End\u00fcstri B\u00f6lgesi\u2019nde \u00e7al\u0131\u015fmalar ba\u015flad\u0131. Ceyhan Petrokimya End\u00fcstri B\u00f6lgesi\u2019nin ilk yat\u0131r\u0131m\u0131 y\u0131lda 450 bin ton Polipropilen \u00dcretim Tesisi Teknoloji Lisans\u00f6r ve Ortakl\u0131k Anla\u015fmalar\u0131 \u0130mza T\u00f6reni; R\u00f6nesans Holding Ba\u015fkan\u0131 Dr. Erman Il\u0131cak ev sahipli\u011finde, Enerji ve Tabii Kaynaklar Bakan\u0131 Fatih D\u00f6nmez, Cezayir Enerji Bakan\u0131 Mohamed Arkab\u2019\u0131n kat\u0131l\u0131m\u0131yla ger\u00e7ekle\u015ftirildi.<\/p>\n<p>Enerji ve Tabii Kaynaklar Bakan\u0131 Fatih D\u00f6nmez t\u00f6rende yapt\u0131\u011f\u0131 konu\u015fmada, \u201cYenilebilirenerjiden madencili\u011fe n\u00fckleerden yerli k\u00f6m\u00fcre kadar T\u00fcrkiye\u2019nin enerji ba\u011f\u0131ms\u0131zl\u0131\u011f\u0131n\u0131 ilmek ilmek dokuyoruz. 2023 T\u00fcrkiye\u2019nin hikayesi enerji, ekonomik ve teknolojik ba\u011f\u0131ms\u0131zl\u0131kla yaz\u0131lacak. BU alanda g\u00fcc\u00fcm\u00fcz, kabiliyetimiz gelece\u011fe y\u00f6n verecek. \u2018Ba\u011f\u0131ms\u0131z enerji, g\u00fc\u00e7l\u00fc T\u00fcrkiye\u2019 diyerek \u00e7\u0131kt\u0131\u011f\u0131m\u0131z bu yolda b\u00fct\u00fcn ezberleri bozarak T\u00fcrkiye\u2019ye ayak ba\u011f\u0131 olacak meseleleri bir bir \u00e7\u00f6z\u00fcme kavu\u015fturmak i\u00e7in var g\u00fcc\u00fcm\u00fczle \u00e7al\u0131\u015f\u0131yoruz\u201d dedi.<\/p>\n<p>1,4 milyar dolarl\u0131k maliyetle 2023 y\u0131l\u0131nda faaliyete ge\u00e7irilecek tesisin petrokimya alan\u0131ndaki cari a\u00e7\u0131\u011f\u0131n kapanmas\u0131nda \u00f6nemli bir end\u00fcstriyel yat\u0131r\u0131m oldu\u011funa dikkat \u00e7eken Bakan D\u00f6nmez, \u201cY\u0131ll\u0131k 450 bin tonluk \u00fcretim kapasitesiyle petrokimya alan\u0131ndaki d\u0131\u015fa ba\u011f\u0131ml\u0131l\u0131\u011f\u0131m\u0131z\u0131n azalmas\u0131nda \u00f6nemli bir rol oynayacak\u201d \u015feklinde konu\u015ftu.<\/p>\n<p>Ge\u00e7en y\u0131l petrokimya, hammadde ve plastik \u00fcr\u00fcnler sekt\u00f6r\u00fcndeki d\u0131\u015f ticaret a\u00e7\u0131\u011f\u0131n\u0131n yakla\u015f\u0131k 13 milyar dolar seviyesinde ger\u00e7ekle\u015fti\u011fini hat\u0131rlatan D\u00f6nmez, bu d\u00f6nemde en \u00e7ok ithal edilen petrokimya \u00fcr\u00fcnlerinin ba\u015f\u0131nda polipropilenin yer ald\u0131\u011f\u0131n\u0131 kaydetti. T\u00fcrkiye\u2019nin otomotiv ba\u015fta olmak \u00fczere, ambalaj ve etiketleme, tekstil, k\u0131rtasiye, laboratuvar ekipmanlar\u0131, in\u015faat gibi sekt\u00f6rlerin ana hammaddesi olan polipropilen ihtiyac\u0131n\u0131n yakla\u015f\u0131k y\u00fczde 90\u2019\u0131n\u0131n ithalat yoluyla kar\u015f\u0131land\u0131\u011f\u0131n\u0131 vurgulayan Bakan D\u00f6nmez,  y\u00fczde 100 geri d\u00f6n\u00fc\u015ft\u00fcr\u00fclebilen bir \u00fcr\u00fcn olmas\u0131 nedeniyle polipropilenin \u00e7evresel s\u00fcrd\u00fcrebilirlik hedefleriyle uyu\u015fan \u00f6nemli yat\u0131r\u0131m olaca\u011f\u0131n\u0131 belirtti.<\/p>\n<p>\u201cT\u00fcrkiye\u2019nin polipropilen ithalat\u0131n\u0131n 5\u2019te birini \u00fcretecek\u201d<\/p>\n<p>Tesis devreye girdi\u011fi y\u0131l itibariyle T\u00fcrkiye\u2019nin polipropilen ithalat\u0131n\u0131n\u201d 5\u2019te biri \u00fcreterek cari a\u00e7\u0131\u011f\u0131n kapanmas\u0131na da 250 milyon dolarl\u0131k bir katk\u0131da bulunaca\u011f\u0131n\u0131 s\u00f6yledi.<\/p>\n<p>Bakan D\u00f6nmez, tesis \u00fcretiminin b\u00fcy\u00fck bir k\u0131sm\u0131n\u0131n i\u00e7 pazarda kullan\u0131laca\u011f\u0131n\u0131, belli bir k\u0131sm\u0131n\u0131n ise Avrupa\u2019ya ihra\u00e7 edilece\u011fi bilgisini vererek, tesis faaliyete ge\u00e7ti\u011finde kurulacak yan sanayi ve di\u011fer tesislerle b\u00f6lgede nitelikli istihdam sa\u011flanaca\u011f\u0131n\u0131 kaydetti.<\/p>\n<p>\u201cHer t\u00fcrl\u00fc i\u015f birli\u011fine haz\u0131r\u0131z\u201d<\/p>\n<p>D\u00fcnyada son d\u00f6nemde artan belirsizlik ortam\u0131na ra\u011fmen T\u00fcrkiye\u2019nin yat\u0131r\u0131mc\u0131lar i\u00e7in g\u00fcvenli bir liman olmaya devam etti\u011fini belirten D\u00f6nmez, \u201cT\u00fcrkiye enerji piyasas\u0131  sa\u011flam ve dinamik ekonomik altyap\u0131m\u0131z ve g\u00fc\u00e7l\u00fc siyasi istikrar\u0131m\u0131z sayesinde yabanc\u0131 yat\u0131r\u0131mc\u0131lar\u0131n her zaman g\u00f6zdesi oldu. Yat\u0131r\u0131mc\u0131 dostu ve \u00f6ng\u00f6r\u00fclebilir bir enerji piyasas\u0131 ile her zaman serbest piyasa kurallar\u0131 i\u00e7erisinde i\u015fleyen g\u00fc\u00e7l\u00fc ve g\u00fcven veren bir alt yap\u0131 in\u015fa ettik. \u0130nan\u0131yorum ki yat\u0131r\u0131mlar\u0131m\u0131z\u0131n bu g\u00fcveni T\u00fcrkiye enerji piyasas\u0131na girmek veya operasyonel a\u011flar\u0131n\u0131 geni\u015fletmek isteyen di\u011fer yat\u0131r\u0131mc\u0131lar i\u00e7in de \u00f6nemli bir referans kayna\u011f\u0131 olacak. T\u00fcrkiye\u2019de b\u00fcy\u00fcmek, T\u00fcrkiye\u2019den d\u00fcnyaya a\u00e7\u0131lmak isteyen b\u00fct\u00fcn firmalara a\u00e7\u0131\u011f\u0131z. Her t\u00fcrl\u00fc i\u015f birli\u011fine haz\u0131r\u0131z. \u00d6zellikle petrokimya ve rafineri sekt\u00f6r\u00fcnde T\u00fcrkiye  yat\u0131r\u0131mc\u0131lara gerek i\u00e7 Pazar b\u00fcy\u00fckl\u00fc\u011f\u00fc gerekse uygun rekabet uygunlu\u011fu geli\u015fmi\u015f ula\u015f\u0131m a\u011f\u0131, kalifiye i\u015fg\u00fcc\u00fc, hammaddeye kolay eri\u015fim imkan\u0131 gibi pek \u00e7ok avantajl\u0131 cazip f\u0131rsatlar sunuyor\u201d dedi.<\/p>\n<p>\u201cBir y\u0131ll\u0131k rafineri \u00fcretimi 32,7 milyon ton\u201d<\/p>\n<p>Bu y\u0131l\u0131n Temmuz ay\u0131 itibar\u0131yla son bir y\u0131ll\u0131k rafineri \u00fcretiminin toplam 32,7 milyon tona ula\u015ft\u0131\u011f\u0131n\u0131 kaydeden Bakan D\u00f6nmez, \u201cB\u00f6ylece 2,7 milyar dolar katma de\u011fer \u00fcreterek bu kayna\u011f\u0131n \u00fclkemizde kalmas\u0131n\u0131 sa\u011flam\u0131\u015f olduk\u201d dedi.<\/p>\n<p>Il\u0131cak: &#8220;T\u00fcrkiye\u2019nin bir y\u0131ll\u0131k cari a\u00e7\u0131\u011f\u0131n\u0131 250 milyon dolar azaltacak&#8221;<\/p>\n<p>T\u00f6rende konu\u015fan R\u00f6nesans Holding Ba\u015fkan\u0131 Dr. Erman Il\u0131cak, R\u00f6nesans\u2019\u0131n uluslararas\u0131 m\u00fcteahhitlik projelerinin yan\u0131 s\u0131ra petrokimya alan\u0131nda global bir \u00fcretici olmaya haz\u0131rland\u0131klar\u0131n\u0131 ve s\u00fcre\u00e7te T\u00fcrkiye ekonomisinin en fazla d\u0131\u015f ticaret a\u00e7\u0131\u011f\u0131 verdi\u011fi alanlardan birine odakland\u0131klar\u0131n\u0131 a\u00e7\u0131klad\u0131.<\/p>\n<p>Il\u0131cak, yapt\u0131\u011f\u0131 konu\u015fmada, &#8220;T\u00fcrkiye\u2019ye katma de\u011ferli \u00fcretim sa\u011flayacak bir projeye ba\u015fl\u0131yoruz. Son 10 y\u0131ld\u0131r ulusal ve uluslararas\u0131 bir\u00e7ok enerji ve petrokimya \u015firketi i\u00e7in \u00f6nemli end\u00fcstri tesisleri in\u015fa ettik. Y\u0131llar i\u00e7inde bu alanda kazand\u0131\u011f\u0131m\u0131z bilgi ve tecr\u00fcbe birikimini, \u00fclkemizin en b\u00fcy\u00fck d\u0131\u015f ticaret a\u00e7\u0131\u011f\u0131 verdi\u011fi alanlar\u0131n ba\u015f\u0131nda gelen petrokimya sekt\u00f6r\u00fcne yapaca\u011f\u0131m\u0131z yat\u0131r\u0131mda kullanaca\u011f\u0131z&#8221; dedi.<\/p>\n<p>Dr. Erman Il\u0131cak, y\u00fcksek polipropilen ithalat\u0131 ve artan t\u00fcketim talebi nedeniyle R\u00f6nesans Holding\u2019in hedefini, T\u00fcrkiye\u2019nin petrokimya alan\u0131ndaki d\u0131\u015fa ba\u011f\u0131ml\u0131l\u0131\u011f\u0131n\u0131 en aza indirmek ve ihracata odaklanmak olarak belirlediklerini ifade etti ve ekledi: &#8220;Ceyhan Polipropilen \u00dcretim Tesisi, T\u00fcrkiye\u2019nin polipropilen ithalat\u0131n\u0131n be\u015fte birini ikame edecek ve cari a\u00e7\u0131\u011fa 250 milyon dolar pozitif katk\u0131 sa\u011flayacak.&#8221;<\/p>\n<p>Il\u0131cak konu\u015fmas\u0131n\u0131 \u015fu s\u00f6zlerle noktalad\u0131: &#8220;Ayn\u0131 zamanda i\u015fletmesini \u00fcstlendi\u011fimiz Ceyhan Petrokimya End\u00fcstri B\u00f6lgesi\u2019nde 1,4 milyar dolar yat\u0131r\u0131mla hayata ge\u00e7irece\u011fimiz projemizi bir ba\u015flang\u0131\u00e7 olarak g\u00f6r\u00fcyoruz. Alan\u0131nda d\u00fcnya lideri ortaklar\u0131m\u0131zla birlikte b\u00f6lgenin ilk yat\u0131r\u0131mc\u0131s\u0131 olmakla kalmayaca\u011f\u0131z. Avrupa\u2019n\u0131n en b\u00fcy\u00fck ve d\u00fcnyan\u0131n \u00fc\u00e7\u00fcnc\u00fc b\u00fcy\u00fck end\u00fcstriyel b\u00f6lgesinin i\u015fletmecisi olan Hollandal\u0131 Port of Rotterdam ile \u00f6n\u00fcm\u00fczdeki 10 y\u0131l i\u00e7erisinde b\u00f6lgeye yakla\u015f\u0131k 15 milyar dolarl\u0131k yerli ve yabanc\u0131 yat\u0131r\u0131m \u00e7ekmek i\u00e7in \u00e7al\u0131\u015faca\u011f\u0131z. R\u00f6nesans olarak biz de b\u00f6lgedeki petrokimya ve end\u00fcstri yat\u0131r\u0131mlar\u0131m\u0131z\u0131 s\u00fcrd\u00fcrece\u011fiz.&#8221;<\/p>\n<p>450 bin ton kapasiteli tesis 2023 y\u0131l\u0131n\u0131n sonunda tamamlanacak<\/p>\n<p>T\u00fcrkiye halihaz\u0131rda petrokimya hammaddesi ve plastik \u00fcr\u00fcnler alan\u0131nda y\u0131lda 13 milyar dolarl\u0131k d\u0131\u015f ticaret a\u00e7\u0131\u011f\u0131 veriyor. Bu rakam \u00fclkemizin cari a\u00e7\u0131\u011f\u0131n\u0131n y\u00fczde 20\u2019sinden fazlas\u0131na denk geliyor. Petrokimya ithalat\u0131nda polipropilen \u00f6nemli bir paya sahip. Sonatrach ve GS E&amp;C ile ortakla\u015fa in\u015fa edilecek olan Polipropilen \u00dcretim Tesisi\u2019nin, T\u00fcrkiye\u2019nin polipropilen ithalat\u0131n\u0131n be\u015fte birini tek ba\u015f\u0131na kar\u015f\u0131lamas\u0131 bekleniyor. Polipropilen alan\u0131nda halen T\u00fcrkiye\u2019nin toplam \u00fcretiminin 3 kat\u0131n\u0131 tek ba\u015f\u0131na ger\u00e7ekle\u015ftirecek olan 450 bin ton kapasiteli tesisin in\u015faat\u0131n\u0131n 2023 y\u0131l\u0131n\u0131n sonunda tamamlanmas\u0131 hedefleniyor. 1,4 milyar dolarl\u0131k projenin ortaklar\u0131 aras\u0131nda Cezayirli Sonatrach ve G\u00fcney Koreli GS E&amp;C bulunuyor. T\u00fcrkiye\u2019nin cari a\u00e7\u0131\u011f\u0131n\u0131 250 milyon dolar azaltmas\u0131 beklenen projenin teknoloji altyap\u0131s\u0131n\u0131n lisans\u00f6rleri ise ABD k\u00f6kenli UOP Honeywell ve Hollanda k\u00f6kenli LyondellBasell olacak.<\/p>\n","protected":false},"excerpt":{"rendered":"<p>CEYHAN PETROK\u0130MYA END\u00dcSTR\u0130 B\u00d6LGES\u0130\u2019N\u0130N \u0130LK YATIRIMI YILDA 450 B\u0130N TON POL\u0130PROP\u0130LEN \u00dcRET\u0130M TES\u0130S\u0130 TEKNOLOJ\u0130 L\u0130SANS\u00d6R VE ORTAKLIK ANLA\u015eMALARI \u0130MZA T\u00d6REN\u0130 GER\u00c7EKLE\u015eT\u0130R\u0130LD\u0130.<\/p>\n","protected":false},"author":1,"featured_media":208192,"comment_status":"closed","ping_status":"open","sticky":false,"template":"","format":"standard","meta":{"jetpack_post_was_ever_published":false,"_jetpack_newsletter_access":"","_jetpack_dont_email_post_to_subs":false,"_jetpack_newsletter_tier_id":0,"_jetpack_memberships_contains_paywalled_content":false,"_jetpack_memberships_contains_paid_content":false,"footnotes":"","jetpack_publicize_message":"","jetpack_publicize_feature_enabled":true,"jetpack_social_post_already_shared":true,"jetpack_social_options":{"image_generator_settings":{"template":"highway","default_image_id":0,"font":"","enabled":false},"version":2}},"categories":[19],"tags":[1878,6692,3030,5848,2355,15183,2981,52563,1230,2187],"class_list":["post-208191","post","type-post","status-publish","format-standard","has-post-thumbnail","hentry","category-ekonomi","tag-1878","tag-6692","tag-atildi","tag-ceyhan","tag-dolarlik","tag-imzalari","tag-milyar","tag-polipropilen","tag-tesisinin","tag-uretim"],"jetpack_publicize_connections":[],"jetpack_featured_media_url":"https:\/\/i0.wp.com\/www.tvturk.com\/wp-content\/uploads\/2019\/09\/14-milyar-dolarlik-ceyhan-polipropilen-uretim-tesisinin-imzalari-atildi_c76d30b.jpg?fit=1000%2C664","jetpack_sharing_enabled":true,"jetpack_shortlink":"https:\/\/wp.me\/paKIfm-S9V","_links":{"self":[{"href":"http:\/\/www.tvturk.com\/index.php\/wp-json\/wp\/v2\/posts\/208191","targetHints":{"allow":["GET"]}}],"collection":[{"href":"http:\/\/www.tvturk.com\/index.php\/wp-json\/wp\/v2\/posts"}],"about":[{"href":"http:\/\/www.tvturk.com\/index.php\/wp-json\/wp\/v2\/types\/post"}],"author":[{"embeddable":true,"href":"http:\/\/www.tvturk.com\/index.php\/wp-json\/wp\/v2\/users\/1"}],"replies":[{"embeddable":true,"href":"http:\/\/www.tvturk.com\/index.php\/wp-json\/wp\/v2\/comments?post=208191"}],"version-history":[{"count":0,"href":"http:\/\/www.tvturk.com\/index.php\/wp-json\/wp\/v2\/posts\/208191\/revisions"}],"wp:featuredmedia":[{"embeddable":true,"href":"http:\/\/www.tvturk.com\/index.php\/wp-json\/wp\/v2\/media\/208192"}],"wp:attachment":[{"href":"http:\/\/www.tvturk.com\/index.php\/wp-json\/wp\/v2\/media?parent=208191"}],"wp:term":[{"taxonomy":"category","embeddable":true,"href":"http:\/\/www.tvturk.com\/index.php\/wp-json\/wp\/v2\/categories?post=208191"},{"taxonomy":"post_tag","embeddable":true,"href":"http:\/\/www.tvturk.com\/index.php\/wp-json\/wp\/v2\/tags?post=208191"}],"curies":[{"name":"wp","href":"https:\/\/api.w.org\/{rel}","templated":true}]}}