{"id":208199,"date":"2019-09-26T18:46:36","date_gmt":"2019-09-26T15:46:36","guid":{"rendered":"http:\/\/www.tvturk.com\/index.php\/zeytinburnunda-vatandaslar-parklara-akin-etti\/"},"modified":"2019-09-26T18:46:36","modified_gmt":"2019-09-26T15:46:36","slug":"zeytinburnunda-vatandaslar-parklara-akin-etti","status":"publish","type":"post","link":"http:\/\/www.tvturk.com\/index.php\/zeytinburnunda-vatandaslar-parklara-akin-etti\/","title":{"rendered":"Zeytinburnu\u2019nda vatanda\u015flar parklara ak\u0131n etti"},"content":{"rendered":"<p>\u0130stanbul Silivri a\u00e7\u0131klar\u0131nda meydana gelen 5.8 b\u00fcy\u00fckl\u00fc\u011f\u00fcndeki depremin ard\u0131ndan vatanda\u015flar parklara ak\u0131n etti. Vatanda\u015flar\u0131n parklardaki bekleyi\u015fi havadan da g\u00f6r\u00fcnt\u00fclendi.<\/p>\n<p>Silivri a\u00e7\u0131klar\u0131nda 5.8 b\u00fcy\u00fckl\u00fc\u011f\u00fcnde deprem meydana geldi. Depremin ard\u0131ndan vatanda\u015flar soka\u011fa d\u00f6k\u00fcld\u00fc. Evlerine girmek istemeyen vatanda\u015flar parklara ak\u0131n etti. Evi hasar g\u00f6ren baz\u0131 vatanda\u015flar\u0131n da belediye taraf\u0131ndan parka y\u00f6nlendirildi\u011fi \u00f6\u011frenildi. Zeytinburnu\u2019nda vatanda\u015flar\u0131n parklardaki bekleyi\u015fi s\u00fcr\u00fcyor. Vatanda\u015flar\u0131n parklardaki bekleyi\u015fi havadan da g\u00f6r\u00fcnt\u00fclendi.<\/p>\n","protected":false},"excerpt":{"rendered":"<p>\u0130STANBUL S\u0130L\u0130VR\u0130 A\u00c7IKLARINDA MEYDANA GELEN 5.8 B\u00dcY\u00dcKL\u00dc\u011e\u00dcNDEK\u0130 DEPREM\u0130N ARDINDAN VATANDA\u015eLAR PARKLARA AKIN ETT\u0130.<\/p>\n","protected":false},"author":1,"featured_media":208200,"comment_status":"closed","ping_status":"open","sticky":false,"template":"","format":"standard","meta":{"jetpack_post_was_ever_published":false,"_jetpack_newsletter_access":"","_jetpack_dont_email_post_to_subs":false,"_jetpack_newsletter_tier_id":0,"_jetpack_memberships_contains_paywalled_content":false,"_jetpack_memberships_contains_paid_content":false,"footnotes":"","jetpack_publicize_message":"","jetpack_publicize_feature_enabled":true,"jetpack_social_post_already_shared":true,"jetpack_social_options":{"image_generator_settings":{"template":"highway","default_image_id":0,"font":"","enabled":false},"version":2}},"categories":[1],"tags":[328,207,4083,2344,18054],"class_list":["post-208199","post","type-post","status-publish","format-standard","has-post-thumbnail","hentry","category-genel","tag-akin","tag-etti","tag-parklara","tag-vatandaslar","tag-zeytinburnunda"],"jetpack_publicize_connections":[],"jetpack_featured_media_url":"https:\/\/i0.wp.com\/www.tvturk.com\/wp-content\/uploads\/2019\/09\/zeytinburnunda-vatandaslar-parklara-akin-etti_211fd4b.jpg?fit=1000%2C665","jetpack_sharing_enabled":true,"jetpack_shortlink":"https:\/\/wp.me\/paKIfm-Sa3","_links":{"self":[{"href":"http:\/\/www.tvturk.com\/index.php\/wp-json\/wp\/v2\/posts\/208199","targetHints":{"allow":["GET"]}}],"collection":[{"href":"http:\/\/www.tvturk.com\/index.php\/wp-json\/wp\/v2\/posts"}],"about":[{"href":"http:\/\/www.tvturk.com\/index.php\/wp-json\/wp\/v2\/types\/post"}],"author":[{"embeddable":true,"href":"http:\/\/www.tvturk.com\/index.php\/wp-json\/wp\/v2\/users\/1"}],"replies":[{"embeddable":true,"href":"http:\/\/www.tvturk.com\/index.php\/wp-json\/wp\/v2\/comments?post=208199"}],"version-history":[{"count":0,"href":"http:\/\/www.tvturk.com\/index.php\/wp-json\/wp\/v2\/posts\/208199\/revisions"}],"wp:featuredmedia":[{"embeddable":true,"href":"http:\/\/www.tvturk.com\/index.php\/wp-json\/wp\/v2\/media\/208200"}],"wp:attachment":[{"href":"http:\/\/www.tvturk.com\/index.php\/wp-json\/wp\/v2\/media?parent=208199"}],"wp:term":[{"taxonomy":"category","embeddable":true,"href":"http:\/\/www.tvturk.com\/index.php\/wp-json\/wp\/v2\/categories?post=208199"},{"taxonomy":"post_tag","embeddable":true,"href":"http:\/\/www.tvturk.com\/index.php\/wp-json\/wp\/v2\/tags?post=208199"}],"curies":[{"name":"wp","href":"https:\/\/api.w.org\/{rel}","templated":true}]}}