{"id":20835,"date":"2019-02-11T11:53:49","date_gmt":"2019-02-11T08:53:49","guid":{"rendered":"http:\/\/www.tvturk.com\/index.php\/darende-ziraat-odasinda-vedat-kaya-guven-tazeledi\/"},"modified":"2019-02-11T11:53:50","modified_gmt":"2019-02-11T08:53:50","slug":"darende-ziraat-odasinda-vedat-kaya-guven-tazeledi","status":"publish","type":"post","link":"http:\/\/www.tvturk.com\/index.php\/darende-ziraat-odasinda-vedat-kaya-guven-tazeledi\/","title":{"rendered":"Darende Ziraat Odas\u0131nda Vedat Kaya g\u00fcven tazeledi"},"content":{"rendered":"<p>Darende \u0130l\u00e7e Ziraat Odas\u0131nda yap\u0131lan kongrede ba\u015fkanl\u0131\u011fa yeniden Vedat Ali Kaya se\u00e7ildi.<\/p>\n<p>3 aday\u0131n yar\u0131\u015ft\u0131\u011f\u0131 kongrede ipi g\u00f6\u011f\u00fcsleyen Kaya, burada yapt\u0131\u011f\u0131 konu\u015fmada, Darende \u00e7ift\u00e7isinin \u00e7\u0131karlar\u0131n\u0131 g\u00f6zetlemek zorunda olduklar\u0131n\u0131 belirterek, \u201cKaya bizim d\u00f6nemimizde yap\u0131lan sellekt\u00f6r binas\u0131 sizlere hizmet veriyor. Yine bizim d\u00f6nemimizde yap\u0131lan hizmet binam\u0131z sizlere hizmet veriyor.  Tar\u0131m marketimiz sizlere hizmet veriyor.  450 bin TL\u2019yi ge\u00e7kin makinam\u0131z var,  \u00e7ift\u00e7ilerimizin faydas\u0131na olan \u00e7al\u0131\u015fmalar yapt\u0131k. Odam\u0131z\u0131n bir kuru\u015funa tenezz\u00fcl etmedik. Ben Darende \u00e7ift\u00e7isine hizmet etmek ve yeni projeler haz\u0131rlamak i\u00e7in yeniden aday oldum.  Burada \u00fc\u00e7 aday var.  Sizler kimi tercih ederseniz kazanan o olacakt\u0131r ama kim kazan\u0131rsa kazans\u0131n kazanan siz de\u011ferli \u00e7ift\u00e7ilerimiz olmal\u0131d\u0131r\u201d diye konu\u015ftu.<\/p>\n<p>69 delegeden 64\u2019n\u00fcn oy kulland\u0131\u011f\u0131 kongrede Vedat Ali Kaya 29 Halil A\u00e7\u0131kba\u015f 24 Tacattin Sar\u0131bulut 11 oy ald\u0131. Kongrenin sonucunda g\u00fcven tazeleyen Vedat Ali kaya 6. kez ba\u015fkanl\u0131k koltu\u011funa oturdu.<div class=\"tiled-gallery type-rectangular tiled-gallery-unresized\" data-original-width=\"500\" data-carousel-extra='null' itemscope itemtype=\"http:\/\/schema.org\/ImageGallery\" > <div class=\"gallery-row\" style=\"width: 500px; height: 332px;\" data-original-width=\"500\" data-original-height=\"332\" > <div class=\"gallery-group images-1\" style=\"width: 500px; height: 332px;\" data-original-width=\"500\" data-original-height=\"332\" > <div class=\"tiled-gallery-item tiled-gallery-item-large\" itemprop=\"associatedMedia\" itemscope itemtype=\"http:\/\/schema.org\/ImageObject\"> <a href=\"http:\/\/www.tvturk.com\/index.php\/darende-ziraat-odasinda-vedat-kaya-guven-tazeledi\/darende-ziraat-odasinda-vedat-kaya-guven-tazeledi-3\/\" border=\"0\" itemprop=\"url\"> <meta itemprop=\"width\" content=\"496\"> <meta itemprop=\"height\" content=\"328\"> <img decoding=\"async\" class=\"\" data-attachment-id=\"20837\" data-orig-file=\"http:\/\/www.tvturk.com\/wp-content\/uploads\/2019\/02\/darende-ziraat-odasinda-vedat-kaya-guven-tazeledi_4e55c87.jpg\" data-orig-size=\"1000,662\" data-comments-opened=\"\" data-image-meta=\"{&quot;aperture&quot;:&quot;0&quot;,&quot;credit&quot;:&quot;IHA&quot;,&quot;camera&quot;:&quot;&quot;,&quot;caption&quot;:&quot;DARENDE \\u0130L\\u00c7E Z\\u0130RAAT ODASINDA YAPILAN KONGREDE BA\\u015eKANLI\\u011eA YEN\\u0130DEN VEDAT AL\\u0130 KAYA SE\\u00c7\\u0130LD\\u0130. (\\u0130HA\\\/MALATYA-\\u0130HA)&quot;,&quot;created_timestamp&quot;:&quot;0&quot;,&quot;copyright&quot;:&quot;\\u0130HLAS HABER AJANSI, www.iha.com.tr&quot;,&quot;focal_length&quot;:&quot;0&quot;,&quot;iso&quot;:&quot;0&quot;,&quot;shutter_speed&quot;:&quot;0&quot;,&quot;title&quot;:&quot;DARENDE Z\\u0130RAAT ODASINDA VEDAT KAYA G\\u00dcVEN TAZELED\\u0130&quot;,&quot;orientation&quot;:&quot;0&quot;}\" data-image-title=\"Darende Ziraat Odas\u0131nda Vedat Kaya g\u00fcven tazeledi\" data-image-description=\"&lt;p&gt;Darende Ziraat Odas\u0131nda Vedat Kaya g\u00fcven tazeledi&lt;\/p&gt; \" data-medium-file=\"https:\/\/i0.wp.com\/www.tvturk.com\/wp-content\/uploads\/2019\/02\/darende-ziraat-odasinda-vedat-kaya-guven-tazeledi_4e55c87.jpg?fit=300%2C199\" data-large-file=\"https:\/\/i0.wp.com\/www.tvturk.com\/wp-content\/uploads\/2019\/02\/darende-ziraat-odasinda-vedat-kaya-guven-tazeledi_4e55c87.jpg?fit=1000%2C662\" src=\"https:\/\/i0.wp.com\/www.tvturk.com\/wp-content\/uploads\/2019\/02\/darende-ziraat-odasinda-vedat-kaya-guven-tazeledi_4e55c87.jpg?w=496&#038;h=328\" srcset=\"https:\/\/i0.wp.com\/www.tvturk.com\/wp-content\/uploads\/2019\/02\/darende-ziraat-odasinda-vedat-kaya-guven-tazeledi_4e55c87.jpg?w=1000 1000w, https:\/\/i0.wp.com\/www.tvturk.com\/wp-content\/uploads\/2019\/02\/darende-ziraat-odasinda-vedat-kaya-guven-tazeledi_4e55c87.jpg?resize=150%2C99 150w, https:\/\/i0.wp.com\/www.tvturk.com\/wp-content\/uploads\/2019\/02\/darende-ziraat-odasinda-vedat-kaya-guven-tazeledi_4e55c87.jpg?resize=300%2C199 300w, https:\/\/i0.wp.com\/www.tvturk.com\/wp-content\/uploads\/2019\/02\/darende-ziraat-odasinda-vedat-kaya-guven-tazeledi_4e55c87.jpg?resize=768%2C508 768w, https:\/\/i0.wp.com\/www.tvturk.com\/wp-content\/uploads\/2019\/02\/darende-ziraat-odasinda-vedat-kaya-guven-tazeledi_4e55c87.jpg?resize=170%2C113 170w, https:\/\/i0.wp.com\/www.tvturk.com\/wp-content\/uploads\/2019\/02\/darende-ziraat-odasinda-vedat-kaya-guven-tazeledi_4e55c87.jpg?resize=120%2C80 120w\" width=\"496\" height=\"328\" loading=\"lazy\" data-original-width=\"496\" data-original-height=\"328\" itemprop=\"http:\/\/schema.org\/image\" title=\"Darende Ziraat Odas\u0131nda Vedat Kaya g\u00fcven tazeledi\" alt=\"Darende Ziraat Odas\u0131nda Vedat Kaya g\u00fcven tazeledi\" style=\"width: 496px; height: 328px;\" \/> <\/a> <\/div> <\/div> <!-- close group --> <\/div> <!-- close row --> <\/div><\/p>\n","protected":false},"excerpt":{"rendered":"<p>DARENDE \u0130L\u00c7E Z\u0130RAAT ODASINDA YAPILAN KONGREDE BA\u015eKANLI\u011eA YEN\u0130DEN VEDAT AL\u0130 KAYA SE\u00c7\u0130LD\u0130.<\/p>\n","protected":false},"author":1,"featured_media":20836,"comment_status":"closed","ping_status":"open","sticky":false,"template":"","format":"standard","meta":{"jetpack_post_was_ever_published":false,"_jetpack_newsletter_access":"","_jetpack_dont_email_post_to_subs":false,"_jetpack_newsletter_tier_id":0,"_jetpack_memberships_contains_paywalled_content":false,"_jetpack_memberships_contains_paid_content":false,"footnotes":"","jetpack_publicize_message":"","jetpack_publicize_feature_enabled":true,"jetpack_social_post_already_shared":false,"jetpack_social_options":{"image_generator_settings":{"template":"highway","default_image_id":0,"font":"","enabled":false},"version":2}},"categories":[655],"tags":[9062,1707,4064,167,1708,9063,166],"class_list":["post-20835","post","type-post","status-publish","format-standard","has-post-thumbnail","hentry","category-son-dakika","tag-darende","tag-guven","tag-kaya","tag-odasinda","tag-tazeledi","tag-vedat","tag-ziraat"],"jetpack_publicize_connections":[],"jetpack_featured_media_url":"https:\/\/i0.wp.com\/www.tvturk.com\/wp-content\/uploads\/2019\/02\/darende-ziraat-odasinda-vedat-kaya-guven-tazeledi_d5317a3.jpg?fit=1000%2C662","jetpack_sharing_enabled":true,"jetpack_shortlink":"https:\/\/wp.me\/paKIfm-5q3","_links":{"self":[{"href":"http:\/\/www.tvturk.com\/index.php\/wp-json\/wp\/v2\/posts\/20835","targetHints":{"allow":["GET"]}}],"collection":[{"href":"http:\/\/www.tvturk.com\/index.php\/wp-json\/wp\/v2\/posts"}],"about":[{"href":"http:\/\/www.tvturk.com\/index.php\/wp-json\/wp\/v2\/types\/post"}],"author":[{"embeddable":true,"href":"http:\/\/www.tvturk.com\/index.php\/wp-json\/wp\/v2\/users\/1"}],"replies":[{"embeddable":true,"href":"http:\/\/www.tvturk.com\/index.php\/wp-json\/wp\/v2\/comments?post=20835"}],"version-history":[{"count":1,"href":"http:\/\/www.tvturk.com\/index.php\/wp-json\/wp\/v2\/posts\/20835\/revisions"}],"predecessor-version":[{"id":20838,"href":"http:\/\/www.tvturk.com\/index.php\/wp-json\/wp\/v2\/posts\/20835\/revisions\/20838"}],"wp:featuredmedia":[{"embeddable":true,"href":"http:\/\/www.tvturk.com\/index.php\/wp-json\/wp\/v2\/media\/20836"}],"wp:attachment":[{"href":"http:\/\/www.tvturk.com\/index.php\/wp-json\/wp\/v2\/media?parent=20835"}],"wp:term":[{"taxonomy":"category","embeddable":true,"href":"http:\/\/www.tvturk.com\/index.php\/wp-json\/wp\/v2\/categories?post=20835"},{"taxonomy":"post_tag","embeddable":true,"href":"http:\/\/www.tvturk.com\/index.php\/wp-json\/wp\/v2\/tags?post=20835"}],"curies":[{"name":"wp","href":"https:\/\/api.w.org\/{rel}","templated":true}]}}