{"id":208413,"date":"2019-09-27T12:16:58","date_gmt":"2019-09-27T09:16:58","guid":{"rendered":"http:\/\/www.tvturk.com\/index.php\/ispanyol-buyukelcinin-fetih-yolculugu\/"},"modified":"2019-09-27T12:16:58","modified_gmt":"2019-09-27T09:16:58","slug":"ispanyol-buyukelcinin-fetih-yolculugu","status":"publish","type":"post","link":"http:\/\/www.tvturk.com\/index.php\/ispanyol-buyukelcinin-fetih-yolculugu\/","title":{"rendered":"\u0130spanyol b\u00fcy\u00fckel\u00e7inin \u2018Fetih\u201d yolculu\u011fu"},"content":{"rendered":"<p>\u0130spanya\u2019n\u0131n Ankara B\u00fcy\u00fckel\u00e7isi Juan Gonzales Barba, d\u00fcnyan\u0131n en b\u00fcy\u00fck tam panoramik m\u00fczesi olan Panorama 1326 Bursa Fetih M\u00fczesi\u2019ne hayran kald\u0131.<\/p>\n<p>Bir dizi program i\u00e7in Bursa\u2019ya gelen B\u00fcy\u00fckel\u00e7i Barba, e\u015fiyle birlikte Osmangazi Belediyesi\u2019nin vizyon projelerinden Panorama 1326 Bursa Fetih M\u00fczesi\u2019ni ziyaret etti. M\u00fczede ilk olarak Osmanl\u0131 d\u00f6neminin \u00f6nemli olaylar\u0131n\u0131n anlat\u0131ld\u0131\u011f\u0131 tablolar\u0131 inceleyen \u0130spanyol B\u00fcy\u00fckel\u00e7i\u2019ye Osmangazi Belediye Ba\u015fkan\u0131 Mustafa D\u00fcndar, e\u015flik etti. Ba\u015fkan D\u00fcndar, \u00e7evre dostu olarak in\u015fa edilen binan\u0131n mimari ve teknik \u00f6zellik hakk\u0131nda b\u00fcy\u00fckel\u00e7iye bilgiler verdi. Daha sonra 42 metre a\u00e7\u0131kl\u0131\u011f\u0131ndaki kubbe b\u00f6l\u00fcm\u00fcne \u00e7\u0131kan B\u00fcy\u00fckel\u00e7i Barba, Bursa\u2019n\u0131n fetih g\u00fcn\u00fcn\u00fcn canland\u0131r\u0131ld\u0131\u011f\u0131 panoramik resmi b\u00fcy\u00fck bir ilgiyle inceledi.<\/p>\n<p>Fetih M\u00fczesi\u2019nin her anlamda etkileyici oldu\u011funu belirten \u0130spanya B\u00fcy\u00fckel\u00e7isi Juan Gonzales Barba, \u201c\u0130lk kez ziyaret etmeme ra\u011fmen gezdi\u011fim di\u011fer \u015fehirlere g\u00f6re Bursa\u2019dan \u00e7ok memnun kald\u0131m. Sevilla\u2019da do\u011fdu\u011fum i\u00e7in \u0130sl\u00e2m miras\u0131n\u0131 bilen biri olarak Bursa\u2019da d\u00fcnyan\u0131n en etkileyici camilerinden birka\u00e7\u0131n\u0131 g\u00f6rd\u00fcm. Panorama 1326 Bursa Fetih M\u00fczesi de her y\u00f6n\u00fcyle m\u00fcthi\u015f bir eser. Bu eserin \u00f6zellikle gelecek nesillere Osmanl\u0131\u2019n\u0131n kurulu\u015funu \u00e7ok iyi anlataca\u011f\u0131n\u0131 d\u00fc\u015f\u00fcn\u00fcyorum. Buraya gelmeden \u00f6nce bu m\u00fczeyi biraz abartt\u0131klar\u0131n\u0131 d\u00fc\u015f\u00fcnm\u00fc\u015ft\u00fcm. \u015eimdi anl\u0131yorum ki, abart\u0131 de\u011filmi\u015f ger\u00e7ekten \u00e7ok etkileyici. Bu ola\u011fan\u00fcst\u00fc m\u00fczeyi kazand\u0131ran Osmangazi Belediye Ba\u015fkan\u0131 Mustafa D\u00fcndar\u2019\u0131 tebrik ediyorum\u201d dedi.<\/p>\n<p>Ba\u015fkan D\u00fcndar da ziyaretten duydu\u011fu memnuniyeti dile getirerek misafirlerine Osman Gazi\u2019nin tahta oturu\u015funu temsil eden bir biblo hediye etti.<\/p>\n","protected":false},"excerpt":{"rendered":"<p>\u0130SPANYA\u2019NIN ANKARA B\u00dcY\u00dcKEL\u00c7\u0130S\u0130 JUAN GONZALES BARBA, D\u00dcNYANIN EN B\u00dcY\u00dcK TAM PANORAM\u0130K M\u00dcZES\u0130 OLAN PANORAMA 1326 BURSA FET\u0130H M\u00dcZES\u0130\u2019NE HAYRAN KALDI.<\/p>\n","protected":false},"author":1,"featured_media":208414,"comment_status":"closed","ping_status":"open","sticky":false,"template":"","format":"standard","meta":{"jetpack_post_was_ever_published":false,"_jetpack_newsletter_access":"","_jetpack_dont_email_post_to_subs":false,"_jetpack_newsletter_tier_id":0,"_jetpack_memberships_contains_paywalled_content":false,"_jetpack_memberships_contains_paid_content":false,"footnotes":"","jetpack_publicize_message":"","jetpack_publicize_feature_enabled":true,"jetpack_social_post_already_shared":true,"jetpack_social_options":{"image_generator_settings":{"template":"highway","default_image_id":0,"font":"","enabled":false},"version":2}},"categories":[1],"tags":[52614,12420,52613,7963],"class_list":["post-208413","post","type-post","status-publish","format-standard","has-post-thumbnail","hentry","category-genel","tag-buyukelcinin","tag-fetih","tag-ispanyol","tag-yolculugu"],"jetpack_publicize_connections":[],"jetpack_featured_media_url":"https:\/\/i0.wp.com\/www.tvturk.com\/wp-content\/uploads\/2019\/09\/ispanyol-buyukelcinin-fetih-yolculugu_a11a198.jpg?fit=1000%2C661","jetpack_sharing_enabled":true,"jetpack_shortlink":"https:\/\/wp.me\/paKIfm-Sdv","_links":{"self":[{"href":"http:\/\/www.tvturk.com\/index.php\/wp-json\/wp\/v2\/posts\/208413","targetHints":{"allow":["GET"]}}],"collection":[{"href":"http:\/\/www.tvturk.com\/index.php\/wp-json\/wp\/v2\/posts"}],"about":[{"href":"http:\/\/www.tvturk.com\/index.php\/wp-json\/wp\/v2\/types\/post"}],"author":[{"embeddable":true,"href":"http:\/\/www.tvturk.com\/index.php\/wp-json\/wp\/v2\/users\/1"}],"replies":[{"embeddable":true,"href":"http:\/\/www.tvturk.com\/index.php\/wp-json\/wp\/v2\/comments?post=208413"}],"version-history":[{"count":0,"href":"http:\/\/www.tvturk.com\/index.php\/wp-json\/wp\/v2\/posts\/208413\/revisions"}],"wp:featuredmedia":[{"embeddable":true,"href":"http:\/\/www.tvturk.com\/index.php\/wp-json\/wp\/v2\/media\/208414"}],"wp:attachment":[{"href":"http:\/\/www.tvturk.com\/index.php\/wp-json\/wp\/v2\/media?parent=208413"}],"wp:term":[{"taxonomy":"category","embeddable":true,"href":"http:\/\/www.tvturk.com\/index.php\/wp-json\/wp\/v2\/categories?post=208413"},{"taxonomy":"post_tag","embeddable":true,"href":"http:\/\/www.tvturk.com\/index.php\/wp-json\/wp\/v2\/tags?post=208413"}],"curies":[{"name":"wp","href":"https:\/\/api.w.org\/{rel}","templated":true}]}}