{"id":208541,"date":"2019-09-27T16:02:05","date_gmt":"2019-09-27T13:02:05","guid":{"rendered":"http:\/\/www.tvturk.com\/index.php\/thomas-cookun-yeri-doluyor\/"},"modified":"2019-09-27T16:02:05","modified_gmt":"2019-09-27T13:02:05","slug":"thomas-cookun-yeri-doluyor","status":"publish","type":"post","link":"http:\/\/www.tvturk.com\/index.php\/thomas-cookun-yeri-doluyor\/","title":{"rendered":"Thomas Cook\u2019un yeri doluyor"},"content":{"rendered":"<p>\u0130ngiliz tur operat\u00f6r\u00fc Thomas Cook\u2019un iflas\u0131 sonras\u0131nda turizmde gelecek y\u0131l turist say\u0131lar\u0131nda azal\u0131\u015f beklentisine ili\u015fkin olumlu a\u00e7\u0131klamalarda bulunan T\u00dcROB Ba\u015fkan\u0131 M\u00fcberra Eresin, Thomas Cook\u2019un T\u00fcrkiye\u2019ye ta\u015f\u0131d\u0131\u011f\u0131 yolculara sekt\u00f6r\u00fcn di\u011fer d\u00fcnya oyuncular\u0131n\u0131n talip oldu\u011funu belirterek, turizm rakamlar\u0131nda bu nedenden dolay\u0131 bir azal\u0131\u015f beklenmedi\u011fini s\u00f6yledi.<\/p>\n<p>T\u00fcrkiye Otelciler Birli\u011fi (T\u00dcROB), geleneksel bulu\u015fmas\u0131n\u0131 K\u00fclt\u00fcr ve Turizm Bakan Yard\u0131mc\u0131s\u0131 \u00d6zg\u00fcl \u00d6zkan Yavuz\u2019un kat\u0131l\u0131m\u0131yla ger\u00e7ekle\u015ftirdi. Bulu\u015fmada T\u00fcrkiye turizmi hakk\u0131nda \u00f6nemli a\u00e7\u0131klamalar yap\u0131ld\u0131.<\/p>\n<p>Programda konu\u015fan T\u00dcROB Ba\u015fkan\u0131 M\u00fcberra Eresin, \u0130ngiliz tur operat\u00f6r\u00fc Thomas Cook\u2019un iflas karar\u0131n\u0131n ard\u0131ndan gelecek y\u0131l i\u00e7in T\u00fcrkiye\u2019ye gelen turist say\u0131lar\u0131nda d\u00fc\u015f\u00fc\u015f olaca\u011f\u0131 y\u00f6n\u00fcndeki endi\u015felere ili\u015fkin de\u011ferlendirme yapt\u0131. Eresin, \u0130ngiliz \u015firketin T\u00fcrkiye\u2019de y\u00fcksek oranda kar sa\u011flad\u0131\u011f\u0131n\u0131 belirterek, sekt\u00f6r\u00fcn di\u011fer d\u00fcnya oyuncular\u0131n\u0131n T\u00fcrkiye\u2019ye gelmek isteyen turistleri getirmekte hevesli olduklar\u0131n\u0131 kaydetti.<\/p>\n<p>\u201cThomas Cook\u2019tan do\u011fan a\u00e7\u0131\u011f\u0131 di\u011fer firmalar\u0131n T\u00fcrkiye ta\u015f\u0131yaca\u011f\u0131 netle\u015fti\u201d<\/p>\n<p>Eresin, gelecek y\u0131l \u00fclkemize gelecek misafir say\u0131lar\u0131nda d\u00fc\u015f\u00fc\u015f olma ihtimaline y\u00f6nelik olarak, \u201cPasta b\u00fcy\u00fck, ge\u00e7ti\u011fimiz y\u0131l Thomas Cook, T\u00fcrkiye \u00fczerinde elde etti\u011fi kar \u00e7ok b\u00fcy\u00fck bir rakamd\u0131. Zaten sekt\u00f6rdeki di\u011fer d\u00fcnya oyuncular\u0131 Thomas Cook\u2019un T\u00fcrkiye\u2019ye ta\u015f\u0131d\u0131\u011f\u0131 misafirlere talipler. Thomas Cook\u2019tan do\u011fan a\u00e7\u0131\u011f\u0131 di\u011fer firmalar\u0131n T\u00fcrkiye ta\u015f\u0131yaca\u011f\u0131 netle\u015fmi\u015ftir\u201d dedi.<\/p>\n<p>Thomas Cook\u2019un, Sivil Havac\u0131l\u0131k \u0130daresi (CAA) taraf\u0131ndan \u0130ngiltere Kamu Otoritesi (ATOL) sistemi alt\u0131nda i\u015fletilen \u0130ngiltere seyahat g\u00fcvenlik sistemi kapsam\u0131nda bulundu\u011funu belirten Eresin, \u201cCAA \/ ATOL, Thomas Cook taraf\u0131ndan sat\u0131lan bir paketin (yani u\u00e7u\u015f ve otel) \u2018konaklama\u2019 bir par\u00e7as\u0131ysa, \u015fu anda otellerde kalan turistlerle ilgili olarak sorumluluk alacakt\u0131r. Bu turistler i\u00e7in, CAA \/ ATOL\u2019un, otelde halen konaklayan t\u00fcketicilere (Thomas Cook UK \u00fczerinden rezervasyonu yap\u0131lan) \u00f6denmemi\u015f faturalar\u0131n\u0131 otele \u00f6demesi beklenmektedir ve bu turistler, geri d\u00f6n\u00fc\u015f\u00fcne kadar t\u00fcm konaklamalar\u0131n\u0131 tamamlamaya hak kazanacaklard\u0131r. Bu g\u00fcvence CAA \/ ATOL taraf\u0131ndan kar\u015f\u0131lanacakt\u0131r\u201d dedi.<\/p>\n<p>\u201cAcil olarak bir Koordinasyon Merkezi olu\u015fturulmal\u0131d\u0131r\u201d<\/p>\n<p>Eresin, K\u00fclt\u00fcr ve Turizm Bakanl\u0131\u011f\u0131 taraf\u0131ndan olaydan etkilenen i\u015fletmelere kulland\u0131r\u0131lmak \u00fczere bir kredi paketi haz\u0131rland\u0131\u011f\u0131 a\u00e7\u0131klanmas\u0131n\u0131 olumlu bulduklar\u0131n\u0131 belirterek, \u201cBununla beraber, h\u00fck\u00fcmetimiz taraf\u0131ndan \u00fclkemizde ya\u015fanan afet ya da sekt\u00f6rel ekonomik zorunluluklar gibi durumlarda devreye sokulan bir b\u00f6l\u00fcm\u00fc hibe, uzun vadeli ve faizsiz kredi olana\u011f\u0131 sa\u011fland\u0131\u011f\u0131 dikkate al\u0131narak, Thomas Cook\u2019tan alaca\u011f\u0131 bulunan otellere kulland\u0131r\u0131lacak kredilerin bir k\u0131sm\u0131n\u0131n hibe, kalan k\u0131sm\u0131n\u0131n ise uzun vadeli ve faizsiz olarak geri \u00f6demesinin sa\u011flanmas\u0131 \u00f6nemli ve gereklidir. Bu durumdan olumsuz etkilenen otellerin, alacaklar\u0131n\u0131 tahsil etmek \u00fczere farkl\u0131 kanallardan \u00e7\u00f6z\u00fcm yollar\u0131na ba\u015fvurmalar\u0131n\u0131 ve daha da ma\u011fdur olmalar\u0131n\u0131 \u00f6nlemek \u00fczere, K\u00fclt\u00fcr ve Turizm Bakanl\u0131\u011f\u0131 taraf\u0131ndan acil olarak bir Koordinasyon Merkezi olu\u015fturulmas\u0131 gerekmektedir\u201d ifadelerini kulland\u0131.<\/p>\n<p>Yavuz: \u201cKi\u015fi ba\u015f\u0131 harcama miktar\u0131n\u0131 art\u0131rmal\u0131y\u0131z\u201d<\/p>\n<p>K\u00fclt\u00fcr ve Turizm Bakan Yard\u0131mc\u0131s\u0131 \u00d6zg\u00fcl \u00d6zkan Yavuz, turizmde pazar odakl\u0131 b\u00fcy\u00fcme ve tan\u0131t\u0131m modeline ge\u00e7ildi\u011finin alt\u0131n\u0131 \u00e7izerek \u201d2023 y\u0131l\u0131nda turist say\u0131s\u0131nda 75 milyon, turizm gelirinde 65 milyar dolara ula\u015fmay\u0131 hedefliyoruz. Bunun i\u00e7in muhakkak geceleme say\u0131lar\u0131n\u0131, ki\u015fi ba\u015f\u0131 harcama miktar\u0131n\u0131 art\u0131rmam\u0131z gerekiyor. Bu nedenle i\u015f yap\u0131\u015f \u015fekillerimizi de biraz daha de\u011fi\u015ftirip, inovasyon ve teknolojiyle bulu\u015fmam\u0131z gerekiyor\u201d dedi.<\/p>\n","protected":false},"excerpt":{"rendered":"<p>\u0130NG\u0130L\u0130Z TUR OPERAT\u00d6R\u00dc THOMAS COOK\u2019UN \u0130FLASI SONRASINDA TUR\u0130ZMDE GELECEK YIL TUR\u0130ST SAYILARINDA AZALI\u015e BEKLENT\u0130S\u0130NE \u0130L\u0130\u015eK\u0130N OLUMLU A\u00c7IKLAMALARDA BULUNAN T\u00dcROB BA\u015eKANI M\u00dcBERRA ERES\u0130N, THOMAS COOK\u2019UN T\u00dcRK\u0130YE\u2019YE TA\u015eIDI\u011eI YOLCULARA SEKT\u00d6R\u00dcN D\u0130\u011eER D\u00dcNYA OYUNCULARININ TAL\u0130P OLDU\u011eUNU BEL\u0130RTEREK, TUR\u0130ZM RAKAMLARINDA BU NEDENDEN DOLAYI B\u0130R AZALI\u015e BEKLENMED\u0130\u011e\u0130N\u0130 S\u00d6YLED\u0130.<\/p>\n","protected":false},"author":1,"featured_media":208542,"comment_status":"closed","ping_status":"open","sticky":false,"template":"","format":"standard","meta":{"jetpack_post_was_ever_published":false,"_jetpack_newsletter_access":"","_jetpack_dont_email_post_to_subs":false,"_jetpack_newsletter_tier_id":0,"_jetpack_memberships_contains_paywalled_content":false,"_jetpack_memberships_contains_paid_content":false,"footnotes":"","jetpack_publicize_message":"","jetpack_publicize_feature_enabled":true,"jetpack_social_post_already_shared":true,"jetpack_social_options":{"image_generator_settings":{"template":"highway","default_image_id":0,"font":"","enabled":false},"version":2}},"categories":[19],"tags":[52155,37422,43632,488],"class_list":["post-208541","post","type-post","status-publish","format-standard","has-post-thumbnail","hentry","category-ekonomi","tag-cookun","tag-doluyor","tag-thomas","tag-yeri"],"jetpack_publicize_connections":[],"jetpack_featured_media_url":"https:\/\/i0.wp.com\/www.tvturk.com\/wp-content\/uploads\/2019\/09\/thomas-cookun-yeri-doluyor_55f4d27.jpg?fit=1000%2C566","jetpack_sharing_enabled":true,"jetpack_shortlink":"https:\/\/wp.me\/paKIfm-Sfz","_links":{"self":[{"href":"http:\/\/www.tvturk.com\/index.php\/wp-json\/wp\/v2\/posts\/208541","targetHints":{"allow":["GET"]}}],"collection":[{"href":"http:\/\/www.tvturk.com\/index.php\/wp-json\/wp\/v2\/posts"}],"about":[{"href":"http:\/\/www.tvturk.com\/index.php\/wp-json\/wp\/v2\/types\/post"}],"author":[{"embeddable":true,"href":"http:\/\/www.tvturk.com\/index.php\/wp-json\/wp\/v2\/users\/1"}],"replies":[{"embeddable":true,"href":"http:\/\/www.tvturk.com\/index.php\/wp-json\/wp\/v2\/comments?post=208541"}],"version-history":[{"count":0,"href":"http:\/\/www.tvturk.com\/index.php\/wp-json\/wp\/v2\/posts\/208541\/revisions"}],"wp:featuredmedia":[{"embeddable":true,"href":"http:\/\/www.tvturk.com\/index.php\/wp-json\/wp\/v2\/media\/208542"}],"wp:attachment":[{"href":"http:\/\/www.tvturk.com\/index.php\/wp-json\/wp\/v2\/media?parent=208541"}],"wp:term":[{"taxonomy":"category","embeddable":true,"href":"http:\/\/www.tvturk.com\/index.php\/wp-json\/wp\/v2\/categories?post=208541"},{"taxonomy":"post_tag","embeddable":true,"href":"http:\/\/www.tvturk.com\/index.php\/wp-json\/wp\/v2\/tags?post=208541"}],"curies":[{"name":"wp","href":"https:\/\/api.w.org\/{rel}","templated":true}]}}