{"id":208561,"date":"2019-09-27T16:31:49","date_gmt":"2019-09-27T13:31:49","guid":{"rendered":"http:\/\/www.tvturk.com\/index.php\/muhafazakar-moda-sektorundeki-potansiyeli-firsata-cevirdi\/"},"modified":"2019-09-27T16:31:49","modified_gmt":"2019-09-27T13:31:49","slug":"muhafazakar-moda-sektorundeki-potansiyeli-firsata-cevirdi","status":"publish","type":"post","link":"http:\/\/www.tvturk.com\/index.php\/muhafazakar-moda-sektorundeki-potansiyeli-firsata-cevirdi\/","title":{"rendered":"Muhafazakar moda sekt\u00f6r\u00fcndeki potansiyeli f\u0131rsata \u00e7evirdi"},"content":{"rendered":"<p>Muhafazakar moda sekt\u00f6r\u00fcnde faaliyet g\u00f6steren al\u0131\u015fveri\u015f platformu Pazarium.com\u2019un kurucusu U\u011fur \u00c7al\u0131ko\u011flu, ge\u00e7en y\u0131l 20 milyon lira ciro elde ettiklerini, ciroyu bu y\u0131l 50 milyon liraya \u00e7\u0131karmay\u0131 hedeflediklerin s\u00f6yledi.<\/p>\n<p>Muhafazakar moda sekt\u00f6r\u00fcndeki potansiyeli f\u0131rsata \u00e7eviren U\u011fur \u00c7al\u0131ko\u011flu, d\u00f6rt sene \u00f6nce kurdu\u011fu Pazarium.com ile sekt\u00f6rde \u00f6nemli i\u015fler yapmaya ba\u015flad\u0131. \u00c7al\u0131ko\u011flu, &#8220;2015 y\u0131l\u0131nda kurdu\u011fumuz sat\u0131\u015f platformumuz her ge\u00e7en y\u0131l y\u00fckseliyor. 500 bin aktif \u00fcyeye sahip platformumuzun y\u0131ll\u0131k ortalama sat\u0131\u015f adedi 4 milyon civar\u0131nda. Ge\u00e7en y\u0131l 20 milyon TL ciroya ula\u015ft\u0131k. Bu sene 50 milyon lira ciro hedefliyoruz. Yurtd\u0131\u015f\u0131nda yeni projelerle bu sat\u0131\u015f\u0131 artt\u0131rmay\u0131 hedefliyoruz. Ortado\u011fu ve Avrupa\u2019da toplam 7 \u00fclkeye de ihracat\u0131m\u0131z var. \u015eu anda ihracat\u0131n pay\u0131 y\u00fczde 10. \u00d6n\u00fcm\u00fczdeki \u00fc\u00e7 y\u0131lda bu oran\u0131 y\u00fczde 40\u2019a \u00e7\u0131karmay\u0131 hedefliyoruz&#8221; dedi.<\/p>\n<p>Hedef 7 milyon sat\u0131\u015f<\/p>\n<p>Sosyal medya ve internet reklamlar\u0131 yoluyla m\u00fc\u015fteri say\u0131s\u0131n\u0131 h\u0131zla art\u0131rd\u0131klar\u0131na de\u011finen U\u011fur \u00c7al\u0131ko\u011flu, &#8220;\u00dcr\u00fcnlerimizin y\u00fczde 40\u2019n\u0131 kendimiz \u00fcretiyoruz. Geri kalan\u0131n\u0131 da yine T\u00fcrkiye\u2019de \u00fcretim yapan tedarik\u00e7ilerden sat\u0131n al\u0131yoruz. En \u00e7ok ihracat yapt\u0131\u011f\u0131m\u0131z \u00fclkeler Irak, Suudi Arabistan olarak s\u0131ralan\u0131yor. Yeni y\u0131lda yurti\u00e7i ve yurt d\u0131\u015f\u0131 sat\u0131\u015f hedefimiz 7 milyon civar\u0131nda. \u00d6n\u00fcm\u00fczdeki d\u00f6nemde sat\u0131\u015flar\u0131m\u0131z\u0131n y\u00fczde 50\u2019sinin yurtd\u0131\u015f\u0131ndan gelmesini arzu ediyoruz. Hedef pazarlar\u0131m\u0131zda Ortado\u011fu ve Avrupa yer al\u0131rken gelecek 5 y\u0131lda 10 \u00fclkeye ihracat yapmay\u0131 planl\u0131yoruz&#8221; \u015feklinde konu\u015ftu.<\/p>\n","protected":false},"excerpt":{"rendered":"<p>MUHAFAZAKAR MODA SEKT\u00d6R\u00dcNDEK\u0130 POTANS\u0130YEL\u0130 FIRSATA \u00c7EV\u0130REN U\u011eUR \u00c7ALIKO\u011eLU, D\u00d6RT SENE \u00d6NCE KURDU\u011eU PAZAR\u0130UM.COM \u0130LE SEKT\u00d6RDE \u00d6NEML\u0130 \u0130\u015eLER YAPMAYA BA\u015eLADI<\/p>\n","protected":false},"author":1,"featured_media":208562,"comment_status":"closed","ping_status":"open","sticky":false,"template":"","format":"standard","meta":{"jetpack_post_was_ever_published":false,"_jetpack_newsletter_access":"","_jetpack_dont_email_post_to_subs":false,"_jetpack_newsletter_tier_id":0,"_jetpack_memberships_contains_paywalled_content":false,"_jetpack_memberships_contains_paid_content":false,"footnotes":"","jetpack_publicize_message":"","jetpack_publicize_feature_enabled":true,"jetpack_social_post_already_shared":true,"jetpack_social_options":{"image_generator_settings":{"template":"highway","default_image_id":0,"font":"","enabled":false},"version":2}},"categories":[19],"tags":[2979,37130,3060,23098,11200,30150],"class_list":["post-208561","post","type-post","status-publish","format-standard","has-post-thumbnail","hentry","category-ekonomi","tag-cevirdi","tag-firsata","tag-moda","tag-muhafazakar","tag-potansiyeli","tag-sektorundeki"],"jetpack_publicize_connections":[],"jetpack_featured_media_url":"https:\/\/i0.wp.com\/www.tvturk.com\/wp-content\/uploads\/2019\/09\/muhafazakar-moda-sektorundeki-potansiyeli-firsata-cevirdi_c76acbf.jpg?fit=900%2C552","jetpack_sharing_enabled":true,"jetpack_shortlink":"https:\/\/wp.me\/paKIfm-SfT","_links":{"self":[{"href":"http:\/\/www.tvturk.com\/index.php\/wp-json\/wp\/v2\/posts\/208561","targetHints":{"allow":["GET"]}}],"collection":[{"href":"http:\/\/www.tvturk.com\/index.php\/wp-json\/wp\/v2\/posts"}],"about":[{"href":"http:\/\/www.tvturk.com\/index.php\/wp-json\/wp\/v2\/types\/post"}],"author":[{"embeddable":true,"href":"http:\/\/www.tvturk.com\/index.php\/wp-json\/wp\/v2\/users\/1"}],"replies":[{"embeddable":true,"href":"http:\/\/www.tvturk.com\/index.php\/wp-json\/wp\/v2\/comments?post=208561"}],"version-history":[{"count":0,"href":"http:\/\/www.tvturk.com\/index.php\/wp-json\/wp\/v2\/posts\/208561\/revisions"}],"wp:featuredmedia":[{"embeddable":true,"href":"http:\/\/www.tvturk.com\/index.php\/wp-json\/wp\/v2\/media\/208562"}],"wp:attachment":[{"href":"http:\/\/www.tvturk.com\/index.php\/wp-json\/wp\/v2\/media?parent=208561"}],"wp:term":[{"taxonomy":"category","embeddable":true,"href":"http:\/\/www.tvturk.com\/index.php\/wp-json\/wp\/v2\/categories?post=208561"},{"taxonomy":"post_tag","embeddable":true,"href":"http:\/\/www.tvturk.com\/index.php\/wp-json\/wp\/v2\/tags?post=208561"}],"curies":[{"name":"wp","href":"https:\/\/api.w.org\/{rel}","templated":true}]}}