{"id":208683,"date":"2019-09-28T09:47:12","date_gmt":"2019-09-28T06:47:12","guid":{"rendered":"http:\/\/www.tvturk.com\/index.php\/kastamonunun-yoresel-urunleri-gorucuye-cikti\/"},"modified":"2019-09-28T09:47:12","modified_gmt":"2019-09-28T06:47:12","slug":"kastamonunun-yoresel-urunleri-gorucuye-cikti","status":"publish","type":"post","link":"http:\/\/www.tvturk.com\/index.php\/kastamonunun-yoresel-urunleri-gorucuye-cikti\/","title":{"rendered":"Kastamonu\u2019nun y\u00f6resel \u00fcr\u00fcnleri g\u00f6r\u00fcc\u00fcye \u00e7\u0131kt\u0131"},"content":{"rendered":"<p>Kastamonu\u2019nun co\u011frafi i\u015faret alm\u0131\u015f \u00fcr\u00fcnleri ile 800 \u00e7e\u015fit yemek k\u00fclt\u00fcr\u00fcn\u00fcn tan\u0131t\u0131ld\u0131\u011f\u0131 Kastamonu Gastronomi Festivali (KASTROFEST) ba\u015flad\u0131.<\/p>\n<p>\u201cGelene\u011fe Sayg\u0131, Gelece\u011fe Miras\u201d temas\u0131yla d\u00fczenlenen Kastamonu Gastronomi Festivali (KASTROFEST) kortej y\u00fcr\u00fcy\u00fc\u015fle ba\u015flad\u0131. Cumhuriyet Meydan\u0131nda toplanan grup, Vedat Tek K\u00fclt\u00fcr ve Sanat Merkezine kadar y\u00fcr\u00fcd\u00fc. Kat\u0131l\u0131m\u0131n olduk\u00e7a yo\u011fun oldu\u011fu festival, renkli g\u00f6r\u00fcnt\u00fclere sahne oldu.<\/p>\n<p>Kastamonu\u2019nun mutfak k\u00fclt\u00fcr\u00fcn\u00fc tan\u0131tmay\u0131 ama\u00e7layan Kastamonu Valili\u011fi, Kastamonu Belediye Ba\u015fkanl\u0131\u011f\u0131, Kastamonu Ticaret ve Sanayi Odas\u0131 (KATSO) ile D\u00fcnya Miras\u0131 Kastamonu \u0130nisiyatifi (DMK\u0130) taraf\u0131ndan d\u00fczenlenen Kastamonu Gastronomi Festivali, Vedat Tek K\u00fclt\u00fcr ve Sanat Merkezi\u2019nde a\u00e7\u0131l\u0131\u015f kurdelesi kesildi.<\/p>\n<p>Kastamonu Gastronomi Festivali, konuk \u00fclke \u0130talya\u2019n\u0131n ve Hazer Amani, Sahrap Soysal, Danilo Zanna gibi birbirinden \u00fcnl\u00fc \u015feflerin kat\u0131l\u0131m\u0131yla \u201cGelene\u011fe Sayg\u0131, Gelece\u011fe Miras\u201d temas\u0131yla ger\u00e7ekle\u015ftiriliyor.<\/p>\n<p>\u00dcnl\u00fc \u015fefler, Kastamonu Gastronomi Festivali\u2019nde Kastamonu\u2019nun tarihi k\u00fclt\u00fcrel, do\u011fal ve gastronomi zenginli\u011fini ulusal ve uluslararas\u0131 platformlarda en do\u011fru mesajlarla tan\u0131tacak.<\/p>\n<p>Festivalin a\u00e7\u0131l\u0131\u015f konu\u015fmas\u0131n\u0131 ger\u00e7ekle\u015ftiren D\u00fcnya Miras\u0131 Kastamonu \u0130nisiyatifi \u00dcyesi G\u00fclsen K\u0131rba\u015f, Kastamonu\u2019nun gastronomi de\u011ferlerinin, mutfak geleneklerinin hormonsuz, ila\u00e7s\u0131z do\u011fal \u00fcr\u00fcnlerinin vah\u015fi end\u00fcstriyel ve suni beslenme ortam\u0131nda m\u00fccevher safl\u0131\u011f\u0131nda ortaya \u00e7\u0131kt\u0131\u011f\u0131n\u0131 s\u00f6yledi.<\/p>\n<p>Kastamonu\u2019nun turizminde \u00f6nemli \u00e7al\u0131\u015fmalar ger\u00e7ekle\u015ftiren Eski Vali Enis Yeter, festivalin kendi d\u00f6neminde hayata ge\u00e7irilen k\u00fclt\u00fcr ve sanat merkezinde yap\u0131lmas\u0131n\u0131n ayr\u0131 bir mutlulu\u011funu ya\u015fad\u0131\u011f\u0131n\u0131 ifade etti.<\/p>\n<p>Kastamonu\u2019nun \u00f6nemli bir yemek k\u00fclt\u00fcr\u00fcn\u00fcn oldu\u011funa de\u011finen Vali Yeter, \u201cUNESCO sadece mimari eserleri de\u011fil soyut eserleri de tescilliyor. Kastamonu\u2019nun yemekleri de UNESCO listesine girme zaman\u0131 geldi diye d\u00fc\u015f\u00fcn\u00fcyorum\u201d diye konu\u015ftu.<\/p>\n<p>\u201cT\u00fcm \u00fcr\u00fcnlerimizin patentini alaca\u011f\u0131z\u201d<\/p>\n<p>Ge\u00e7en hafta \u0130stanbul\u2019da Kastamonu G\u00fcnleri, Ankara\u2019da ise Co\u011frafi \u0130\u015faretler Zirvesi\u2019nin ger\u00e7ekle\u015ftirildi\u011fini an\u0131msatan Kastamonu Belediye Ba\u015fkan\u0131 Op. Dr. Rahmi Galip Vidinlio\u011flu, Kastamonu\u2019nun bu konuda en iddial\u0131 il oldu\u011funu vurgulad\u0131.<\/p>\n<p>Ba\u015fkan Vidinlio\u011flu, Co\u011frafi \u0130\u015faretli \u00dcr\u00fcnler konusunda Kastamonu\u2019nun T\u00fcrkiye\u2019nin ilk 3 ilinden bir tanesi oldu\u011funu belirtti.<\/p>\n<p>Vali Vekili \u00dcnal K\u0131l\u0131\u00e7arslan ise, Kastamonu\u2019nun Gastronomi Festivali\u2019nde ata\u011fa ge\u00e7meye haz\u0131rland\u0131\u011f\u0131n\u0131 belirtti.<\/p>\n<p>\u0130stanbul\u2019dan festivale kat\u0131lmak i\u00e7in Kastamonu\u2019ya gelen A\u011fg\u00fclen Do\u011fan Sezer de, festivali \u00e7ok g\u00fczel buldu\u011funu ifade ederek, \u201cGaziantep\u2019teki festivale yeti\u015fememi\u015ftik. Bu y\u00fczden \u00fcz\u00fclm\u00fc\u015ft\u00fck. Biz de Kastamonu\u2019daki gastronomi festivaline geldik. Ger\u00e7ekten \u00e7ok g\u00fczel haz\u0131rlanm\u0131\u015f, \u00e7ok g\u00fczel buldum\u201d dedi.<\/p>\n<p>Festival kapsam\u0131nda gastronomi d\u00fcnyas\u0131n\u0131n y\u0131ld\u0131z isimlerinden gastroshowlar, beslenme uzman\u0131 ve Diyetisyen Dilara Ko\u00e7ak ile \u201cGeleneksel Tatlar, Sa\u011fl\u0131kl\u0131 Sofralar\u201d, \u201cGeleneksel Kastamonu K\u00f6y Yemekleri\u201d, birbirinden e\u011flenceli yemek yar\u0131\u015fmalar\u0131, \u201cKastamonu Ev Yemekleri\u201d, \u201cKastamonu Saray Mutfa\u011f\u0131\u201d, geleneksel Kastamonu mutfa\u011f\u0131n\u0131 yans\u0131tan at\u00f6lyeler ve \u00e7ocuk etkinlikleri yer alacak.<\/p>\n<p>KASTROFEST\u2019in konuk \u00fclkesi ise \u0130talya olacak. \u0130talya\u2019n\u0131n yeni nesil \u015feflerinden Michele Esposito, Sahrap Soysal ile birlikte gastroshow yaparak Kastamonu ve \u0130talya\u2019n\u0131n geleneksel eri\u015fte ve makarnalar\u0131n\u0131 birlikte yorumlad\u0131.<\/p>\n","protected":false},"excerpt":{"rendered":"<p>KASTAMONU\u2019NUN CO\u011eRAF\u0130 \u0130\u015eARET ALMI\u015e \u00dcR\u00dcNLER\u0130 \u0130LE 800 \u00c7E\u015e\u0130T YEMEK K\u00dcLT\u00dcR\u00dcN\u00dcN TANITILDI\u011eI KASTAMONU GASTRONOM\u0130 FEST\u0130VAL\u0130 (KASTROFEST) BA\u015eLADI.<\/p>\n","protected":false},"author":1,"featured_media":208684,"comment_status":"closed","ping_status":"open","sticky":false,"template":"","format":"standard","meta":{"jetpack_post_was_ever_published":false,"_jetpack_newsletter_access":"","_jetpack_dont_email_post_to_subs":false,"_jetpack_newsletter_tier_id":0,"_jetpack_memberships_contains_paywalled_content":false,"_jetpack_memberships_contains_paid_content":false,"footnotes":"","jetpack_publicize_message":"","jetpack_publicize_feature_enabled":true,"jetpack_social_post_already_shared":true,"jetpack_social_options":{"image_generator_settings":{"template":"highway","default_image_id":0,"font":"","enabled":false},"version":2}},"categories":[656],"tags":[17164,1202,2232,3814,15698],"class_list":["post-208683","post","type-post","status-publish","format-standard","has-post-thumbnail","hentry","category-kultur-sanat","tag-kastamonunun","tag-cikti","tag-gorucuye","tag-urunleri","tag-yoresel"],"jetpack_publicize_connections":[],"jetpack_featured_media_url":"https:\/\/i0.wp.com\/www.tvturk.com\/wp-content\/uploads\/2019\/09\/kastamonunun-yoresel-urunleri-gorucuye-cikti_aeeae15.jpg?fit=1000%2C750","jetpack_sharing_enabled":true,"jetpack_shortlink":"https:\/\/wp.me\/paKIfm-ShR","_links":{"self":[{"href":"http:\/\/www.tvturk.com\/index.php\/wp-json\/wp\/v2\/posts\/208683","targetHints":{"allow":["GET"]}}],"collection":[{"href":"http:\/\/www.tvturk.com\/index.php\/wp-json\/wp\/v2\/posts"}],"about":[{"href":"http:\/\/www.tvturk.com\/index.php\/wp-json\/wp\/v2\/types\/post"}],"author":[{"embeddable":true,"href":"http:\/\/www.tvturk.com\/index.php\/wp-json\/wp\/v2\/users\/1"}],"replies":[{"embeddable":true,"href":"http:\/\/www.tvturk.com\/index.php\/wp-json\/wp\/v2\/comments?post=208683"}],"version-history":[{"count":0,"href":"http:\/\/www.tvturk.com\/index.php\/wp-json\/wp\/v2\/posts\/208683\/revisions"}],"wp:featuredmedia":[{"embeddable":true,"href":"http:\/\/www.tvturk.com\/index.php\/wp-json\/wp\/v2\/media\/208684"}],"wp:attachment":[{"href":"http:\/\/www.tvturk.com\/index.php\/wp-json\/wp\/v2\/media?parent=208683"}],"wp:term":[{"taxonomy":"category","embeddable":true,"href":"http:\/\/www.tvturk.com\/index.php\/wp-json\/wp\/v2\/categories?post=208683"},{"taxonomy":"post_tag","embeddable":true,"href":"http:\/\/www.tvturk.com\/index.php\/wp-json\/wp\/v2\/tags?post=208683"}],"curies":[{"name":"wp","href":"https:\/\/api.w.org\/{rel}","templated":true}]}}