{"id":208715,"date":"2019-09-28T11:02:57","date_gmt":"2019-09-28T08:02:57","guid":{"rendered":"http:\/\/www.tvturk.com\/index.php\/iyilikte-yaristilar-birinciligi-kazandilar\/"},"modified":"2019-09-28T11:02:57","modified_gmt":"2019-09-28T08:02:57","slug":"iyilikte-yaristilar-birinciligi-kazandilar","status":"publish","type":"post","link":"http:\/\/www.tvturk.com\/index.php\/iyilikte-yaristilar-birinciligi-kazandilar\/","title":{"rendered":"\u0130yilikte yar\u0131\u015ft\u0131lar birincili\u011fi kazand\u0131lar"},"content":{"rendered":"<p>Manisa\u2019n\u0131n Yunusemre il\u00e7esindeki \u015eehit Fatih Kalu K\u0131z Anadolu \u0130mam Hatip Lisesi taraf\u0131ndan haz\u0131rlanan \u2018G\u00f6rme Engelliler \u0130\u00e7in Dokunsal E\u011fitim Materyalleri ve Haritalar\u2019 isimli proje \u2018Anadolu \u0130mam Hatip Liseleri Uygulamal\u0131 \u0130yilik Proje Yar\u0131\u015fmalar\u0131\u2019nda T\u00fcrkiye birincisi se\u00e7ildi. \u00d6d\u00fcllerini Ankara\u2019da d\u00fczenlenen t\u00f6renle alan \u00f6\u011frenciler okullar\u0131nda b\u00fcy\u00fck co\u015fkuyla kar\u015f\u0131land\u0131.<\/p>\n<p>Milli E\u011fitim Bakanl\u0131\u011f\u0131 Din \u00d6\u011fretimi Genel M\u00fcd\u00fcrl\u00fc\u011f\u00fc \u00f6nderli\u011finde T\u00fcrkiye\u2019deki t\u00fcm \u0130mam Hatip Ortaokullar\u0131 ve Anadolu \u0130mam Hatip Liselerinde uygulanan \u2018Anadolu \u0130mam Hatip Liseleri Uygulamal\u0131 \u0130yilik Proje Yar\u0131\u015fmalar\u0131\u2019 kapsam\u0131nda haz\u0131rlad\u0131klar\u0131\u2018 G\u00f6rme Engelliler \u0130\u00e7in Dokunsal E\u011fitim Materyalleri ve Haritalar\u2019 isimli projeyle T\u00fcrkiye birincisi olan \u015eehit Fatih Kalu K\u0131z Anadolu \u0130mam Hatip Lisesi \u00f6\u011frencileri Ankara\u2019da d\u00fczenlenen t\u00f6renle \u00f6d\u00fcllerini ald\u0131. Proje koordinat\u00f6r\u00fc Co\u011frafya \u00d6\u011fretmeni S\u00f6zer Vurgun ve \u00f6\u011frenciler i\u00e7in \u00f6d\u00fcl t\u00f6reninin ard\u0131ndan okulda kar\u015f\u0131lama t\u00f6reni d\u00fczenlendi. Projenin koordinat\u00f6r \u00f6\u011fretmeni S\u00f6zer Vurgun, \u00f6\u011frenciler Tu\u011f\u00e7e Ya\u011fd\u0131ran, Azra Y\u0131lmaz ve Fatma T\u00fcre okula giri\u015flerinde b\u00fcy\u00fck bir co\u015fkuyla kar\u015f\u0131lan\u0131rken konfetiler e\u015fli\u011finde okullar\u0131na girdi. D\u00fczenlenen t\u00f6rene Manisa \u0130l Milli E\u011fitim M\u00fcd\u00fcr Yard\u0131mc\u0131s\u0131 Fevzi Y\u00fcksel, Manisa \u0130lim Yayma Cemiyeti Ba\u015fkan\u0131 Recep \u00d6zg\u00fcven\u00e7 de kat\u0131larak \u00f6\u011frencileri \u00f6d\u00fcllendirdi. \u00d6\u011frenciler kendileri i\u00e7in haz\u0131rlanan pastay\u0131 kesti.<\/p>\n<p>Projenin farkl\u0131 okullara yay\u0131lmas\u0131 planlan\u0131yor<\/p>\n<p>Haz\u0131rlanan projenin \u00f6n\u00fcm\u00fczdeki d\u00f6nemlerde di\u011fer okullarda da uygulanmas\u0131n\u0131n hedeflendi\u011fini kaydeden \u015eehit Fatih Kalu K\u0131z Anadolu \u0130mam Hatip Lisesi M\u00fcd\u00fcr\u00fc Rifat T\u00fcrkarslan, \u201cMilli E\u011fitim Bakanl\u0131\u011f\u0131 Din \u00d6\u011fretimi Genel M\u00fcd\u00fcrl\u00fc\u011f\u00fc \u00f6nc\u00fcl\u00fc\u011f\u00fcnde STK\u2019lar\u0131n i\u015fbirli\u011fiyle y\u00fcr\u00fct\u00fclen proje kapsam\u0131nda iyilik okullar\u0131 \u00f6d\u00fcl\u00fcnde okulumuz Anadolu \u0130mam Hatip Liseleri aras\u0131nda birincili\u011fe lay\u0131k g\u00f6r\u00fcld\u00fc. Projemizi g\u00f6rme engelliler \u00fczerinden y\u00fcr\u00fctt\u00fck ve hem \u00fclkemizdeki hem de Afrika\u2019n\u0131n \u00e7e\u015fitli \u00fclkelerindeki g\u00f6rme engelli karde\u015flerimize yapt\u0131\u011f\u0131m\u0131z materyalleri ula\u015ft\u0131rd\u0131k, beyaz bastonlar\u0131 ula\u015ft\u0131rd\u0131k. Binlerce liral\u0131k hediye paketlerimizi kendilerine g\u00f6nderdik. Bu projeyle, T\u00fcrkiye\u2019de 70 binden fazla \u00f6\u011frenci bu projeye kat\u0131ld\u0131. 1 milyondan fazla iyilik \u00fcr\u00fcnleri ortaya \u00e7\u0131kt\u0131 ve bir\u00e7ok insan\u0131m\u0131z bu projelerden faydaland\u0131. Bu projeyle birlikte uygulamal\u0131 de\u011ferler e\u011fitimi modeline \u00f6rnek proje olarak sunulmas\u0131 ve projenin di\u011fer farkl\u0131 okullarda uygulanmas\u0131 hedefleniyor.\u201d dedi.<\/p>\n<p>Projenin detay\u0131<\/p>\n<p>Manisa\u2019da ilk olarak 2016 y\u0131l\u0131nda g\u00f6rme engellilerin co\u011frafya derslerini daha iyi kavrayabilmeleri amac\u0131yla Co\u011frafya \u00d6\u011fretmeni S\u00f6zer Vurgun taraf\u0131ndan hayata ge\u00e7irilen kabartmal\u0131 haritalar projesi, sadece haritalarla s\u0131n\u0131rl\u0131 kalmayarak, g\u00f6rme engelli \u00e7ocuklar i\u00e7in e\u011fitim materyalleri ve zeka oyunlar\u0131 da geli\u015ftirildi. \u2018\u0130mam Hatipler \u0130yilikte Yar\u0131\u015f\u0131yor\u2019 proje yar\u0131\u015fmas\u0131 kapsam\u0131nda \u015eehit Fatih Kalu K\u0131z Anadolu \u0130mam Lisesi Proje Okulu \u00f6\u011frencileri kurduklar\u0131 iyilik at\u00f6lyesinde velileriyle birlikte g\u00f6rme engelli \u00e7ocuklar i\u00e7in kabartmal\u0131 haritalar ve e\u011fitim materyalleri haz\u0131rlayarak g\u00f6rme engelli \u00f6\u011frencilerin bulundu\u011fu okullara g\u00f6nderdi. \u20183 \u00fclke, 30 okul 3 bin mutlu \u00e7ocuk\u2019 slogan\u0131yla hareket edilen projeyle g\u00f6rme engelli \u00f6\u011frencilerin e\u011fitim ald\u0131\u011f\u0131 Filistin, Sudan, Ruanda\u2019daki liselere kabartmal\u0131 dokunsal haritalar, rubik k\u00fcpler, beyaz bastonlar ve zeka oyunlar\u0131 g\u00f6nderildi.<\/p>\n","protected":false},"excerpt":{"rendered":"<p>PROJEN\u0130N KOORD\u0130NAT\u00d6R \u00d6\u011eRETMEN\u0130 S\u00d6ZER VURGUN, \u00d6\u011eRENC\u0130LER TU\u011e\u00c7E YA\u011eDIRAN, AZRA YILMAZ VE FATMA T\u00dcRE OKULA G\u0130R\u0130\u015eLER\u0130NDE B\u00dcY\u00dcK B\u0130R CO\u015eKUYLA KAR\u015eILANIRKEN KONFET\u0130LER E\u015eL\u0130\u011e\u0130NDE OKULLARINA G\u0130RD\u0130.<\/p>\n","protected":false},"author":1,"featured_media":208716,"comment_status":"closed","ping_status":"open","sticky":false,"template":"","format":"standard","meta":{"jetpack_post_was_ever_published":false,"_jetpack_newsletter_access":"","_jetpack_dont_email_post_to_subs":false,"_jetpack_newsletter_tier_id":0,"_jetpack_memberships_contains_paywalled_content":false,"_jetpack_memberships_contains_paid_content":false,"footnotes":"","jetpack_publicize_message":"","jetpack_publicize_feature_enabled":true,"jetpack_social_post_already_shared":true,"jetpack_social_options":{"image_generator_settings":{"template":"highway","default_image_id":0,"font":"","enabled":false},"version":2}},"categories":[1],"tags":[5766,12964,32252,3718],"class_list":["post-208715","post","type-post","status-publish","format-standard","has-post-thumbnail","hentry","category-genel","tag-birinciligi","tag-iyilikte","tag-kazandilar","tag-yaristilar"],"jetpack_publicize_connections":[],"jetpack_featured_media_url":"https:\/\/i0.wp.com\/www.tvturk.com\/wp-content\/uploads\/2019\/09\/iyilikte-yaristilar-birinciligi-kazandilar_20be12a.jpg?fit=1000%2C750","jetpack_sharing_enabled":true,"jetpack_shortlink":"https:\/\/wp.me\/paKIfm-Sin","_links":{"self":[{"href":"http:\/\/www.tvturk.com\/index.php\/wp-json\/wp\/v2\/posts\/208715","targetHints":{"allow":["GET"]}}],"collection":[{"href":"http:\/\/www.tvturk.com\/index.php\/wp-json\/wp\/v2\/posts"}],"about":[{"href":"http:\/\/www.tvturk.com\/index.php\/wp-json\/wp\/v2\/types\/post"}],"author":[{"embeddable":true,"href":"http:\/\/www.tvturk.com\/index.php\/wp-json\/wp\/v2\/users\/1"}],"replies":[{"embeddable":true,"href":"http:\/\/www.tvturk.com\/index.php\/wp-json\/wp\/v2\/comments?post=208715"}],"version-history":[{"count":0,"href":"http:\/\/www.tvturk.com\/index.php\/wp-json\/wp\/v2\/posts\/208715\/revisions"}],"wp:featuredmedia":[{"embeddable":true,"href":"http:\/\/www.tvturk.com\/index.php\/wp-json\/wp\/v2\/media\/208716"}],"wp:attachment":[{"href":"http:\/\/www.tvturk.com\/index.php\/wp-json\/wp\/v2\/media?parent=208715"}],"wp:term":[{"taxonomy":"category","embeddable":true,"href":"http:\/\/www.tvturk.com\/index.php\/wp-json\/wp\/v2\/categories?post=208715"},{"taxonomy":"post_tag","embeddable":true,"href":"http:\/\/www.tvturk.com\/index.php\/wp-json\/wp\/v2\/tags?post=208715"}],"curies":[{"name":"wp","href":"https:\/\/api.w.org\/{rel}","templated":true}]}}