{"id":208749,"date":"2019-09-28T12:01:36","date_gmt":"2019-09-28T09:01:36","guid":{"rendered":"http:\/\/www.tvturk.com\/index.php\/maduro-trump-aleyhine-bir-degil-binlerce-dava-acilmali\/"},"modified":"2019-09-28T12:01:36","modified_gmt":"2019-09-28T09:01:36","slug":"maduro-trump-aleyhine-bir-degil-binlerce-dava-acilmali","status":"publish","type":"post","link":"http:\/\/www.tvturk.com\/index.php\/maduro-trump-aleyhine-bir-degil-binlerce-dava-acilmali\/","title":{"rendered":"Maduro: &#8220;Trump aleyhine bir de\u011fil binlerce dava a\u00e7\u0131lmal\u0131&#8221;"},"content":{"rendered":"<p>Venezuela Devlet Ba\u015fkan\u0131 Nicolas Maduro, &#8220;Trump aleyhine bir de\u011fil binlerce dava a\u00e7\u0131lmal\u0131&#8221; dedi.<\/p>\n<p>Venezuela Devlet Ba\u015fkan\u0131 Nicolas Maduro, ABD Ba\u015fkan\u0131 Donald Trump\u2019\u0131n \u00fclkesine yapt\u0131\u011f\u0131 \u015fantaj y\u00fcz\u00fcnden siyasi yarg\u0131lanmay\u0131 hak etti\u011fini s\u00f6yledi. Ba\u015fkent Karakas\u2019taki bir etkinlikte konu\u015fan Maduro, \u201cSadece Venezuela\u2019ya de\u011fil, d\u00fcnyaya kar\u015f\u0131 yapt\u0131\u011f\u0131 \u015fantajlar y\u00fcz\u00fcnden Trump aleyhine binlerce siyasi dava a\u00e7\u0131lmal\u0131. \u00c7\u00fcnk\u00fc uluslararas\u0131 hukuku kal\u0131c\u0131 olarak ihlal etti&#8221; s\u00f6zlerini kulland\u0131.<\/p>\n<p>ABD Temsilciler Meclisinin, Trump aleyhine siyasi yarg\u0131lama ba\u015flat\u0131lmas\u0131na y\u00f6nelik soru\u015fturmaya at\u0131fta bulunan Maduro, \u201cTrump\u2019\u0131, Biden aleyhine Ukrayna Cumhurba\u015fkan\u0131na \u015fantaj yapmakla su\u00e7luyorlar. Ben de diyorum ki; Trump asl\u0131nda t\u00fcm d\u00fcnya ba\u015fkanlar\u0131n\u0131 Venezuela\u2019ya kar\u015f\u0131 sald\u0131rganl\u0131k politikalar\u0131n\u0131 onaylamamalar\u0131 durumunda maddi yard\u0131mlar\u0131n\u0131 kesece\u011fi \u015fantaj\u0131 yap\u0131yor\u201d dedi.<\/p>\n<p>Venezuela devlet ba\u015fkan\u0131 ayr\u0131ca i\u00e7inde askeri teknik destek personelinin de yer ald\u0131\u011f\u0131 iki Rus u\u00e7a\u011f\u0131n\u0131n geldi\u011fini a\u00e7\u0131klad\u0131. U\u00e7aklar\u0131n bir ka\u00e7 g\u00fcn \u00f6nce geldiklerini belirten Maduro, \u201cBen Moskova\u2019ya giderken, Venezuela\u2019ya askeri teknik dan\u0131\u015fma komisyonunun t\u00fcm personeli ile iki u\u00e7ak ini\u015f yapt\u0131. Y\u0131l ba\u015f\u0131nda gelenleri yenilediler ve yeni tak\u0131m\u0131 yollad\u0131lar\u201d dedi.<\/p>\n","protected":false},"excerpt":{"rendered":"<p>VENEZUELA DEVLET BA\u015eKANI N\u0130COLAS MADURO, &#8220;TRUMP ALEYH\u0130NE B\u0130R DE\u011e\u0130L B\u0130NLERCE DAVA A\u00c7ILMALI&#8221; DED\u0130.<\/p>\n","protected":false},"author":1,"featured_media":208750,"comment_status":"closed","ping_status":"open","sticky":false,"template":"","format":"standard","meta":{"jetpack_post_was_ever_published":false,"_jetpack_newsletter_access":"","_jetpack_dont_email_post_to_subs":false,"_jetpack_newsletter_tier_id":0,"_jetpack_memberships_contains_paywalled_content":false,"_jetpack_memberships_contains_paid_content":false,"footnotes":"","jetpack_publicize_message":"","jetpack_publicize_feature_enabled":true,"jetpack_social_post_already_shared":true,"jetpack_social_options":{"image_generator_settings":{"template":"highway","default_image_id":0,"font":"","enabled":false},"version":2}},"categories":[10],"tags":[52704,52703,3818,125,14678,2039,6917,12068],"class_list":["post-208749","post","type-post","status-publish","format-standard","has-post-thumbnail","hentry","category-dunya","tag-acilmali","tag-aleyhine","tag-binlerce","tag-bir","tag-dava","tag-degil","tag-maduro","tag-trump"],"jetpack_publicize_connections":[],"jetpack_featured_media_url":"https:\/\/i0.wp.com\/www.tvturk.com\/wp-content\/uploads\/2019\/09\/maduro-trump-aleyhine-bir-degil-binlerce-dava-acilmali_c0ff022.jpg?fit=1000%2C666","jetpack_sharing_enabled":true,"jetpack_shortlink":"https:\/\/wp.me\/paKIfm-SiV","_links":{"self":[{"href":"http:\/\/www.tvturk.com\/index.php\/wp-json\/wp\/v2\/posts\/208749","targetHints":{"allow":["GET"]}}],"collection":[{"href":"http:\/\/www.tvturk.com\/index.php\/wp-json\/wp\/v2\/posts"}],"about":[{"href":"http:\/\/www.tvturk.com\/index.php\/wp-json\/wp\/v2\/types\/post"}],"author":[{"embeddable":true,"href":"http:\/\/www.tvturk.com\/index.php\/wp-json\/wp\/v2\/users\/1"}],"replies":[{"embeddable":true,"href":"http:\/\/www.tvturk.com\/index.php\/wp-json\/wp\/v2\/comments?post=208749"}],"version-history":[{"count":0,"href":"http:\/\/www.tvturk.com\/index.php\/wp-json\/wp\/v2\/posts\/208749\/revisions"}],"wp:featuredmedia":[{"embeddable":true,"href":"http:\/\/www.tvturk.com\/index.php\/wp-json\/wp\/v2\/media\/208750"}],"wp:attachment":[{"href":"http:\/\/www.tvturk.com\/index.php\/wp-json\/wp\/v2\/media?parent=208749"}],"wp:term":[{"taxonomy":"category","embeddable":true,"href":"http:\/\/www.tvturk.com\/index.php\/wp-json\/wp\/v2\/categories?post=208749"},{"taxonomy":"post_tag","embeddable":true,"href":"http:\/\/www.tvturk.com\/index.php\/wp-json\/wp\/v2\/tags?post=208749"}],"curies":[{"name":"wp","href":"https:\/\/api.w.org\/{rel}","templated":true}]}}