{"id":208841,"date":"2019-09-28T15:02:08","date_gmt":"2019-09-28T12:02:08","guid":{"rendered":"http:\/\/www.tvturk.com\/index.php\/2-dakika-icinde-icinde-2-kilo-bal-yedi\/"},"modified":"2019-09-28T15:02:08","modified_gmt":"2019-09-28T12:02:08","slug":"2-dakika-icinde-icinde-2-kilo-bal-yedi","status":"publish","type":"post","link":"http:\/\/www.tvturk.com\/index.php\/2-dakika-icinde-icinde-2-kilo-bal-yedi\/","title":{"rendered":"2 dakika i\u00e7inde i\u00e7inde 2 kilo bal yedi"},"content":{"rendered":"<p>Antalya\u2019n\u0131n Finike il\u00e7esinde d\u00fczenlenen 4\u2019\u00fcnc\u00fc Bal Festivali\u2019nde Mehmet Kaya 2 kilogram bal\u0131 2 dakika i\u00e7inde yiyerek birinci oldu. Bir yar\u0131\u015fmac\u0131 da &#8220;bal yeyip baldan usanmak&#8221; deyimini ak\u0131llara getirdi ve daha fazla devam edemeyerek pes etti.<\/p>\n<p>Antalya Finike Belediyesi, Ernez Mahalle Muhtarl\u0131\u011f\u0131, Ernez Bal \u00dcreticileri Yard\u0131mla\u015fma ve Dayan\u0131\u015fma Derne\u011fi i\u015fbirli\u011fiyle &#8220;Bal Gibi Festival&#8221; slogan\u0131yla 4\u2019\u00fcnc\u00fc Bal Festivali d\u00fczenlendi. Geleneksel hale gelen festivalde bu y\u0131l da renkli g\u00f6r\u00fcnt\u00fcler ortaya \u00e7\u0131kt\u0131. Festivale Finike Kaymakam\u0131 Erg\u00fcn Baysal, Belediye Ba\u015fkan\u0131 Mustafa Geyik\u00e7i, Ziraat Odas\u0131 Ba\u015fkan\u0131 Halil Sar\u0131\u00e7obano\u011flu, muhtarlar, kamu kurumlar\u0131 ve sivil toplum kurulu\u015flar\u0131 temsilcileriyle b\u00f6lge sakinleri ve bal \u00fcreticileri kat\u0131ld\u0131. Festivalin a\u00e7\u0131l\u0131\u015f konu\u015fmas\u0131n\u0131 yapan Kaymakam Baysal, &#8220;Gelenek ve g\u00f6rene\u011fimizi en iyi \u015fekilde devam ettiriyorsunuz. Ernez \u00f6nemli bir yerimiz. Umar\u0131m bu gelenek 4 y\u0131l de\u011fil uzun y\u0131llar s\u00fcrer&#8221; ifadelerinde bulundu.<\/p>\n<p>Belediye Ba\u015fkan\u0131 Geyik\u00e7i ise &#8220;Belediye olarak mahallelerimize her t\u00fcrl\u00fc deste\u011fi sa\u011flayaca\u011f\u0131z. Bir olal\u0131m, kavgac\u0131 olmayal\u0131m&#8221; mesaj\u0131n\u0131 verdi. Ernez Muhtar\u0131 Abdurrahman F\u0131rt\u0131na da, &#8220;Ernez\u2019imizin bu gelene\u011fini devam ettirece\u011fiz. Bal k\u00f6y\u00fcm\u00fcz\u00fcn vazge\u00e7ilmezidir, desteklerinize ihtiyac\u0131m\u0131z var&#8221; dedi.<\/p>\n<p>Festival kapsam\u0131nda Bal Yeme Yar\u0131\u015fmas\u0131 d\u00fczenlendi. 2\u2019si kad\u0131n 9 yar\u0131\u015fmac\u0131n\u0131n yer ald\u0131\u011f\u0131 yar\u0131\u015fmada Mehmet Kaya 2 kilogram bal\u0131 en k\u0131sa s\u00fcrede yiyerek birinci oldu. Yar\u0131\u015fman\u0131n ikincisi Ayhan Azak, \u00fc\u00e7\u00fcnc\u00fcs\u00fc de Ali Atakan oldu. Bir yar\u0131\u015fmac\u0131 da &#8220;bal yeyip baldan usanmak&#8221; deyimini ak\u0131llara getirdi ve daha fazla devam edemeyerek pes etti. Muhtar F\u0131rt\u0131na, ilk \u00fc\u00e7e giren yar\u0131\u015fmac\u0131ya yar\u0131m alt\u0131n, Ziraat Odas\u0131 da \u00e7eyrek alt\u0131n verdi. ,<\/p>\n<p>Festivalde &#8220;En \u0130yi Bal \u00dcreticisi&#8221; kategorisinde ise birincilik Alim Tozlu\u2019ya gitti. Mustafa Vural ikinci, Nuriye Aydemir ise \u00fc\u00e7\u00fcnc\u00fc se\u00e7ildi.<\/p>\n","protected":false},"excerpt":{"rendered":"<p>F\u0130N\u0130KE BELED\u0130YES\u0130, ERNEZ MAHALLE MUHTARLI\u011eI, ERNEZ BAL \u00dcRET\u0130C\u0130LER\u0130 YARDIMLA\u015eMA VE DAYANI\u015eMA DERNE\u011e\u0130 \u0130\u015eB\u0130RL\u0130\u011e\u0130YLE &#8220;BAL G\u0130B\u0130 FEST\u0130VAL&#8221; SLOGANIYLA BAL FEST\u0130VAL\u0130 D\u00dcZENLEND\u0130.<\/p>\n","protected":false},"author":1,"featured_media":208842,"comment_status":"closed","ping_status":"open","sticky":false,"template":"","format":"standard","meta":{"jetpack_post_was_ever_published":false,"_jetpack_newsletter_access":"","_jetpack_dont_email_post_to_subs":false,"_jetpack_newsletter_tier_id":0,"_jetpack_memberships_contains_paywalled_content":false,"_jetpack_memberships_contains_paid_content":false,"footnotes":"","jetpack_publicize_message":"","jetpack_publicize_feature_enabled":true,"jetpack_social_post_already_shared":true,"jetpack_social_options":{"image_generator_settings":{"template":"highway","default_image_id":0,"font":"","enabled":false},"version":2}},"categories":[1],"tags":[2390,4002,4601,1423,2413],"class_list":["post-208841","post","type-post","status-publish","format-standard","has-post-thumbnail","hentry","category-genel","tag-bal","tag-dakika","tag-icinde","tag-kilo","tag-yedi"],"jetpack_publicize_connections":[],"jetpack_featured_media_url":"https:\/\/i0.wp.com\/www.tvturk.com\/wp-content\/uploads\/2019\/09\/2-dakika-icinde-icinde-2-kilo-bal-yedi_61b839a.jpg?fit=1000%2C666","jetpack_sharing_enabled":true,"jetpack_shortlink":"https:\/\/wp.me\/paKIfm-Skp","_links":{"self":[{"href":"http:\/\/www.tvturk.com\/index.php\/wp-json\/wp\/v2\/posts\/208841","targetHints":{"allow":["GET"]}}],"collection":[{"href":"http:\/\/www.tvturk.com\/index.php\/wp-json\/wp\/v2\/posts"}],"about":[{"href":"http:\/\/www.tvturk.com\/index.php\/wp-json\/wp\/v2\/types\/post"}],"author":[{"embeddable":true,"href":"http:\/\/www.tvturk.com\/index.php\/wp-json\/wp\/v2\/users\/1"}],"replies":[{"embeddable":true,"href":"http:\/\/www.tvturk.com\/index.php\/wp-json\/wp\/v2\/comments?post=208841"}],"version-history":[{"count":0,"href":"http:\/\/www.tvturk.com\/index.php\/wp-json\/wp\/v2\/posts\/208841\/revisions"}],"wp:featuredmedia":[{"embeddable":true,"href":"http:\/\/www.tvturk.com\/index.php\/wp-json\/wp\/v2\/media\/208842"}],"wp:attachment":[{"href":"http:\/\/www.tvturk.com\/index.php\/wp-json\/wp\/v2\/media?parent=208841"}],"wp:term":[{"taxonomy":"category","embeddable":true,"href":"http:\/\/www.tvturk.com\/index.php\/wp-json\/wp\/v2\/categories?post=208841"},{"taxonomy":"post_tag","embeddable":true,"href":"http:\/\/www.tvturk.com\/index.php\/wp-json\/wp\/v2\/tags?post=208841"}],"curies":[{"name":"wp","href":"https:\/\/api.w.org\/{rel}","templated":true}]}}