{"id":20887,"date":"2019-02-11T11:59:50","date_gmt":"2019-02-11T08:59:50","guid":{"rendered":"http:\/\/www.tvturk.com\/index.php\/izmir-amator-super-lig-foca-belediyespor-3-guzeltepe-genclikspor-0\/"},"modified":"2019-02-11T11:59:53","modified_gmt":"2019-02-11T08:59:53","slug":"izmir-amator-super-lig-foca-belediyespor-3-guzeltepe-genclikspor-0","status":"publish","type":"post","link":"http:\/\/www.tvturk.com\/index.php\/izmir-amator-super-lig-foca-belediyespor-3-guzeltepe-genclikspor-0\/","title":{"rendered":"\u0130zmir Amat\u00f6r S\u00fcper Lig: Fo\u00e7a Belediyespor 3 &#8211; G\u00fczeltepe Gen\u00e7likspor 0"},"content":{"rendered":"<p>\u0130zmir S\u00fcper Amat\u00f6r Lig K\u0131rm\u0131z\u0131 Grup Lideri Fo\u00e7a Belediyespor, G\u00fczeltepe Gen\u00e7likspor\u2019u 3-0 yenerek, takip\u00e7isi ile puan fark\u0131n\u0131 7\u2019ye \u00e7\u0131kard\u0131.<\/p>\n<p>\u0130zmir Amat\u00f6r S\u00fcper Lig\u2019de lider Fo\u00e7a Belediyespor evinde G\u00fczeltepe Gen\u00e7likspor\u2019u yenerek zirve yolunda fire vermedi. Bu galibiyetle, 44 puana ula\u015fan Fo\u00e7a Belediyespor en yak\u0131n takip\u00e7isiyle olan puan fark\u0131n\u0131 da 7\u2019ye \u00e7\u0131kard\u0131.<div class=\"tiled-gallery type-rectangular tiled-gallery-unresized\" data-original-width=\"500\" data-carousel-extra='null' itemscope itemtype=\"http:\/\/schema.org\/ImageGallery\" > <div class=\"gallery-row\" style=\"width: 500px; height: 144px;\" data-original-width=\"500\" data-original-height=\"144\" > <div class=\"gallery-group images-1\" style=\"width: 250px; height: 144px;\" data-original-width=\"250\" data-original-height=\"144\" > <div class=\"tiled-gallery-item tiled-gallery-item-small\" itemprop=\"associatedMedia\" itemscope itemtype=\"http:\/\/schema.org\/ImageObject\"> <a href=\"http:\/\/www.tvturk.com\/index.php\/izmir-amator-super-lig-foca-belediyespor-3-guzeltepe-genclikspor-0\/izmir-amator-super-lig-foca-belediyespor-3-guzeltepe-genclikspor-0-3\/\" border=\"0\" itemprop=\"url\"> <meta itemprop=\"width\" content=\"246\"> <meta itemprop=\"height\" content=\"140\"> <img decoding=\"async\" class=\"\" data-attachment-id=\"20889\" data-orig-file=\"http:\/\/www.tvturk.com\/wp-content\/uploads\/2019\/02\/izmir-amator-super-lig-foca-belediyespor-3-guzeltepe-genclikspor-0_8fde58a.jpg\" data-orig-size=\"1000,571\" data-comments-opened=\"\" data-image-meta=\"{&quot;aperture&quot;:&quot;0&quot;,&quot;credit&quot;:&quot;IHA&quot;,&quot;camera&quot;:&quot;&quot;,&quot;caption&quot;:&quot;\\u0130ZM\\u0130R S\\u00dcPER AMAT\\u00d6R L\\u0130G KIRMIZI GRUP L\\u0130DER\\u0130 FO\\u00c7A BELED\\u0130YESPOR, G\\u00dcZELTEPE GEN\\u00c7L\\u0130KSPOR\\u2019U 3-0 YENEREK, TAK\\u0130P\\u00c7\\u0130S\\u0130 \\u0130LE PUAN FARKINI 7\\u2019YE \\u00c7IKARDI. (\\u0130HA\\\/\\u0130ZM\\u0130R-\\u0130HA)&quot;,&quot;created_timestamp&quot;:&quot;0&quot;,&quot;copyright&quot;:&quot;\\u0130HLAS HABER AJANSI, www.iha.com.tr&quot;,&quot;focal_length&quot;:&quot;0&quot;,&quot;iso&quot;:&quot;0&quot;,&quot;shutter_speed&quot;:&quot;0&quot;,&quot;title&quot;:&quot;\\u0130ZM\\u0130R AMAT\\u00d6R S\\u00dcPER L\\u0130G: FO\\u00c7A BELED\\u0130YESPOR 3 - G\\u00dcZELTEPE GEN\\u00c7L\\u0130KSPOR 0&quot;,&quot;orientation&quot;:&quot;0&quot;}\" data-image-title=\"\u0130zmir Amat\u00f6r S\u00fcper Lig: Fo\u00e7a Belediyespor 3 &amp;#8211; G\u00fczeltepe Gen\u00e7likspor 0\" data-image-description=\"&lt;p&gt;\u0130zmir Amat\u00f6r S\u00fcper Lig: Fo\u00e7a Belediyespor 3 &amp;#8211; G\u00fczeltepe Gen\u00e7likspor 0&lt;\/p&gt; \" data-medium-file=\"https:\/\/i0.wp.com\/www.tvturk.com\/wp-content\/uploads\/2019\/02\/izmir-amator-super-lig-foca-belediyespor-3-guzeltepe-genclikspor-0_8fde58a.jpg?fit=300%2C171\" data-large-file=\"https:\/\/i0.wp.com\/www.tvturk.com\/wp-content\/uploads\/2019\/02\/izmir-amator-super-lig-foca-belediyespor-3-guzeltepe-genclikspor-0_8fde58a.jpg?fit=1000%2C571\" src=\"https:\/\/i0.wp.com\/www.tvturk.com\/wp-content\/uploads\/2019\/02\/izmir-amator-super-lig-foca-belediyespor-3-guzeltepe-genclikspor-0_8fde58a.jpg?w=246&#038;h=140\" srcset=\"https:\/\/i0.wp.com\/www.tvturk.com\/wp-content\/uploads\/2019\/02\/izmir-amator-super-lig-foca-belediyespor-3-guzeltepe-genclikspor-0_8fde58a.jpg?w=1000 1000w, https:\/\/i0.wp.com\/www.tvturk.com\/wp-content\/uploads\/2019\/02\/izmir-amator-super-lig-foca-belediyespor-3-guzeltepe-genclikspor-0_8fde58a.jpg?resize=150%2C86 150w, https:\/\/i0.wp.com\/www.tvturk.com\/wp-content\/uploads\/2019\/02\/izmir-amator-super-lig-foca-belediyespor-3-guzeltepe-genclikspor-0_8fde58a.jpg?resize=300%2C171 300w, https:\/\/i0.wp.com\/www.tvturk.com\/wp-content\/uploads\/2019\/02\/izmir-amator-super-lig-foca-belediyespor-3-guzeltepe-genclikspor-0_8fde58a.jpg?resize=768%2C439 768w, https:\/\/i0.wp.com\/www.tvturk.com\/wp-content\/uploads\/2019\/02\/izmir-amator-super-lig-foca-belediyespor-3-guzeltepe-genclikspor-0_8fde58a.jpg?resize=200%2C113 200w\" width=\"246\" height=\"140\" loading=\"lazy\" data-original-width=\"246\" data-original-height=\"140\" itemprop=\"http:\/\/schema.org\/image\" title=\"\u0130zmir Amat\u00f6r S\u00fcper Lig: Fo\u00e7a Belediyespor 3 - G\u00fczeltepe Gen\u00e7likspor 0\" alt=\"\u0130zmir Amat\u00f6r S\u00fcper Lig: Fo\u00e7a Belediyespor 3 - G\u00fczeltepe Gen\u00e7likspor 0\" style=\"width: 246px; height: 140px;\" \/> <\/a> <\/div> <\/div> <!-- close group --> <div class=\"gallery-group images-1\" style=\"width: 250px; height: 144px;\" data-original-width=\"250\" data-original-height=\"144\" > <div class=\"tiled-gallery-item tiled-gallery-item-small\" itemprop=\"associatedMedia\" itemscope itemtype=\"http:\/\/schema.org\/ImageObject\"> <a href=\"http:\/\/www.tvturk.com\/index.php\/izmir-amator-super-lig-foca-belediyespor-3-guzeltepe-genclikspor-0\/izmir-amator-super-lig-foca-belediyespor-3-guzeltepe-genclikspor-0-4\/\" border=\"0\" itemprop=\"url\"> <meta itemprop=\"width\" content=\"246\"> <meta itemprop=\"height\" content=\"140\"> <img decoding=\"async\" class=\"\" data-attachment-id=\"20890\" data-orig-file=\"http:\/\/www.tvturk.com\/wp-content\/uploads\/2019\/02\/izmir-amator-super-lig-foca-belediyespor-3-guzeltepe-genclikspor-0_b1fa285.jpg\" data-orig-size=\"1000,571\" data-comments-opened=\"\" data-image-meta=\"{&quot;aperture&quot;:&quot;0&quot;,&quot;credit&quot;:&quot;IHA&quot;,&quot;camera&quot;:&quot;&quot;,&quot;caption&quot;:&quot;\\u0130ZM\\u0130R S\\u00dcPER AMAT\\u00d6R L\\u0130G KIRMIZI GRUP L\\u0130DER\\u0130 FO\\u00c7A BELED\\u0130YESPOR, G\\u00dcZELTEPE GEN\\u00c7L\\u0130KSPOR\\u2019U 3-0 YENEREK, TAK\\u0130P\\u00c7\\u0130S\\u0130 \\u0130LE PUAN FARKINI 7\\u2019YE \\u00c7IKARDI. (\\u0130HA\\\/\\u0130ZM\\u0130R-\\u0130HA)&quot;,&quot;created_timestamp&quot;:&quot;0&quot;,&quot;copyright&quot;:&quot;\\u0130HLAS HABER AJANSI, www.iha.com.tr&quot;,&quot;focal_length&quot;:&quot;0&quot;,&quot;iso&quot;:&quot;0&quot;,&quot;shutter_speed&quot;:&quot;0&quot;,&quot;title&quot;:&quot;\\u0130ZM\\u0130R AMAT\\u00d6R S\\u00dcPER L\\u0130G: FO\\u00c7A BELED\\u0130YESPOR 3 - G\\u00dcZELTEPE GEN\\u00c7L\\u0130KSPOR 0&quot;,&quot;orientation&quot;:&quot;0&quot;}\" data-image-title=\"\u0130zmir Amat\u00f6r S\u00fcper Lig: Fo\u00e7a Belediyespor 3 &amp;#8211; G\u00fczeltepe Gen\u00e7likspor 0\" data-image-description=\"&lt;p&gt;\u0130zmir Amat\u00f6r S\u00fcper Lig: Fo\u00e7a Belediyespor 3 &amp;#8211; G\u00fczeltepe Gen\u00e7likspor 0&lt;\/p&gt; \" data-medium-file=\"https:\/\/i0.wp.com\/www.tvturk.com\/wp-content\/uploads\/2019\/02\/izmir-amator-super-lig-foca-belediyespor-3-guzeltepe-genclikspor-0_b1fa285.jpg?fit=300%2C171\" data-large-file=\"https:\/\/i0.wp.com\/www.tvturk.com\/wp-content\/uploads\/2019\/02\/izmir-amator-super-lig-foca-belediyespor-3-guzeltepe-genclikspor-0_b1fa285.jpg?fit=1000%2C571\" src=\"https:\/\/i0.wp.com\/www.tvturk.com\/wp-content\/uploads\/2019\/02\/izmir-amator-super-lig-foca-belediyespor-3-guzeltepe-genclikspor-0_b1fa285.jpg?w=246&#038;h=140\" srcset=\"https:\/\/i0.wp.com\/www.tvturk.com\/wp-content\/uploads\/2019\/02\/izmir-amator-super-lig-foca-belediyespor-3-guzeltepe-genclikspor-0_b1fa285.jpg?w=1000 1000w, https:\/\/i0.wp.com\/www.tvturk.com\/wp-content\/uploads\/2019\/02\/izmir-amator-super-lig-foca-belediyespor-3-guzeltepe-genclikspor-0_b1fa285.jpg?resize=150%2C86 150w, https:\/\/i0.wp.com\/www.tvturk.com\/wp-content\/uploads\/2019\/02\/izmir-amator-super-lig-foca-belediyespor-3-guzeltepe-genclikspor-0_b1fa285.jpg?resize=300%2C171 300w, https:\/\/i0.wp.com\/www.tvturk.com\/wp-content\/uploads\/2019\/02\/izmir-amator-super-lig-foca-belediyespor-3-guzeltepe-genclikspor-0_b1fa285.jpg?resize=768%2C439 768w, https:\/\/i0.wp.com\/www.tvturk.com\/wp-content\/uploads\/2019\/02\/izmir-amator-super-lig-foca-belediyespor-3-guzeltepe-genclikspor-0_b1fa285.jpg?resize=200%2C113 200w\" width=\"246\" height=\"140\" loading=\"lazy\" data-original-width=\"246\" data-original-height=\"140\" itemprop=\"http:\/\/schema.org\/image\" title=\"\u0130zmir Amat\u00f6r S\u00fcper Lig: Fo\u00e7a Belediyespor 3 - G\u00fczeltepe Gen\u00e7likspor 0\" alt=\"\u0130zmir Amat\u00f6r S\u00fcper Lig: Fo\u00e7a Belediyespor 3 - G\u00fczeltepe Gen\u00e7likspor 0\" style=\"width: 246px; height: 140px;\" \/> <\/a> <\/div> <\/div> <!-- close group --> <\/div> <!-- close row --> <div class=\"gallery-row\" style=\"width: 500px; height: 287px;\" data-original-width=\"500\" data-original-height=\"287\" > <div class=\"gallery-group images-1\" style=\"width: 500px; height: 287px;\" data-original-width=\"500\" data-original-height=\"287\" > <div class=\"tiled-gallery-item tiled-gallery-item-large\" itemprop=\"associatedMedia\" itemscope itemtype=\"http:\/\/schema.org\/ImageObject\"> <a href=\"http:\/\/www.tvturk.com\/index.php\/izmir-amator-super-lig-foca-belediyespor-3-guzeltepe-genclikspor-0\/izmir-amator-super-lig-foca-belediyespor-3-guzeltepe-genclikspor-0-5\/\" border=\"0\" itemprop=\"url\"> <meta itemprop=\"width\" content=\"496\"> <meta itemprop=\"height\" content=\"283\"> <img decoding=\"async\" class=\"\" data-attachment-id=\"20891\" data-orig-file=\"http:\/\/www.tvturk.com\/wp-content\/uploads\/2019\/02\/izmir-amator-super-lig-foca-belediyespor-3-guzeltepe-genclikspor-0_c2ebb96.jpg\" data-orig-size=\"1000,571\" data-comments-opened=\"\" data-image-meta=\"{&quot;aperture&quot;:&quot;0&quot;,&quot;credit&quot;:&quot;IHA&quot;,&quot;camera&quot;:&quot;&quot;,&quot;caption&quot;:&quot;\\u0130ZM\\u0130R S\\u00dcPER AMAT\\u00d6R L\\u0130G KIRMIZI GRUP L\\u0130DER\\u0130 FO\\u00c7A BELED\\u0130YESPOR, G\\u00dcZELTEPE GEN\\u00c7L\\u0130KSPOR\\u2019U 3-0 YENEREK, TAK\\u0130P\\u00c7\\u0130S\\u0130 \\u0130LE PUAN FARKINI 7\\u2019YE \\u00c7IKARDI. (\\u0130HA\\\/\\u0130ZM\\u0130R-\\u0130HA)&quot;,&quot;created_timestamp&quot;:&quot;0&quot;,&quot;copyright&quot;:&quot;\\u0130HLAS HABER AJANSI, www.iha.com.tr&quot;,&quot;focal_length&quot;:&quot;0&quot;,&quot;iso&quot;:&quot;0&quot;,&quot;shutter_speed&quot;:&quot;0&quot;,&quot;title&quot;:&quot;\\u0130ZM\\u0130R AMAT\\u00d6R S\\u00dcPER L\\u0130G: FO\\u00c7A BELED\\u0130YESPOR 3 - G\\u00dcZELTEPE GEN\\u00c7L\\u0130KSPOR 0&quot;,&quot;orientation&quot;:&quot;0&quot;}\" data-image-title=\"\u0130zmir Amat\u00f6r S\u00fcper Lig: Fo\u00e7a Belediyespor 3 &amp;#8211; G\u00fczeltepe Gen\u00e7likspor 0\" data-image-description=\"&lt;p&gt;\u0130zmir Amat\u00f6r S\u00fcper Lig: Fo\u00e7a Belediyespor 3 &amp;#8211; G\u00fczeltepe Gen\u00e7likspor 0&lt;\/p&gt; \" data-medium-file=\"https:\/\/i0.wp.com\/www.tvturk.com\/wp-content\/uploads\/2019\/02\/izmir-amator-super-lig-foca-belediyespor-3-guzeltepe-genclikspor-0_c2ebb96.jpg?fit=300%2C171\" data-large-file=\"https:\/\/i0.wp.com\/www.tvturk.com\/wp-content\/uploads\/2019\/02\/izmir-amator-super-lig-foca-belediyespor-3-guzeltepe-genclikspor-0_c2ebb96.jpg?fit=1000%2C571\" src=\"https:\/\/i0.wp.com\/www.tvturk.com\/wp-content\/uploads\/2019\/02\/izmir-amator-super-lig-foca-belediyespor-3-guzeltepe-genclikspor-0_c2ebb96.jpg?w=496&#038;h=283\" srcset=\"https:\/\/i0.wp.com\/www.tvturk.com\/wp-content\/uploads\/2019\/02\/izmir-amator-super-lig-foca-belediyespor-3-guzeltepe-genclikspor-0_c2ebb96.jpg?w=1000 1000w, https:\/\/i0.wp.com\/www.tvturk.com\/wp-content\/uploads\/2019\/02\/izmir-amator-super-lig-foca-belediyespor-3-guzeltepe-genclikspor-0_c2ebb96.jpg?resize=150%2C86 150w, https:\/\/i0.wp.com\/www.tvturk.com\/wp-content\/uploads\/2019\/02\/izmir-amator-super-lig-foca-belediyespor-3-guzeltepe-genclikspor-0_c2ebb96.jpg?resize=300%2C171 300w, https:\/\/i0.wp.com\/www.tvturk.com\/wp-content\/uploads\/2019\/02\/izmir-amator-super-lig-foca-belediyespor-3-guzeltepe-genclikspor-0_c2ebb96.jpg?resize=768%2C439 768w, https:\/\/i0.wp.com\/www.tvturk.com\/wp-content\/uploads\/2019\/02\/izmir-amator-super-lig-foca-belediyespor-3-guzeltepe-genclikspor-0_c2ebb96.jpg?resize=200%2C113 200w\" width=\"496\" height=\"283\" loading=\"lazy\" data-original-width=\"496\" data-original-height=\"283\" itemprop=\"http:\/\/schema.org\/image\" title=\"\u0130zmir Amat\u00f6r S\u00fcper Lig: Fo\u00e7a Belediyespor 3 - G\u00fczeltepe Gen\u00e7likspor 0\" alt=\"\u0130zmir Amat\u00f6r S\u00fcper Lig: Fo\u00e7a Belediyespor 3 - G\u00fczeltepe Gen\u00e7likspor 0\" style=\"width: 496px; height: 283px;\" \/> <\/a> <\/div> <\/div> <!-- close group --> <\/div> <!-- close row --> <\/div><\/p>\n","protected":false},"excerpt":{"rendered":"<p>\u0130ZM\u0130R S\u00dcPER AMAT\u00d6R L\u0130G KIRMIZI GRUP L\u0130DER\u0130 FO\u00c7A BELED\u0130YESPOR, G\u00dcZELTEPE GEN\u00c7L\u0130KSPOR\u2019U 3-0 YENEREK, TAK\u0130P\u00c7\u0130S\u0130 \u0130LE PUAN FARKINI 7\u2019YE \u00c7IKARDI.<\/p>\n","protected":false},"author":1,"featured_media":20888,"comment_status":"closed","ping_status":"open","sticky":false,"template":"","format":"standard","meta":{"jetpack_post_was_ever_published":false,"_jetpack_newsletter_access":"","_jetpack_dont_email_post_to_subs":false,"_jetpack_newsletter_tier_id":0,"_jetpack_memberships_contains_paywalled_content":false,"_jetpack_memberships_contains_paid_content":false,"footnotes":"","jetpack_publicize_message":"","jetpack_publicize_feature_enabled":true,"jetpack_social_post_already_shared":false,"jetpack_social_options":{"image_generator_settings":{"template":"highway","default_image_id":0,"font":"","enabled":false},"version":2}},"categories":[657],"tags":[8220,2556,6289,7999,9080,2702,905,1463],"class_list":["post-20887","post","type-post","status-publish","format-standard","has-post-thumbnail","hentry","category-spor","tag-amator","tag-belediyespor","tag-foca","tag-genclikspor","tag-guzeltepe","tag-izmir","tag-lig","tag-super"],"jetpack_publicize_connections":[],"jetpack_featured_media_url":"https:\/\/i0.wp.com\/www.tvturk.com\/wp-content\/uploads\/2019\/02\/izmir-amator-super-lig-foca-belediyespor-3-guzeltepe-genclikspor-0_8138f5f.jpg?fit=1000%2C571","jetpack_sharing_enabled":true,"jetpack_shortlink":"https:\/\/wp.me\/paKIfm-5qT","_links":{"self":[{"href":"http:\/\/www.tvturk.com\/index.php\/wp-json\/wp\/v2\/posts\/20887","targetHints":{"allow":["GET"]}}],"collection":[{"href":"http:\/\/www.tvturk.com\/index.php\/wp-json\/wp\/v2\/posts"}],"about":[{"href":"http:\/\/www.tvturk.com\/index.php\/wp-json\/wp\/v2\/types\/post"}],"author":[{"embeddable":true,"href":"http:\/\/www.tvturk.com\/index.php\/wp-json\/wp\/v2\/users\/1"}],"replies":[{"embeddable":true,"href":"http:\/\/www.tvturk.com\/index.php\/wp-json\/wp\/v2\/comments?post=20887"}],"version-history":[{"count":1,"href":"http:\/\/www.tvturk.com\/index.php\/wp-json\/wp\/v2\/posts\/20887\/revisions"}],"predecessor-version":[{"id":20892,"href":"http:\/\/www.tvturk.com\/index.php\/wp-json\/wp\/v2\/posts\/20887\/revisions\/20892"}],"wp:featuredmedia":[{"embeddable":true,"href":"http:\/\/www.tvturk.com\/index.php\/wp-json\/wp\/v2\/media\/20888"}],"wp:attachment":[{"href":"http:\/\/www.tvturk.com\/index.php\/wp-json\/wp\/v2\/media?parent=20887"}],"wp:term":[{"taxonomy":"category","embeddable":true,"href":"http:\/\/www.tvturk.com\/index.php\/wp-json\/wp\/v2\/categories?post=20887"},{"taxonomy":"post_tag","embeddable":true,"href":"http:\/\/www.tvturk.com\/index.php\/wp-json\/wp\/v2\/tags?post=20887"}],"curies":[{"name":"wp","href":"https:\/\/api.w.org\/{rel}","templated":true}]}}