{"id":209052,"date":"2019-09-29T10:16:39","date_gmt":"2019-09-29T07:16:39","guid":{"rendered":"http:\/\/www.tvturk.com\/index.php\/tesk-genel-baskani-palandoken-kentsel-donusum-birinci-onceligimiz-olmali\/"},"modified":"2019-09-29T10:16:39","modified_gmt":"2019-09-29T07:16:39","slug":"tesk-genel-baskani-palandoken-kentsel-donusum-birinci-onceligimiz-olmali","status":"publish","type":"post","link":"http:\/\/www.tvturk.com\/index.php\/tesk-genel-baskani-palandoken-kentsel-donusum-birinci-onceligimiz-olmali\/","title":{"rendered":"TESK Genel Ba\u015fkan\u0131 Paland\u00f6ken: \u201cKentsel d\u00f6n\u00fc\u015f\u00fcm birinci \u00f6nceli\u011fimiz olmal\u0131\u201d"},"content":{"rendered":"<p>T\u00fcrkiye Esnaf ve Sanatkarlar\u0131 Konfederasyonu (TESK) Genel Ba\u015fkan\u0131 Bendevi Paland\u00f6ken, \u201c\u00dclke olarak deprem ku\u015fa\u011f\u0131nda ya\u015fad\u0131\u011f\u0131m\u0131z ger\u00e7e\u011fini art\u0131k kabullenmeliyiz. T\u00fcm planlar\u0131m\u0131z\u0131 ve \u00e7al\u0131\u015fmalar\u0131m\u0131z\u0131 buna g\u00f6re yapmal\u0131 ve kentsel d\u00f6n\u00fc\u015f\u00fcm planlar\u0131n\u0131 hayata ge\u00e7irmek i\u00e7in acele etmeliyiz\u201d dedi.<\/p>\n<p>Deprem ku\u015fa\u011f\u0131nda yer alan \u00fclkemizde bu ger\u00e7ekle ya\u015famay\u0131 \u00f6\u011frenmemiz ve t\u00fcm planlar\u0131 buna g\u00f6re yapmam\u0131z gerekti\u011fini s\u00f6yleyen TESK Genel Ba\u015fkan\u0131 Bendevi Paland\u00f6ken, \u201cSon y\u00fczy\u0131lda \u00fclkemizde ya\u015fanan b\u00fcy\u00fck depremlerde \u00e7ok say\u0131da bina y\u0131k\u0131l\u0131rken, 80 binin \u00fczerinde vatanda\u015f\u0131m\u0131z hayat\u0131n\u0131 kaybetti. Ya\u015fad\u0131\u011f\u0131m\u0131z felaketlerin ve yitirdi\u011fimiz canlar\u0131n yaras\u0131 hi\u00e7 kapanm\u0131yor. \u0130stanbul ilimiz ba\u015fta olmak \u00fczere k\u0131sa s\u00fcre i\u00e7erisinde \u00fclke genelinde ya\u015fanan depremler ak\u0131llara yeniden b\u00fcy\u00fck deprem ihtimallerini getiriyor. \u00dclke olarak deprem ku\u015fa\u011f\u0131nda ya\u015fad\u0131\u011f\u0131m\u0131z ger\u00e7e\u011fini art\u0131k kabullenmeliyiz. T\u00fcm planlar\u0131m\u0131z\u0131 ve \u00e7al\u0131\u015fmalar\u0131m\u0131z\u0131 buna g\u00f6re yapmal\u0131 ve kentsel d\u00f6n\u00fc\u015f\u00fcm planlar\u0131n\u0131 hayata ge\u00e7irmek i\u00e7in acele etmeliyiz\u201d diye konu\u015ftu.<\/p>\n<p>\u201cKentsel d\u00f6n\u00fc\u015f\u00fcm planlar\u0131 i\u00e7in acele edilmeli\u201d<\/p>\n<p>Kentsel d\u00f6n\u00fc\u015f\u00fcm planlar\u0131n\u0131n hayata ge\u00e7irilmesi i\u00e7in acele edilmesi gerekti\u011finin alt\u0131n\u0131 \u00e7izen Paland\u00f6ken, \u201c\u00dclkemizin y\u00fczde 66\u2019s\u0131 deprem riski olan alanlardan olu\u015fuyor. N\u00fcfusumuzun y\u00fczde 71\u2019i ise bu alanlarda ikamet ediyor. Deprem ku\u015fa\u011f\u0131nda yer alan \u00fclkemiz her an yeni bir deprem riski alt\u0131nda. Bu riskle ba\u015fa \u00e7\u0131kabilmek i\u00e7in \u00c7evre ve \u015eehircilik Bakanl\u0131\u011f\u0131 taraf\u0131ndan a\u00e7\u0131klanan Kentsel D\u00f6n\u00fc\u015f\u00fcm Eylem Plan\u0131\u2019n\u0131 destekliyoruz. \u00dclkemizde \u015fu an acil ve \u00f6ncelikli d\u00f6n\u00fc\u015ft\u00fcr\u00fclmesi gereken 6.7 milyon konutun 1.5 milyonunun 5 y\u0131l i\u00e7erisinde d\u00f6n\u00fc\u015ft\u00fcr\u00fclecek olmas\u0131 sevindirici. Bu eylem plan\u0131 i\u00e7in bir an \u00f6nce harekete ge\u00e7ilmeli. Deprem riski y\u00fcksek olan b\u00f6lgelere \u00f6ncelik verilmeli. Bunun yan\u0131 s\u0131ra g\u00fc\u00e7lendirme ve yenileme planlar\u0131 ile baz\u0131 yap\u0131lar da y\u0131k\u0131lmadan depreme dayan\u0131kl\u0131 hale getirilmeli. Depremler ya\u015fanmadan tedbir almaya ba\u015flamal\u0131y\u0131z. Depremlere kar\u015f\u0131 tedbir \u00fclke olarak bizim birinci \u00f6nceli\u011fimiz olmal\u0131\u201d \u015feklinde konu\u015ftu.<\/p>\n<p>\u201cD\u00f6n\u00fc\u015ft\u00fcr\u00fclecek yap\u0131larda esnafa da yer ayr\u0131lmal\u0131\u201d<\/p>\n<p>Kentsel d\u00f6n\u00fc\u015f\u00fcm planlar\u0131n\u0131n t\u00fcm sekt\u00f6rler, vatanda\u015flar ve esnaf i\u00e7in olumlu oldu\u011funu dile getiren Paland\u00f6ken, \u201cKentsel d\u00f6n\u00fc\u015f\u00fcm i\u00e7in hi\u00e7 vakit kaybedilmeden bir an \u00f6nce harekete ge\u00e7ilmeli. \u00d6zellikle b\u00fcy\u00fck \u015fehirlerde \u00e7ok katl\u0131 yap\u0131larda da d\u00f6n\u00fc\u015f\u00fcme ihtiya\u00e7 var. Bir binan\u0131n bile yenilenmesi, onlarca ki\u015finin hayat\u0131n\u0131 kurtard\u0131\u011f\u0131 gibi beraberinde sekt\u00f6r\u00fc ve piyasay\u0131 da hareketlendirir. S\u00fcrekli yeni in\u015faat alanlar\u0131 ve ihtiya\u00e7 fazlas\u0131 konut yapmak yerine eski yap\u0131lar d\u00f6n\u00fc\u015ft\u00fcr\u00fcl\u00fcrse ekonomimiz i\u00e7in de, \u00e7evreyi korumak i\u00e7in de olumlu olur. \u00d6te yandan kentsel d\u00f6n\u00fc\u015f\u00fcmle yeniden yap\u0131lacak binalarda esnaf\u0131m\u0131z da d\u00fc\u015f\u00fcn\u00fclmeli. Sitelerde ve bina altlar\u0131nda bakkal, manav, berber, terzi gibi esnafa yer ay\u0131rmay\u0131 unutmamal\u0131y\u0131z\u201d ifadelerini kulland\u0131.<\/p>\n","protected":false},"excerpt":{"rendered":"<p>T\u00dcRK\u0130YE ESNAF VE SANATKARLARI KONFEDERASYONU (TESK) GENEL BA\u015eKANI BENDEV\u0130 PALAND\u00d6KEN, \u201c\u00dcLKE OLARAK DEPREM KU\u015eA\u011eINDA YA\u015eADI\u011eIMIZ GER\u00c7E\u011e\u0130N\u0130 ARTIK KABULLENMEL\u0130Y\u0130Z. T\u00dcM PLANLARIMIZI VE \u00c7ALI\u015eMALARIMIZI BUNA G\u00d6RE YAPMALI VE KENTSEL D\u00d6N\u00dc\u015e\u00dcM PLANLARINI HAYATA GE\u00c7\u0130RMEK \u0130\u00c7\u0130N ACELE ETMEL\u0130Y\u0130Z\u201d DED\u0130.<\/p>\n","protected":false},"author":1,"featured_media":209053,"comment_status":"closed","ping_status":"open","sticky":false,"template":"","format":"standard","meta":{"jetpack_post_was_ever_published":false,"_jetpack_newsletter_access":"","_jetpack_dont_email_post_to_subs":false,"_jetpack_newsletter_tier_id":0,"_jetpack_memberships_contains_paywalled_content":false,"_jetpack_memberships_contains_paid_content":false,"footnotes":"","jetpack_publicize_message":"","jetpack_publicize_feature_enabled":true,"jetpack_social_post_already_shared":true,"jetpack_social_options":{"image_generator_settings":{"template":"highway","default_image_id":0,"font":"","enabled":false},"version":2}},"categories":[1],"tags":[216,93,1692,869,7397,3815,20148,8073,12357],"class_list":["post-209052","post","type-post","status-publish","format-standard","has-post-thumbnail","hentry","category-genel","tag-baskani","tag-birinci","tag-donusum","tag-genel","tag-kentsel","tag-olmali","tag-onceligimiz","tag-palandoken","tag-tesk"],"jetpack_publicize_connections":[],"jetpack_featured_media_url":"https:\/\/i0.wp.com\/www.tvturk.com\/wp-content\/uploads\/2019\/09\/tesk-genel-baskani-palandoken-kentsel-donusum-birinci-onceligimiz-olmali_a629b09.jpg?fit=1000%2C664","jetpack_sharing_enabled":true,"jetpack_shortlink":"https:\/\/wp.me\/paKIfm-SnO","_links":{"self":[{"href":"http:\/\/www.tvturk.com\/index.php\/wp-json\/wp\/v2\/posts\/209052","targetHints":{"allow":["GET"]}}],"collection":[{"href":"http:\/\/www.tvturk.com\/index.php\/wp-json\/wp\/v2\/posts"}],"about":[{"href":"http:\/\/www.tvturk.com\/index.php\/wp-json\/wp\/v2\/types\/post"}],"author":[{"embeddable":true,"href":"http:\/\/www.tvturk.com\/index.php\/wp-json\/wp\/v2\/users\/1"}],"replies":[{"embeddable":true,"href":"http:\/\/www.tvturk.com\/index.php\/wp-json\/wp\/v2\/comments?post=209052"}],"version-history":[{"count":0,"href":"http:\/\/www.tvturk.com\/index.php\/wp-json\/wp\/v2\/posts\/209052\/revisions"}],"wp:featuredmedia":[{"embeddable":true,"href":"http:\/\/www.tvturk.com\/index.php\/wp-json\/wp\/v2\/media\/209053"}],"wp:attachment":[{"href":"http:\/\/www.tvturk.com\/index.php\/wp-json\/wp\/v2\/media?parent=209052"}],"wp:term":[{"taxonomy":"category","embeddable":true,"href":"http:\/\/www.tvturk.com\/index.php\/wp-json\/wp\/v2\/categories?post=209052"},{"taxonomy":"post_tag","embeddable":true,"href":"http:\/\/www.tvturk.com\/index.php\/wp-json\/wp\/v2\/tags?post=209052"}],"curies":[{"name":"wp","href":"https:\/\/api.w.org\/{rel}","templated":true}]}}