{"id":209092,"date":"2019-09-29T11:32:15","date_gmt":"2019-09-29T08:32:15","guid":{"rendered":"http:\/\/www.tvturk.com\/index.php\/tarih-kenti-mardin-ziyaretci-akinina-ugruyor\/"},"modified":"2019-09-29T11:32:15","modified_gmt":"2019-09-29T08:32:15","slug":"tarih-kenti-mardin-ziyaretci-akinina-ugruyor","status":"publish","type":"post","link":"http:\/\/www.tvturk.com\/index.php\/tarih-kenti-mardin-ziyaretci-akinina-ugruyor\/","title":{"rendered":"Tarih kenti Mardin ziyaret\u00e7i ak\u0131n\u0131na u\u011fruyor"},"content":{"rendered":"<p>Binlerce y\u0131ll\u0131k tarihe ev sahipli\u011fi yapan a\u00e7\u0131k hava m\u00fczesi g\u00f6r\u00fcn\u00fcm\u00fcndeki Mardin, hafta sonu yerli ve yabanc\u0131 turistlerin ak\u0131n\u0131na u\u011frad\u0131. Tarihi kent giri\u015finde uzun ara\u00e7 kuyruklar\u0131 olu\u015furken, ta\u015f konaklar\u0131n bulundu\u011fu sokaklar turistlerle doldu ta\u015ft\u0131.<\/p>\n<p>Bu y\u0131l 5 bu\u00e7uk milyon turist hedefi ile yola \u00e7\u0131kan, ilk ve sonbahar aylar\u0131nda otellerin doluluk oran\u0131 y\u00fczde 100\u2019e ula\u015fan Mardin, hafta sonu ziyaret\u00e7i ak\u0131n\u0131na u\u011frad\u0131. Tarihi Zinciriye Medresesi, Dayrulzafran Manast\u0131r\u0131, Dara antik kenti, Midyat, Nusaybin\u2019de bulunan binlerce y\u0131ll\u0131k ta\u015f konaklar ve k\u00fclt\u00fcrel tarihe ev sahipli\u011fi yapan kente gelen turistler, sokak sanat\u00e7\u0131lar\u0131 y\u00f6resel ezgiler ile doyas\u0131ya e\u011flendi. Turizmciler ekim ve kas\u0131m aylar\u0131nda doluluk oranlar\u0131n\u0131 yakalad\u0131klar\u0131n\u0131 ifade ederek, say\u0131n\u0131n daha da artmas\u0131n\u0131 bekliyor.<\/p>\n<p>Antakya\u2019dan gelen gelen Elem Kahya, Mardin\u2019i gezmeyi \u00e7ok istedi\u011fini bu nedenle kente geldi\u011fini s\u00f6yledi. Kahya, &#8220;Mardin \u00e7ok g\u00fczel tarihi bir \u015fehir. Bozulmam\u0131\u015f olmas\u0131 \u00e7ok g\u00fczel. Antakya\u2019ya benzer yan\u0131 \u00e7ok. \u00c7ok be\u011fendik \u00e7ok g\u00fczel bir \u015fehir&#8221; dedi.<\/p>\n<p>Mardin\u2019de Avusturya\u2019dan geldi\u011fini kaydeden S\u00fcheyla Guru ise, &#8220;Mardin\u2019e Viyana\u2019dan geliyoruz. Her y\u0131l geliyoruz. Ben Midyat\u2019a  gelin gelmi\u015ftim. T\u00fcrk\u00e7e kursuna giderek T\u00fcrk\u00e7eyi \u00f6\u011frendim.Mardin \u00e7ok g\u00fczel, biz de her y\u0131l geliyoruz\u201d diye konu\u015ftu.<\/p>\n<p>Sevgi Guru da, Mardin\u2019in mutlaka g\u00f6r\u00fclmesi gerekti\u011fini ifade ederek, &#8220;\u0130nsanlar Mardin\u2019e gelmeli. Bu atmosferi ya\u015famal\u0131. Anlat\u0131lacak bir \u015fehir de\u011fil insanlar bunu ya\u015famal\u0131&#8221; \u015feklinde konu\u015ftu.<\/p>\n<p>Mardin\u2019de turizm acente sahibi \u0130smail Sincar ise, kente gittik\u00e7e artan oranda misafirlerin geldi\u011fini s\u00f6yledi. Sincar, &#8220;Temennimiz daha da artmas\u0131. Beklentimiz y\u00fcksek insanlar\u0131 davet ediyoruz. Ekim ve kas\u0131m i\u00e7in doluluk oran\u0131 \u00e7ok iyi. Turizmde art\u0131k t\u00fcm hem\u015fehrilerimiz ge\u00e7imini turizmden sa\u011flamak durumda. \u0130n\u015fallah daha da iyi olacak bekliyoruz&#8221; dedi.<\/p>\n","protected":false},"excerpt":{"rendered":"<p>MARD\u0130N, HAFTA SONU YERL\u0130 VE YABANCI TUR\u0130STLER\u0130N AKININA U\u011eRADI.<\/p>\n","protected":false},"author":1,"featured_media":209093,"comment_status":"closed","ping_status":"open","sticky":false,"template":"","format":"standard","meta":{"jetpack_post_was_ever_published":false,"_jetpack_newsletter_access":"","_jetpack_dont_email_post_to_subs":false,"_jetpack_newsletter_tier_id":0,"_jetpack_memberships_contains_paywalled_content":false,"_jetpack_memberships_contains_paid_content":false,"footnotes":"","jetpack_publicize_message":"","jetpack_publicize_feature_enabled":true,"jetpack_social_post_already_shared":true,"jetpack_social_options":{"image_generator_settings":{"template":"highway","default_image_id":0,"font":"","enabled":false},"version":2}},"categories":[1],"tags":[17280,13838,8799,1330,17281,6267],"class_list":["post-209092","post","type-post","status-publish","format-standard","has-post-thumbnail","hentry","category-genel","tag-akinina","tag-kenti","tag-mardin","tag-tarih","tag-ugruyor","tag-ziyaretci"],"jetpack_publicize_connections":[],"jetpack_featured_media_url":"https:\/\/i0.wp.com\/www.tvturk.com\/wp-content\/uploads\/2019\/09\/tarih-kenti-mardin-ziyaretci-akinina-ugruyor_7f84fff.jpg?fit=1000%2C756","jetpack_sharing_enabled":true,"jetpack_shortlink":"https:\/\/wp.me\/paKIfm-Sos","_links":{"self":[{"href":"http:\/\/www.tvturk.com\/index.php\/wp-json\/wp\/v2\/posts\/209092","targetHints":{"allow":["GET"]}}],"collection":[{"href":"http:\/\/www.tvturk.com\/index.php\/wp-json\/wp\/v2\/posts"}],"about":[{"href":"http:\/\/www.tvturk.com\/index.php\/wp-json\/wp\/v2\/types\/post"}],"author":[{"embeddable":true,"href":"http:\/\/www.tvturk.com\/index.php\/wp-json\/wp\/v2\/users\/1"}],"replies":[{"embeddable":true,"href":"http:\/\/www.tvturk.com\/index.php\/wp-json\/wp\/v2\/comments?post=209092"}],"version-history":[{"count":0,"href":"http:\/\/www.tvturk.com\/index.php\/wp-json\/wp\/v2\/posts\/209092\/revisions"}],"wp:featuredmedia":[{"embeddable":true,"href":"http:\/\/www.tvturk.com\/index.php\/wp-json\/wp\/v2\/media\/209093"}],"wp:attachment":[{"href":"http:\/\/www.tvturk.com\/index.php\/wp-json\/wp\/v2\/media?parent=209092"}],"wp:term":[{"taxonomy":"category","embeddable":true,"href":"http:\/\/www.tvturk.com\/index.php\/wp-json\/wp\/v2\/categories?post=209092"},{"taxonomy":"post_tag","embeddable":true,"href":"http:\/\/www.tvturk.com\/index.php\/wp-json\/wp\/v2\/tags?post=209092"}],"curies":[{"name":"wp","href":"https:\/\/api.w.org\/{rel}","templated":true}]}}