{"id":209132,"date":"2019-09-29T13:47:24","date_gmt":"2019-09-29T10:47:24","guid":{"rendered":"http:\/\/www.tvturk.com\/index.php\/kadikoyde-caz-sesleri-yukseldi\/"},"modified":"2019-09-29T13:47:24","modified_gmt":"2019-09-29T10:47:24","slug":"kadikoyde-caz-sesleri-yukseldi","status":"publish","type":"post","link":"http:\/\/www.tvturk.com\/index.php\/kadikoyde-caz-sesleri-yukseldi\/","title":{"rendered":"Kad\u0131k\u00f6y\u2019de caz sesleri y\u00fckseldi"},"content":{"rendered":"<p>KADFEST Uluslararas\u0131 Kad\u0131k\u00f6y Festivali kapsam\u0131nda d\u00fczenlenen Caz G\u00fcnleri, Kerem G\u00f6rsev ve TRT \u0130stanbul Radyosu Hafif M\u00fczik ve Caz Orkestras\u0131\u2019n\u0131n Kalam\u0131\u015f Park\u0131\u2019nda verdi\u011fi konserle son buldu.<\/p>\n<p>Kad\u0131k\u00f6y Belediyesi, KADFEST Uluslararas\u0131 Kad\u0131k\u00f6y Festivali ile Temmuz\u2019da \u201cY\u0131ld\u0131zlar Alt\u0131nda Sinema\u201d, A\u011fustos\u2019ta ise \u201c\u00c7izgi ve Sahaf G\u00fcnleri\u201d etkinliklerinde Kad\u0131k\u00f6yl\u00fclerle bulu\u015ftu. Eyl\u00fcl\u2019de d\u00fczenlenen \u201cCaz G\u00fcnleri\u201d ile de 2019 sezonu tamamland\u0131. Festivalin son etkinli\u011fi olan Caz G\u00fcnleri, Kalam\u0131\u015f Park\u0131, Fenerbah\u00e7e Park\u0131 ve Yelde\u011firmeni Sanat Merkezi\u2019nde d\u00fczenlenen konser, panel, sergi ve film g\u00f6sterimlerine ev sahipli\u011fi yapt\u0131.<\/p>\n<p>Festivalin kapan\u0131\u015f\u0131nda konu\u015fan Kad\u0131k\u00f6y Belediye Ba\u015fkan\u0131 \u015eerdil Dara Odaba\u015f\u0131, &#8220;Kad\u0131k\u00f6yl\u00fc sanat\u0131na sahip \u00e7\u0131k\u0131yor. Bizim yapt\u0131\u011f\u0131m\u0131z sadece sanatla Kad\u0131k\u00f6yl\u00fc\u2019y\u00fc bulu\u015fturmak. KADFEST\u2019i d\u00fczenlerken bu kadar kalabal\u0131k olaca\u011f\u0131n\u0131 tahmin etmemi\u015ftik, kat\u0131l\u0131m tahminlerimizi a\u015ft\u0131. \u00d6n\u00fcm\u00fczdeki sene bu festivali daha da b\u00fcy\u00fcterek yapaca\u011f\u0131z. \u0130yi ki Kad\u0131k\u00f6yl\u00fcy\u00fcz\u2019 diye konu\u015ftu.<\/p>\n<p>Finalde Kerem G\u00f6rsev sahne ald\u0131<\/p>\n<p>3 g\u00fcn s\u00fcren festival Kerem G\u00f6rsev ile TRT \u0130stanbul Radyosu Hafif M\u00fczik ve Caz Orkestras\u0131\u2019n\u0131n Kalam\u0131\u015f Park\u0131\u2019nda verdi\u011fi konserle son buldu. Ayn\u0131 g\u00fcn Yelde\u011firmeni Sanat Merkezi\u2019nde Stanpolites Project konseri vard\u0131. Piyanoda Evrim Demirel, kontrbasta Andreas Metzler, davulda Riccardo Marenghi\u2019nin yer ald\u0131\u011f\u0131 konser izleyenleri b\u00fcy\u00fcledi.<\/p>\n<p>KADFEST Caz G\u00fcnleri, \u015fef Christof Griese y\u00f6netimindeki Berlin Caz Bestecileri Orkestras\u0131 JayJayBeCe konseri ile 25 Eyl\u00fcl \u00c7ar\u015famba g\u00fcn\u00fc Kalam\u0131\u015f Park\u0131\u2019nda ba\u015flad\u0131. Gen\u00e7 m\u00fczisyenlerin sahne ald\u0131\u011f\u0131 konser b\u00fcy\u00fck ilgi g\u00f6rd\u00fc. Caz G\u00fcnleri\u2019nin ilk g\u00fcn\u00fcnde Yelde\u011firmeni Sanat Merkezi, Fransa\u2019dan \u00fc\u00e7 caz m\u00fczisyeni Remi Panossian, Maxime Delporte ve Fred Petitprez\u2019i a\u011f\u0131rlad\u0131. Fenerbah\u00e7e Park\u0131\u2019nda ise \u0130srailli m\u00fczisyen Yinon Muallem ve Funky Dervish konseri izleyenlerden tam not ald\u0131.<\/p>\n<p>Festivalde ilerici m\u00fczik konusunda \u00e7al\u0131\u015fmalar yapan davul virt\u00fc\u00f6z\u00fc Turgut Alp Beko\u011flu\u2019nun ilk solo projesi olan Love Jazz Quartet konseri de Yelde\u011firmeni Sanat Merkezi\u2019nde izleyici ile bulu\u015ftu. Fenerbah\u00e7e Park\u0131\u2019nda ise Quartet Feat konserinde K\u00fcr\u015fad Deniz\u2019e de\u011ferli m\u00fczisyenlerin yan\u0131 s\u0131ra vokalde Sibel K\u00f6se e\u015flik etti.<\/p>\n","protected":false},"excerpt":{"rendered":"<p>KADFEST ULUSLARARASI KADIK\u00d6Y FEST\u0130VAL\u0130 KAPSAMINDA D\u00dcZENLENEN CAZ G\u00dcNLER\u0130, KEREM G\u00d6RSEV VE TRT \u0130STANBUL RADYOSU HAF\u0130F M\u00dcZ\u0130K VE CAZ ORKESTRASI\u2019NIN KALAMI\u015e PARKI\u2019NDA VERD\u0130\u011e\u0130 KONSERLE SON BULDU.<\/p>\n","protected":false},"author":1,"featured_media":209133,"comment_status":"closed","ping_status":"open","sticky":false,"template":"","format":"standard","meta":{"jetpack_post_was_ever_published":false,"_jetpack_newsletter_access":"","_jetpack_dont_email_post_to_subs":false,"_jetpack_newsletter_tier_id":0,"_jetpack_memberships_contains_paywalled_content":false,"_jetpack_memberships_contains_paid_content":false,"footnotes":"","jetpack_publicize_message":"","jetpack_publicize_feature_enabled":true,"jetpack_social_post_already_shared":true,"jetpack_social_options":{"image_generator_settings":{"template":"highway","default_image_id":0,"font":"","enabled":false},"version":2}},"categories":[656],"tags":[6646,12548,17057,1681],"class_list":["post-209132","post","type-post","status-publish","format-standard","has-post-thumbnail","hentry","category-kultur-sanat","tag-caz","tag-kadikoyde","tag-sesleri","tag-yukseldi"],"jetpack_publicize_connections":[],"jetpack_featured_media_url":"https:\/\/i0.wp.com\/www.tvturk.com\/wp-content\/uploads\/2019\/09\/kadikoyde-caz-sesleri-yukseldi_e29e6da.jpg?fit=1000%2C562","jetpack_sharing_enabled":true,"jetpack_shortlink":"https:\/\/wp.me\/paKIfm-Sp6","_links":{"self":[{"href":"http:\/\/www.tvturk.com\/index.php\/wp-json\/wp\/v2\/posts\/209132","targetHints":{"allow":["GET"]}}],"collection":[{"href":"http:\/\/www.tvturk.com\/index.php\/wp-json\/wp\/v2\/posts"}],"about":[{"href":"http:\/\/www.tvturk.com\/index.php\/wp-json\/wp\/v2\/types\/post"}],"author":[{"embeddable":true,"href":"http:\/\/www.tvturk.com\/index.php\/wp-json\/wp\/v2\/users\/1"}],"replies":[{"embeddable":true,"href":"http:\/\/www.tvturk.com\/index.php\/wp-json\/wp\/v2\/comments?post=209132"}],"version-history":[{"count":0,"href":"http:\/\/www.tvturk.com\/index.php\/wp-json\/wp\/v2\/posts\/209132\/revisions"}],"wp:featuredmedia":[{"embeddable":true,"href":"http:\/\/www.tvturk.com\/index.php\/wp-json\/wp\/v2\/media\/209133"}],"wp:attachment":[{"href":"http:\/\/www.tvturk.com\/index.php\/wp-json\/wp\/v2\/media?parent=209132"}],"wp:term":[{"taxonomy":"category","embeddable":true,"href":"http:\/\/www.tvturk.com\/index.php\/wp-json\/wp\/v2\/categories?post=209132"},{"taxonomy":"post_tag","embeddable":true,"href":"http:\/\/www.tvturk.com\/index.php\/wp-json\/wp\/v2\/tags?post=209132"}],"curies":[{"name":"wp","href":"https:\/\/api.w.org\/{rel}","templated":true}]}}