{"id":209192,"date":"2019-09-29T16:32:02","date_gmt":"2019-09-29T13:32:02","guid":{"rendered":"http:\/\/www.tvturk.com\/index.php\/4-milgem-kinaliadada-atmaca-fuzesi-kullanilacak\/"},"modified":"2019-09-29T16:32:02","modified_gmt":"2019-09-29T13:32:02","slug":"4-milgem-kinaliadada-atmaca-fuzesi-kullanilacak","status":"publish","type":"post","link":"http:\/\/www.tvturk.com\/index.php\/4-milgem-kinaliadada-atmaca-fuzesi-kullanilacak\/","title":{"rendered":"4. M\u0130LGEM K\u0131nal\u0131ada\u2019da Atmaca f\u00fczesi kullan\u0131lacak"},"content":{"rendered":"<p>M\u0130LGEM projesinin 4\u2019\u00fcnc\u00fc gemisi olan \u201cTCG K\u0131nal\u0131ada\u201d, Cumhurba\u015fkan\u0131 Recep Tayyip Erdo\u011fan\u2019\u0131n kat\u0131ld\u0131\u011f\u0131 t\u00f6renle hizmete girdi. 10 tonluk bir helikopter i\u00e7in gerekli platform, hangar ve kapsaml\u0131 destek ekipmanlar\u0131na sahip olan K\u0131nal\u0131ada\u2019da ROKETSAN taraf\u0131ndan mille imk\u00e2nlarla geli\u015ftirilen Amaca f\u00fczesi kullan\u0131lacak.<\/p>\n<p>M\u0130LGEM projesinin 4\u2019\u00fcnc\u00fc gemisi olan \u201cTCG K\u0131nal\u0131ada\u201d Tuzla\u2019daki \u0130stanbul Tersane Komutanl\u0131\u011f\u0131nda d\u00fczenlenen t\u00f6renle hizmete girdi. T\u00f6rene Cumhurba\u015fkan\u0131 Erdo\u011fan da kat\u0131ld\u0131. T\u00fcrkiye\u2019nin ilk milli sava\u015f gemisi projesi olan M\u0130LGEM projesinde bug\u00fcne kadar Heybeliada, B\u00fcy\u00fckada ve Burgazada hizmete al\u0131nd\u0131. D\u00f6rd\u00fcnc\u00fc gemi K\u0131nal\u0131ada da bug\u00fcn Deniz Kuvvetleri Komutanl\u0131\u011f\u0131na teslim edildi. Savunma Sanayii \u0130cra Komitesinin M\u0130LGEM projesi kapsam\u0131nda Cumhurba\u015fkanl\u0131\u011f\u0131 Savunma Sanayii Ba\u015fkanl\u0131\u011f\u0131na verdi\u011fi g\u00f6rev \u00e7er\u00e7evesinde yerli ve milli \u00fcr\u00fcn ile tasar\u0131m hizmetleri de dahil olmak \u00fczere malzeme ve hizmet tedariki i\u00e7in \u00e7ok say\u0131da s\u00f6zle\u015fme imzaland\u0131 ve projede ge\u00e7en y\u0131llar i\u00e7erisinde yerlilik oran\u0131 y\u00fczde 70 seviyesine kadar y\u00fckseltildi.<\/p>\n<p>K\u0131nal\u0131ada\u2019n\u0131n tasar\u0131m, in\u015fa ve entegrasyon faaliyetleri \u0130stanbul Tersanesi Komutanl\u0131\u011f\u0131nda ger\u00e7ekle\u015ftirildi. Bu faaliyetler i\u00e7in gerekli olan tasar\u0131m, ara\u015ft\u0131rma-geli\u015ftirme, tedarik ve hizmet al\u0131m\u0131 kapsamlar\u0131ndaki \u00e7ok say\u0131da e\u015f zamanl\u0131 proje Savunma Sanayii Ba\u015fkanl\u0131\u011f\u0131 taraf\u0131ndan yerli ve milli imkanlarla y\u00fcr\u00fct\u00fcld\u00fc. Bu projeler tasar\u0131m optimizasyonundan farkl\u0131 fonksiyonlardaki sens\u00f6r, platform sistemleri ve sava\u015f sistemlerinin geli\u015ftirilmesi ve tedarikine kadar geni\u015f bir yelpazeyi kapsad\u0131. K\u0131nal\u0131ada\u2019n\u0131n platform sistemleri ve dizayn hizmetleri STM, silah ve sens\u00f6r sistemleri ASELSAN, sava\u015f y\u00f6netim sistemi HAVELSAN taraf\u0131ndan sa\u011fland\u0131, bu firmalar\u0131n alt\u0131nda 50\u2019yi a\u015fk\u0131n yerli firma alt y\u00fcklenici olarak g\u00f6rev yapt\u0131.<\/p>\n<p>M\u0130LGEM ada s\u0131n\u0131f\u0131 korvetlerin ilk \u00fc\u00e7\u00fcnden farkl\u0131 olarak K\u0131nal\u0131ada korvetinde bu zamana kadar yurt d\u0131\u015f\u0131ndan tedarik edilen (ABD yap\u0131m\u0131 Harpoon) deniz f\u00fczesinin yan\u0131nda, ROKETSAN taraf\u0131ndan mill\u00ee imk\u00e2nlarla geli\u015ftirilen Atmaca f\u00fczesi de kullan\u0131lacak. B\u00f6ylece bir sistem daha yerlile\u015ftirildi ve geminin yerlilik oran\u0131 art\u0131r\u0131ld\u0131. Ayr\u0131ca HAVELSAN ve Deniz Kuvvetleri Ara\u015ft\u0131rma Merkezi Komutanl\u0131\u011f\u0131n\u0131n birlikte geli\u015ftirdi\u011fi A\u011f Destekli Sava\u015f Y\u00f6netim Sistemi ADVENT de ilk kez K\u0131nal\u0131ada gemisinde kullan\u0131lacak.<\/p>\n<p>Teknik \u00f6zellikleri<\/p>\n<p>K\u0131nal\u0131ada, T\u00fcrk Deniz Kuvvetleri\u2019nin s\u00fcrat, denizcilik ve stabilite isteklerini kar\u015f\u0131layacak \u015fekilde geli\u015ftirilmi\u015f tek g\u00f6vdeli deplasman tipi tekne formunda.  Tam boyu 99 metre ve geni\u015fli\u011fi 14.4 metre olan gemi, 2 bin 400 ton deplasman\u0131 ve 3.6 metre su \u00e7ekimiyle, 5 deniz durumunda k\u0131s\u0131ts\u0131z, 6 ve \u00fczeri deniz durumlar\u0131nda ise k\u0131s\u0131tl\u0131 harek\u00e2t kabiliyetine sahip. Ana tahrik sistemi bir adet gaz t\u00fcrbini ve iki adet dizel makineden meydana geliyor. 29+ deniz mili azami s\u00fcrate ula\u015fabilen korvet, 10 tonluk bir helikopter i\u00e7in gerekli platform, hangar ve kapsaml\u0131 destek ekipmanlar\u0131na sahip ve 4 deniz \u015fiddetine kadar helikopter u\u00e7u\u015f harek\u00e2t\u0131 icra edebiliyor.<\/p>\n<p>\u00c7o\u011funlu\u011fu yerli imkanlarla geli\u015ftirilmi\u015f ileri teknoloji sens\u00f6r, elektronik harp, navigasyon ve haberle\u015fme sistemleri ile donat\u0131lm\u0131\u015f K\u0131nal\u0131ada korveti, asimetrik, y\u00fczey, hava ve sualt\u0131 tehditlerine y\u00f6nelik savunma, aldatma, kar\u0131\u015ft\u0131rma ve bertaraf etme sistemlerine sahip.<\/p>\n","protected":false},"excerpt":{"rendered":"<p>4. M\u0130LGEM KINALIADA&#8217;DA ATMACA F\u00dcZES\u0130 KULLANILACAK<\/p>\n","protected":false},"author":1,"featured_media":209193,"comment_status":"closed","ping_status":"open","sticky":false,"template":"","format":"standard","meta":{"jetpack_post_was_ever_published":false,"_jetpack_newsletter_access":"","_jetpack_dont_email_post_to_subs":false,"_jetpack_newsletter_tier_id":0,"_jetpack_memberships_contains_paywalled_content":false,"_jetpack_memberships_contains_paid_content":false,"footnotes":"","jetpack_publicize_message":"","jetpack_publicize_feature_enabled":true,"jetpack_social_post_already_shared":true,"jetpack_social_options":{"image_generator_settings":{"template":"highway","default_image_id":0,"font":"","enabled":false},"version":2}},"categories":[1],"tags":[13968,27797,52823,11371,52822],"class_list":["post-209192","post","type-post","status-publish","format-standard","has-post-thumbnail","hentry","category-genel","tag-atmaca","tag-fuzesi","tag-kinaliadada","tag-kullanilacak","tag-milgem"],"jetpack_publicize_connections":[],"jetpack_featured_media_url":"https:\/\/i0.wp.com\/www.tvturk.com\/wp-content\/uploads\/2019\/09\/4-milgem-kinaliadada-atmaca-fuzesi-kullanilacak_a1f2b5e.jpg?fit=1000%2C562","jetpack_sharing_enabled":true,"jetpack_shortlink":"https:\/\/wp.me\/paKIfm-Sq4","_links":{"self":[{"href":"http:\/\/www.tvturk.com\/index.php\/wp-json\/wp\/v2\/posts\/209192","targetHints":{"allow":["GET"]}}],"collection":[{"href":"http:\/\/www.tvturk.com\/index.php\/wp-json\/wp\/v2\/posts"}],"about":[{"href":"http:\/\/www.tvturk.com\/index.php\/wp-json\/wp\/v2\/types\/post"}],"author":[{"embeddable":true,"href":"http:\/\/www.tvturk.com\/index.php\/wp-json\/wp\/v2\/users\/1"}],"replies":[{"embeddable":true,"href":"http:\/\/www.tvturk.com\/index.php\/wp-json\/wp\/v2\/comments?post=209192"}],"version-history":[{"count":0,"href":"http:\/\/www.tvturk.com\/index.php\/wp-json\/wp\/v2\/posts\/209192\/revisions"}],"wp:featuredmedia":[{"embeddable":true,"href":"http:\/\/www.tvturk.com\/index.php\/wp-json\/wp\/v2\/media\/209193"}],"wp:attachment":[{"href":"http:\/\/www.tvturk.com\/index.php\/wp-json\/wp\/v2\/media?parent=209192"}],"wp:term":[{"taxonomy":"category","embeddable":true,"href":"http:\/\/www.tvturk.com\/index.php\/wp-json\/wp\/v2\/categories?post=209192"},{"taxonomy":"post_tag","embeddable":true,"href":"http:\/\/www.tvturk.com\/index.php\/wp-json\/wp\/v2\/tags?post=209192"}],"curies":[{"name":"wp","href":"https:\/\/api.w.org\/{rel}","templated":true}]}}