{"id":209234,"date":"2019-09-29T19:02:13","date_gmt":"2019-09-29T16:02:13","guid":{"rendered":"http:\/\/www.tvturk.com\/index.php\/anadolunun-plaji-gun-batimi-drone-goruntusuyle-gorenleri-etkiledi\/"},"modified":"2019-09-29T19:02:13","modified_gmt":"2019-09-29T16:02:13","slug":"anadolunun-plaji-gun-batimi-drone-goruntusuyle-gorenleri-etkiledi","status":"publish","type":"post","link":"http:\/\/www.tvturk.com\/index.php\/anadolunun-plaji-gun-batimi-drone-goruntusuyle-gorenleri-etkiledi\/","title":{"rendered":"Anadolu\u2019nun plaj\u0131, g\u00fcn bat\u0131m\u0131 drone g\u00f6r\u00fcnt\u00fcs\u00fcyle g\u00f6renleri etkiledi"},"content":{"rendered":"<p>K\u0131r\u015fehir\u2019in Kaman il\u00e7esi s\u0131n\u0131rlar\u0131 i\u00e7erisinde yer alan Savc\u0131l\u0131 Plaj\u0131, drone ile \u00e7ekilen g\u00fcn bat\u0131m\u0131 g\u00f6r\u00fcnt\u00fcs\u00fc ile g\u00f6renleri kendine hayran b\u0131rakt\u0131.<\/p>\n<p>\u0130\u00e7 Anadolu B\u00f6lgesi\u2019nin halk aras\u0131nda sahili olarak bilinen baraj g\u00f6l\u00fc, g\u00fcn bat\u0131m\u0131 g\u00f6r\u00fcnt\u00fcs\u00fcn\u00fcn yan\u0131 s\u0131ra K\u0131r\u015fehir d\u0131\u015f\u0131ndan gelenlerin de dinlenme alanlar\u0131ndan bir tanesi olarak biliniyor.<\/p>\n<p>Kaman il\u00e7esi s\u0131n\u0131rlar\u0131nda yer alan Savc\u0131l\u0131 Plaj\u0131, g\u00fcn bat\u0131m\u0131 manzaras\u0131n\u0131n yan\u0131 s\u0131ra do\u011fa foto\u011fraf\u00e7\u0131lar\u0131n\u0131n da Seyfe G\u00f6l\u00fc Ku\u015f Cenneti\u2019nden sonra en \u00e7ok tercih etti\u011fi alanlardan bir tanesi.<\/p>\n<p>B\u00f6lgeyi ilk defa g\u00f6renlerin foto\u011fraf \u00e7ekmek i\u00e7in g\u00fcn bat\u0131m\u0131n\u0131 bekledi\u011fi alanda g\u00fcne\u015fin batarken olu\u015fturdu\u011fu k\u0131z\u0131ll\u0131k K\u0131r\u015fehir\u2019de kartpostall\u0131k g\u00f6r\u00fcnt\u00fclerin olmas\u0131na vesile oluyor. G\u00fcn bat\u0131m\u0131 ile g\u00fczelle\u015fen b\u00f6lgede kartpostall\u0131k foto\u011fraflar \u00e7ekmek i\u00e7in b\u00f6lge halk\u0131n\u0131n yan\u0131 s\u0131ra \u015fehir d\u0131\u015f\u0131ndan ve \u00e7evre illerden de foto\u011fraf\u00e7\u0131lar b\u00f6lgede g\u00fcn bat\u0131m\u0131 ve g\u00fcn do\u011fumu foto\u011fraflar\u0131n\u0131 \u00e7ekmek i\u00e7in konakl\u0131yor.<\/p>\n<p>Kaman il\u00e7esinde bulunan Hirfanl\u0131 Baraj G\u00f6l\u00fc kenar\u0131ndaki Savc\u0131l\u0131 Plaj\u0131, yaz mevsiminde g\u00fcn do\u011fumu ve g\u00fcn bat\u0131m\u0131, ilkbaharda a\u00e7an \u00e7i\u00e7ek tomurcuklar\u0131, sonbaharda d\u00f6k\u00fclen yapraklar\u0131n olu\u015fturdu\u011fu g\u00fczellikle tercih ediliyor.<\/p>\n<p>K\u0131r\u015fehir\u2019e 65, K\u0131r\u0131kkale\u2019ye 80 ve Ankara\u2019ya 140 kilometre uzakl\u0131kta bulunan Savc\u0131l\u0131 Plaj\u0131, \u00f6zellikle yaz d\u00f6nemlerinde hafta sonlar\u0131 beklenenin \u00fczerinde ilgi g\u00f6r\u00fcyor. Kaman il\u00e7esine ba\u011fl\u0131 Savc\u0131l\u0131 B\u00fcy\u00fckoba\u2019daki Hirfanl\u0131 Baraj G\u00f6leti, K\u0131r\u015fehir ve \u00e7evredeki illerden serinlemek i\u00e7in gelenlerin u\u011frak yeri haline gelirken 3 kilometre sahili ile de Akdeniz\u2019i aratmayan g\u00f6rsel bir g\u00fczelli\u011fe sahip.<\/p>\n","protected":false},"excerpt":{"rendered":"<p>KIR\u015eEH\u0130R&#8217;\u0130N KAMAN \u0130L\u00c7ES\u0130 SINIRLARI \u0130\u00c7ER\u0130S\u0130NDE YER ALAN SAVCILI PLAJI, DRONE \u0130LE \u00c7EK\u0130LEN G\u00dcN BATIMI G\u00d6R\u00dcNT\u00dcS\u00dc \u0130LE G\u00d6RENLER\u0130 KEND\u0130NE HAYRAN BIRAKTI.<\/p>\n","protected":false},"author":1,"featured_media":209235,"comment_status":"closed","ping_status":"open","sticky":false,"template":"","format":"standard","meta":{"jetpack_post_was_ever_published":false,"_jetpack_newsletter_access":"","_jetpack_dont_email_post_to_subs":false,"_jetpack_newsletter_tier_id":0,"_jetpack_memberships_contains_paywalled_content":false,"_jetpack_memberships_contains_paid_content":false,"footnotes":"","jetpack_publicize_message":"","jetpack_publicize_feature_enabled":true,"jetpack_social_post_already_shared":true,"jetpack_social_options":{"image_generator_settings":{"template":"highway","default_image_id":0,"font":"","enabled":false},"version":2}},"categories":[1],"tags":[8110,19763,1114,993,2447,27851,2579,19194],"class_list":["post-209234","post","type-post","status-publish","format-standard","has-post-thumbnail","hentry","category-genel","tag-anadolunun","tag-batimi","tag-drone","tag-etkiledi","tag-gorenleri","tag-goruntusuyle","tag-gun","tag-plaji"],"jetpack_publicize_connections":[],"jetpack_featured_media_url":"https:\/\/i0.wp.com\/www.tvturk.com\/wp-content\/uploads\/2019\/09\/anadolunun-plaji-gun-batimi-drone-goruntusuyle-gorenleri-etkiledi_d10131f.jpg?fit=1000%2C681","jetpack_sharing_enabled":true,"jetpack_shortlink":"https:\/\/wp.me\/paKIfm-SqK","_links":{"self":[{"href":"http:\/\/www.tvturk.com\/index.php\/wp-json\/wp\/v2\/posts\/209234","targetHints":{"allow":["GET"]}}],"collection":[{"href":"http:\/\/www.tvturk.com\/index.php\/wp-json\/wp\/v2\/posts"}],"about":[{"href":"http:\/\/www.tvturk.com\/index.php\/wp-json\/wp\/v2\/types\/post"}],"author":[{"embeddable":true,"href":"http:\/\/www.tvturk.com\/index.php\/wp-json\/wp\/v2\/users\/1"}],"replies":[{"embeddable":true,"href":"http:\/\/www.tvturk.com\/index.php\/wp-json\/wp\/v2\/comments?post=209234"}],"version-history":[{"count":0,"href":"http:\/\/www.tvturk.com\/index.php\/wp-json\/wp\/v2\/posts\/209234\/revisions"}],"wp:featuredmedia":[{"embeddable":true,"href":"http:\/\/www.tvturk.com\/index.php\/wp-json\/wp\/v2\/media\/209235"}],"wp:attachment":[{"href":"http:\/\/www.tvturk.com\/index.php\/wp-json\/wp\/v2\/media?parent=209234"}],"wp:term":[{"taxonomy":"category","embeddable":true,"href":"http:\/\/www.tvturk.com\/index.php\/wp-json\/wp\/v2\/categories?post=209234"},{"taxonomy":"post_tag","embeddable":true,"href":"http:\/\/www.tvturk.com\/index.php\/wp-json\/wp\/v2\/tags?post=209234"}],"curies":[{"name":"wp","href":"https:\/\/api.w.org\/{rel}","templated":true}]}}