{"id":209330,"date":"2019-09-30T10:16:33","date_gmt":"2019-09-30T07:16:33","guid":{"rendered":"http:\/\/www.tvturk.com\/index.php\/tokattan-amerikaya-minyatur-ceviz-sandigi-ihracati\/"},"modified":"2019-09-30T10:16:33","modified_gmt":"2019-09-30T07:16:33","slug":"tokattan-amerikaya-minyatur-ceviz-sandigi-ihracati","status":"publish","type":"post","link":"http:\/\/www.tvturk.com\/index.php\/tokattan-amerikaya-minyatur-ceviz-sandigi-ihracati\/","title":{"rendered":"Tokat\u2019tan Amerika\u2019ya minyat\u00fcr ceviz sand\u0131\u011f\u0131 ihracat\u0131"},"content":{"rendered":"<p>Tokat\u2019\u0131n Niksar il\u00e7esinde 30 y\u0131ld\u0131r minyat\u00fcr ceviz sand\u0131klar\u0131 \u00fcreten Atalay Atila, sand\u0131klar\u0131 Amerika Birle\u015fik Devletlerine (ABD) ihra\u00e7 ediyor.<\/p>\n<p>ABD\u2019ye yakla\u015f\u0131k 35 y\u0131l \u00f6nce yapt\u0131\u011f\u0131 ziyaret s\u0131ras\u0131nda bir ma\u011fazada g\u00f6rd\u00fc\u011f\u00fc ceylan derisi kaplamal\u0131 sand\u0131klardan esinlenen emekli ve 3 \u00e7ocuk babas\u0131 Atalay Atila (78), T\u00fcrkiye\u2019ye d\u00f6nd\u00fckten sonra minyat\u00fcr kilim kapl\u0131 ceviz sand\u0131klar\u0131 \u00fcretmeye ba\u015flad\u0131. 30 y\u0131ld\u0131r Amerika\u2019ya, son 10 y\u0131ld\u0131r da \u0130ngiltere ba\u015fta olmak \u00fczere Avrupa \u00fclkelerine ihracat yapan Atila, ceviz sand\u0131klar\u0131 Niksar il\u00e7esinde K\u00fc\u00e7\u00fck Sanayi Sitesi\u2019ndeki i\u015f yerinde \u00fcretiyor. Bir zamanlar gelin adaylar\u0131n\u0131n vazge\u00e7ilmezleri aras\u0131nda yer alan \u00e7eyiz sand\u0131klar\u0131, minyat\u00fcr hale d\u00f6n\u00fc\u015ft\u00fcr\u00fclerek yurt d\u0131\u015f\u0131na hediyelik e\u015fya olarak g\u00f6nderiliyor.<\/p>\n<p>Amerika\u2019ya yakla\u015f\u0131k 40 y\u0131l \u00f6nce \u00e7ok miktarda hal\u0131 ve kilim sat\u0131ld\u0131\u011f\u0131n\u0131 hat\u0131rlatan Atalay Atila, \u201cB\u00fcy\u00fck bir ma\u011fazaya girmi\u015ftim, ma\u011fazay\u0131 dola\u015f\u0131rken orada \u00e7ok g\u00fczel sand\u0131klar g\u00f6rd\u00fcm. Eski sand\u0131klard\u0131 ve bir tanesinin \u00f6l\u00e7\u00fcs\u00fcn\u00fc ald\u0131m, orada bana neden \u00f6l\u00e7\u00fc al\u0131yorsun diye sordular. Onlar sand\u0131\u011f\u0131n \u00fcst\u00fcn\u00fc ceylan derisinden yapm\u0131\u015flard\u0131, benim de akl\u0131ma geldi bizim Anadolu\u2019nun \u00e7ok g\u00fczel eski kilimleri var, tamirat\u0131 \u00e7ok zor olan kilimler. Onlardan biz de sand\u0131klar yapar\u0131z diye d\u00fc\u015f\u00fcnd\u00fcm ve sonra T\u00fcrkiye\u2019ye d\u00f6nd\u00fc\u011f\u00fcm zaman Amerika\u2019ya ilk etapta 25-30 civar\u0131 sand\u0131k yap\u0131p g\u00f6nderdik. Sonra hemen pe\u015finden 100 tane istediler, 500 tane ve bin tane derken sonra say\u0131 tamamen artt\u0131 ve sand\u0131k i\u015fini iyice tutturduk. O zamanlar Niksar\u2019da \u00e7ok g\u00fczel i\u015fler yap\u0131l\u0131rd\u0131. \u00c7eyiz sand\u0131klar\u0131 yap\u0131l\u0131rd\u0131 b\u00fcy\u00fck \u015fekilde.  Biz bu \u00e7eyiz sand\u0131klar\u0131n\u0131 da kaplamaya ba\u015flad\u0131k ve onlarla birlikte Amerika\u2019da bir fuara kat\u0131ld\u0131k. Fuarda \u00e7ok g\u00fczel sat\u0131\u015flar oldu ve \u00e7ok sipari\u015fler ald\u0131k. 5-6 sene devaml\u0131 b\u00fcy\u00fck sand\u0131klar g\u00f6nderdik Amerika\u2019ya ama daha sonra sand\u0131klar\u0131n \u00f6l\u00e7\u00fcs\u00fcn\u00fc k\u00fc\u00e7\u00fclterek minyat\u00fcr \u015feklinde sand\u0131klar g\u00f6ndermeye ba\u015flad\u0131k. \u00c7\u00fcnk\u00fc b\u00fcy\u00fck sand\u0131klar\u0131n T\u00fcrkiye\u2019de sat\u0131\u015flar\u0131 azald\u0131 biraz da pahal\u0131 olmas\u0131ndan dolay\u0131. Ondan sonra biz k\u00fc\u00e7\u00fck sand\u0131klar \u00fcretmeye ba\u015flad\u0131k, \u015fimdi 25, 30 ve 50 santimetre boylar\u0131nda sand\u0131klar yap\u0131yoruz ve gayette iyi sat\u0131\u015flar\u0131m\u0131z oluyor\u201d dedi.<\/p>\n<p>30 y\u0131ld\u0131r Amerika\u2019ya ceviz sand\u0131k sat\u0131yor<\/p>\n<p>Atila, ilk ihracatlar\u0131n\u0131 Amerika\u2019ya yapt\u0131klar\u0131n\u0131 anlatarak, \u201cAmerika\u2019ya hemen hemen 30 senedir ceviz sand\u0131\u011f\u0131 g\u00f6nderiyoruz ama son 10 senedir de \u0130ngiltere ba\u015fta olmak \u00fczere Avrupa \u00fclkelerine de sat\u0131\u015f yap\u0131yoruz. Bu zaman zarf\u0131nda \u00fclkemize d\u00f6viz getirdik. Niksar\u2019da bizden sonra da sand\u0131k yapanlar oldu ve bu Niksar\u2019da geli\u015fti ama devaml\u0131 yapan arkada\u015flar\u0131m\u0131z baz\u0131 sebeplerden dolay\u0131 azald\u0131. Bunda da ihracat \u00e7ok fazla oldu\u011fu i\u00e7in sand\u0131klar\u0131n \u00fczerine Anadolu motifli kilimler kulland\u0131k ve yapm\u0131\u015f oldu\u011fumuz sand\u0131klar\u0131n hepsi ceviz a\u011fac\u0131ndand\u0131r. Kulland\u0131\u011f\u0131m\u0131z boyalar\u0131n tamam\u0131 k\u00f6k boya olarak kulland\u0131k. K\u00f6k boya oldu\u011fu zaman kilimlerimiz daha g\u00fczel oluyor, sand\u0131k sat\u0131\u015flar\u0131m\u0131z g\u00fcnden g\u00fcne daha \u00e7ok artt\u0131. Bazen taleplere yeti\u015femedik ama son zamanlarda sand\u0131k sat\u0131\u015flar\u0131 biraz azald\u0131, buna sebep kilimlerin pahal\u0131 olmas\u0131ndan dolay\u0131 sand\u0131klarda fiyatlar pahal\u0131 oldu\u201d diye konu\u015ftu.<\/p>\n<p>Y\u0131lda 5 bin adet sand\u0131k \u00fcretiyor<\/p>\n<p>Sand\u0131k yap\u0131m a\u015famas\u0131n\u0131n kolay olmad\u0131\u011f\u0131n\u0131 s\u00f6yleyen Atila, \u201cSenede hemen hemen 5 bin adet minyat\u00fcr ceviz sand\u0131\u011f\u0131 imal ediyoruz. Daha eskiden 20 binler civar\u0131ndayd\u0131 fakat son zamanlarda biraz azalma oldu. Biz ihracat\u0131n yan\u0131 s\u0131ra perakende olarak da sat\u0131\u015f\u0131n\u0131 yap\u0131yoruz. Bu sand\u0131klar hediyelik olarak da reva\u00e7ta. Valilikler, kamu kurumlar\u0131 ve bireysel olarak ki\u015filer de hediye i\u00e7in al\u0131yorlar&#8221; dedi.<\/p>\n<p>Sand\u0131klar\u0131n yap\u0131m\u0131na da de\u011finen Atila, &#8220;Bu sand\u0131klar\u0131n yap\u0131m a\u015famas\u0131 da g\u00f6r\u00fcnd\u00fc\u011f\u00fc gibi kolay olmuyor. \u00c7\u00fcnk\u00fc her bir tahtas\u0131 elden birka\u00e7 kez ge\u00e7iyor. K\u00fct\u00fck olarak al\u0131n\u0131yor, daha sonra bi\u00e7iliyor ve uzun m\u00fcddet kurutuluyor. Kuru olarak yapmak zorunday\u0131z, \u00e7\u00fcnk\u00fc bozulmalar oluyor. Tamamen bunlar\u0131n kal\u0131plar\u0131 \u00e7\u0131kar\u0131l\u0131r, kesilir ve sonra da bu tahtalar\u0131n birle\u015ftirilmesine ge\u00e7ilir. Bu da yakla\u015f\u0131k 300 adet sand\u0131\u011f\u0131n muhakkak 1.5 ay gibi bir zaman zarf\u0131nda meydana \u00e7\u0131k\u0131yor, ayr\u0131ca bunlar\u0131n bir de boya durumlar\u0131 var. Boya durumlar\u0131 tamamen eskitme boyad\u0131r, hi\u00e7bir zaman normal boya kullanmay\u0131z. Bilhassa d\u0131\u015far\u0131dan \u00fcr\u00fcn istedikleri zaman hep eskitme olarak istiyorlar. Sat\u0131\u015f durumlar\u0131m\u0131z gayet iyi \u015fekildedir. Sand\u0131k \u00fczerine kulland\u0131\u011f\u0131m\u0131z kilimler ise tamamen Anadolu motifli \u00fcr\u00fcnlerdir. Hepsi k\u00f6k boyad\u0131r ve yeni kilim kullanam\u0131yoruz, zaten yeni kilimler pahal\u0131 geliyor, maliyetleri \u00e7ok fazla art\u0131r\u0131r. Son zamanlarda tabii maliyetlerimiz de artt\u0131. Dedi\u011fim gibi bizim b\u00fct\u00fcn sat\u0131\u015flar\u0131m\u0131z ihracata y\u00f6nelik ama perakende ve toptan sat\u0131\u015flar\u0131m\u0131z\u0131 da yap\u0131yoruz. Sand\u0131klar\u0131n boyutuna g\u00f6re perakende sat\u0131\u015flar\u0131m\u0131z ortalama 80 lira ile 400 lira aras\u0131nda de\u011fi\u015fiyor\u201d ifadelerini kulland\u0131.<\/p>\n","protected":false},"excerpt":{"rendered":"<p>TOKAT\u2019IN N\u0130KSAR \u0130L\u00c7ES\u0130NDE YA\u015eAYAN ATALAY AT\u0130LA, 30 YILDIR AMER\u0130KA B\u0130RLE\u015e\u0130K DEVLETLER\u0130NE (ABD) M\u0130NYAT\u00dcR CEV\u0130Z SANDI\u011eI \u0130HRACATI YAPIYOR.<\/p>\n","protected":false},"author":1,"featured_media":209331,"comment_status":"closed","ping_status":"open","sticky":false,"template":"","format":"standard","meta":{"jetpack_post_was_ever_published":false,"_jetpack_newsletter_access":"","_jetpack_dont_email_post_to_subs":false,"_jetpack_newsletter_tier_id":0,"_jetpack_memberships_contains_paywalled_content":false,"_jetpack_memberships_contains_paid_content":false,"footnotes":"","jetpack_publicize_message":"","jetpack_publicize_feature_enabled":true,"jetpack_social_post_already_shared":true,"jetpack_social_options":{"image_generator_settings":{"template":"highway","default_image_id":0,"font":"","enabled":false},"version":2}},"categories":[19],"tags":[19628,7465,2396,10531,11949,52154],"class_list":["post-209330","post","type-post","status-publish","format-standard","has-post-thumbnail","hentry","category-ekonomi","tag-amerikaya","tag-ceviz","tag-ihracati","tag-minyatur","tag-sandigi","tag-tokattan"],"jetpack_publicize_connections":[],"jetpack_featured_media_url":"https:\/\/i0.wp.com\/www.tvturk.com\/wp-content\/uploads\/2019\/09\/tokattan-amerikaya-minyatur-ceviz-sandigi-ihracati_f764c61.jpg?fit=1000%2C665","jetpack_sharing_enabled":true,"jetpack_shortlink":"https:\/\/wp.me\/paKIfm-Ssi","_links":{"self":[{"href":"http:\/\/www.tvturk.com\/index.php\/wp-json\/wp\/v2\/posts\/209330","targetHints":{"allow":["GET"]}}],"collection":[{"href":"http:\/\/www.tvturk.com\/index.php\/wp-json\/wp\/v2\/posts"}],"about":[{"href":"http:\/\/www.tvturk.com\/index.php\/wp-json\/wp\/v2\/types\/post"}],"author":[{"embeddable":true,"href":"http:\/\/www.tvturk.com\/index.php\/wp-json\/wp\/v2\/users\/1"}],"replies":[{"embeddable":true,"href":"http:\/\/www.tvturk.com\/index.php\/wp-json\/wp\/v2\/comments?post=209330"}],"version-history":[{"count":0,"href":"http:\/\/www.tvturk.com\/index.php\/wp-json\/wp\/v2\/posts\/209330\/revisions"}],"wp:featuredmedia":[{"embeddable":true,"href":"http:\/\/www.tvturk.com\/index.php\/wp-json\/wp\/v2\/media\/209331"}],"wp:attachment":[{"href":"http:\/\/www.tvturk.com\/index.php\/wp-json\/wp\/v2\/media?parent=209330"}],"wp:term":[{"taxonomy":"category","embeddable":true,"href":"http:\/\/www.tvturk.com\/index.php\/wp-json\/wp\/v2\/categories?post=209330"},{"taxonomy":"post_tag","embeddable":true,"href":"http:\/\/www.tvturk.com\/index.php\/wp-json\/wp\/v2\/tags?post=209330"}],"curies":[{"name":"wp","href":"https:\/\/api.w.org\/{rel}","templated":true}]}}