{"id":209408,"date":"2019-09-30T11:47:01","date_gmt":"2019-09-30T08:47:01","guid":{"rendered":"http:\/\/www.tvturk.com\/index.php\/ozel-yaya-gecidinde-dehset-anlari-kameraya-boyle-yansidi\/"},"modified":"2019-09-30T11:47:01","modified_gmt":"2019-09-30T08:47:01","slug":"ozel-yaya-gecidinde-dehset-anlari-kameraya-boyle-yansidi","status":"publish","type":"post","link":"http:\/\/www.tvturk.com\/index.php\/ozel-yaya-gecidinde-dehset-anlari-kameraya-boyle-yansidi\/","title":{"rendered":"(\u00d6zel) Yaya ge\u00e7idinde deh\u015fet anlar\u0131 kameraya b\u00f6yle yans\u0131d\u0131&#8230;"},"content":{"rendered":"<p>Bursa\u2019da vatanda\u015flar\u0131n yo\u011fun olarak kulland\u0131\u011f\u0131 ve daha \u00f6nce 2 ki\u015finin hayat\u0131n\u0131 kaybetti\u011fi yolda bir kaza daha ger\u00e7ekle\u015fti. Yaya ge\u00e7idinde otomobilin 12 ya\u015f\u0131ndaki \u00f6\u011frenciye \u00e7arpmas\u0131 g\u00fcvenlik kameralar\u0131n\u0131 yans\u0131d\u0131. Kaza yapan s\u00fcr\u00fcc\u00fc kad\u0131n yaya ge\u00e7idinde trafi\u011fe bakmayan gence isyan etti.<\/p>\n<p>Bursa Orhaneli yolu Carrefour kav\u015fa\u011f\u0131 yaya ge\u00e7idinde bu zaman kadar onlarca kaza ger\u00e7ekle\u015fmi\u015f bu kazalarda bir \u00e7ok s\u00fcr\u00fcc\u00fc yaralan\u0131rken 2 ki\u015fi de hayat\u0131n\u0131 kaybetmi\u015fti.<\/p>\n<p>Her hafta bir yayan\u0131n otomobil alt\u0131nda kald\u0131\u011f\u0131 ge\u00e7it i\u00e7in \u0131\u015f\u0131kland\u0131rma ve uyar\u0131c\u0131 trafik levhalar\u0131 artt\u0131r\u0131lm\u0131\u015f ge\u00e7it \u00e7izgileri de belirgin hale getirilmi\u015fti.<\/p>\n<p>Ayn\u0131 kav\u015faktaki yaya ge\u00e7idinde son kaza kurban\u0131 12 ya\u015f\u0131ndaki liseli bir gen\u00e7 oldu. Acemler y\u00f6n\u00fcnden gelip Orhaneli Keles Kav\u015fa\u011f\u0131\u2019n\u0131 kullanarak Be\u015fevler y\u00f6n\u00fcne gitmek isteyen kad\u0131n s\u00fcr\u00fcc\u00fc, yaya ge\u00e7idinde kar\u015f\u0131dan kar\u015f\u0131ya ge\u00e7en 12 ya\u015f\u0131ndaki gence \u00e7arparak yaralanmas\u0131na sebep oldu. Havalanan gen\u00e7, ba\u015f\u0131n\u0131 otomobilin \u00f6n cam\u0131na \u00e7arparak yaraland\u0131. Kazan\u0131n s\u0131cakl\u0131\u011f\u0131yla elindeki e\u015fyalar\u0131 yerden toplayan gen\u00e7 daha sonra ileri tetkik i\u00e7in Uluda\u011f \u00dcniversitesi T\u0131p Fak\u00fcltesi\u2019ne kald\u0131r\u0131ld\u0131.<\/p>\n<p>Yaya ge\u00e7idinde arac\u0131n \u00e7arpma an\u0131 ise g\u00fcvenlik kameralar\u0131na saniye saniye yans\u0131d\u0131. Olduk\u00e7a yo\u011fun olarak kullan\u0131lan yaya ge\u00e7idinden ge\u00e7en yayalar burada daha fazla insan\u0131n can\u0131 yanmadan \u00fcst ge\u00e7it yap\u0131lmas\u0131n\u0131 istedi.<\/p>\n<p>Yaya ge\u00e7idinde \u00f6\u011frenciye \u00e7arpan ara\u00e7 s\u00fcr\u00fcc\u00fcs\u00fc bayan ise isyan ederek, &#8220;Ben ye\u015fil \u0131\u015f\u0131kta yoluma devam ediyordum. Yayalara k\u0131rm\u0131z\u0131 yan\u0131yordu. 12 ya\u015f\u0131ndaki gen\u00e7 sola bakaca\u011f\u0131na sa\u011fa bak\u0131yordu. Kabahat onda ama ben mahvoldum&#8221; diye konu\u015ftu.<\/p>\n<p>Havalanarak ba\u015f\u0131n\u0131 otomobilin \u00f6n cam\u0131na \u00e7arpan ve cam\u0131 k\u0131ran yaral\u0131 gen\u00e7 ise tedavi alt\u0131na al\u0131nd\u0131.<\/p>\n","protected":false},"excerpt":{"rendered":"<p>2 K\u0130\u015e\u0130N\u0130N \u00d6LD\u00dc\u011e\u00dc YOLDA \u00dcST GE\u00c7\u0130T YAPILMADI B\u0130R \u00d6\u011eRENC\u0130YE DAHA ARA\u00c7 \u00c7ARPTI<\/p>\n","protected":false},"author":1,"featured_media":209409,"comment_status":"closed","ping_status":"open","sticky":false,"template":"","format":"standard","meta":{"jetpack_post_was_ever_published":false,"_jetpack_newsletter_access":"","_jetpack_dont_email_post_to_subs":false,"_jetpack_newsletter_tier_id":0,"_jetpack_memberships_contains_paywalled_content":false,"_jetpack_memberships_contains_paid_content":false,"footnotes":"","jetpack_publicize_message":"","jetpack_publicize_feature_enabled":true,"jetpack_social_post_already_shared":true,"jetpack_social_options":{"image_generator_settings":{"template":"highway","default_image_id":0,"font":"","enabled":false},"version":2}},"categories":[1],"tags":[1073,10060,836,4744,4469,4329,1948,1279],"class_list":["post-209408","post","type-post","status-publish","format-standard","has-post-thumbnail","hentry","category-genel","tag-ozel","tag-anlari","tag-boyle","tag-dehset","tag-gecidinde","tag-kameraya","tag-yansidi","tag-yaya"],"jetpack_publicize_connections":[],"jetpack_featured_media_url":"https:\/\/i0.wp.com\/www.tvturk.com\/wp-content\/uploads\/2019\/09\/ozel-yaya-gecidinde-dehset-anlari-kameraya-boyle-yansidi_a75f4ce.jpg?fit=1000%2C375","jetpack_sharing_enabled":true,"jetpack_shortlink":"https:\/\/wp.me\/paKIfm-Sty","_links":{"self":[{"href":"http:\/\/www.tvturk.com\/index.php\/wp-json\/wp\/v2\/posts\/209408","targetHints":{"allow":["GET"]}}],"collection":[{"href":"http:\/\/www.tvturk.com\/index.php\/wp-json\/wp\/v2\/posts"}],"about":[{"href":"http:\/\/www.tvturk.com\/index.php\/wp-json\/wp\/v2\/types\/post"}],"author":[{"embeddable":true,"href":"http:\/\/www.tvturk.com\/index.php\/wp-json\/wp\/v2\/users\/1"}],"replies":[{"embeddable":true,"href":"http:\/\/www.tvturk.com\/index.php\/wp-json\/wp\/v2\/comments?post=209408"}],"version-history":[{"count":0,"href":"http:\/\/www.tvturk.com\/index.php\/wp-json\/wp\/v2\/posts\/209408\/revisions"}],"wp:featuredmedia":[{"embeddable":true,"href":"http:\/\/www.tvturk.com\/index.php\/wp-json\/wp\/v2\/media\/209409"}],"wp:attachment":[{"href":"http:\/\/www.tvturk.com\/index.php\/wp-json\/wp\/v2\/media?parent=209408"}],"wp:term":[{"taxonomy":"category","embeddable":true,"href":"http:\/\/www.tvturk.com\/index.php\/wp-json\/wp\/v2\/categories?post=209408"},{"taxonomy":"post_tag","embeddable":true,"href":"http:\/\/www.tvturk.com\/index.php\/wp-json\/wp\/v2\/tags?post=209408"}],"curies":[{"name":"wp","href":"https:\/\/api.w.org\/{rel}","templated":true}]}}