{"id":209434,"date":"2019-09-30T12:16:13","date_gmt":"2019-09-30T09:16:13","guid":{"rendered":"http:\/\/www.tvturk.com\/index.php\/midillide-multeci-kampinda-yangin-1-cocuk-ve-kadin-oldu\/"},"modified":"2019-09-30T12:16:13","modified_gmt":"2019-09-30T09:16:13","slug":"midillide-multeci-kampinda-yangin-1-cocuk-ve-kadin-oldu","status":"publish","type":"post","link":"http:\/\/www.tvturk.com\/index.php\/midillide-multeci-kampinda-yangin-1-cocuk-ve-kadin-oldu\/","title":{"rendered":"Midilli\u2019de m\u00fclteci kamp\u0131nda yang\u0131n: 1 \u00e7ocuk ve kad\u0131n \u00f6ld\u00fc"},"content":{"rendered":"<p>Yunanistan\u2019\u0131n Midilli Adas\u0131\u2019nda bir m\u00fclteci kamp\u0131nda protesto s\u0131ras\u0131nda \u00e7\u0131kan yang\u0131nda 1 \u00e7ocuk ve kad\u0131n\u0131n hayat\u0131n\u0131 kaybetti\u011fi belirtildi.<\/p>\n<p>Midilli Adas\u0131\u2019ndaki Moria M\u00fclteci Kamp\u0131\u2019nda d\u00fcn protesto g\u00f6sterileri s\u0131ras\u0131nda yang\u0131n \u00e7\u0131kt\u0131. Yunanistan emniyet m\u00fcd\u00fcrl\u00fc\u011f\u00fc taraf\u0131ndan yap\u0131lan a\u00e7\u0131klamada, yang\u0131nda 1 \u00e7ocuk ve kad\u0131n\u0131n hayat\u0131n\u0131 kaybetti\u011fi belirtildi.<\/p>\n<p>Yang\u0131n\u0131n nedeni hen\u00fcz bilinmezken, \u00f6n raporlara g\u00f6re m\u00fcltecilerin kald\u0131\u011f\u0131 7 konteynerin yand\u0131\u011f\u0131 belirtildi. Yang\u0131n s\u0131ras\u0131nda ka\u00e7an m\u00fclteciler ile polis aras\u0131nda arbede ya\u015fand\u0131\u011f\u0131 ve bir polisin yaraland\u0131\u011f\u0131 belirtildi. Polis, yang\u0131na \u00e7ok yava\u015f m\u00fcdahale edildi\u011fi iddias\u0131yla itfaiyecileri protesto eden m\u00fcltecilere g\u00f6z ya\u015fart\u0131c\u0131 gaz ile kar\u015f\u0131l\u0131k verdi.<\/p>\n<p>Polis taraf\u0131ndan yap\u0131lan a\u00e7\u0131klamada, 400 metrelik alanda \u00e7itlerin d\u0131\u015f\u0131nda ve kamp\u0131n i\u00e7indeki bir noktada 2 farkl\u0131 yang\u0131n \u00e7\u0131kt\u0131\u011f\u0131 ifade edildi.<\/p>\n<p>Resmi rakamlara g\u00f6re 3 bin ki\u015filik Moria M\u00fclteci Kamp\u0131\u2019nda \u015fu anda 12 bin ki\u015fi ya\u015f\u0131yor. Ge\u00e7ti\u011fimiz y\u0131l Birle\u015fmi\u015f Milletler M\u00fclteciler Y\u00fcksek Komiserli\u011fi, Yunanistan\u2019a kamplardaki k\u00f6t\u00fc \u015fartlardan dolay\u0131 Midilli\u2019deki m\u00fcltecileri ba\u015fka bir yere tahliye etmesi \u00e7a\u011fr\u0131s\u0131nda bulunmu\u015ftu.<\/p>\n<p>Son 4 y\u0131l i\u00e7inde 1 milyondan fazla m\u00fclteci Yunanistan k\u0131y\u0131lar\u0131na ula\u015ft\u0131. Yunan k\u0131y\u0131lar\u0131na ula\u015fan m\u00fcltecilerin \u00e7o\u011fu, di\u011fer Avrupa \u00fclkelerine ge\u00e7ti.<\/p>\n","protected":false},"excerpt":{"rendered":"<p>YUNAN\u0130STAN\u2019IN M\u0130D\u0130LL\u0130 ADASI\u2019NDA B\u0130R M\u00dcLTEC\u0130 KAMPINDA \u00c7IKAN YANGINDA 1 \u00c7OCUK VE 1 KADIN HAYATINI KAYBETT\u0130.<\/p>\n","protected":false},"author":1,"featured_media":209435,"comment_status":"closed","ping_status":"open","sticky":false,"template":"","format":"standard","meta":{"jetpack_post_was_ever_published":false,"_jetpack_newsletter_access":"","_jetpack_dont_email_post_to_subs":false,"_jetpack_newsletter_tier_id":0,"_jetpack_memberships_contains_paywalled_content":false,"_jetpack_memberships_contains_paid_content":false,"footnotes":"","jetpack_publicize_message":"","jetpack_publicize_feature_enabled":true,"jetpack_social_post_already_shared":true,"jetpack_social_options":{"image_generator_settings":{"template":"highway","default_image_id":0,"font":"","enabled":false},"version":2}},"categories":[10],"tags":[1008,108,11421,52890,2168,77,1617],"class_list":["post-209434","post","type-post","status-publish","format-standard","has-post-thumbnail","hentry","category-dunya","tag-cocuk","tag-kadin","tag-kampinda","tag-midillide","tag-multeci","tag-oldu","tag-yangin"],"jetpack_publicize_connections":[],"jetpack_featured_media_url":"https:\/\/i0.wp.com\/www.tvturk.com\/wp-content\/uploads\/2019\/09\/midillide-multeci-kampinda-yangin-1-cocuk-ve-kadin-oldu_c9e0796.jpg?fit=1000%2C666","jetpack_sharing_enabled":true,"jetpack_shortlink":"https:\/\/wp.me\/paKIfm-StY","_links":{"self":[{"href":"http:\/\/www.tvturk.com\/index.php\/wp-json\/wp\/v2\/posts\/209434","targetHints":{"allow":["GET"]}}],"collection":[{"href":"http:\/\/www.tvturk.com\/index.php\/wp-json\/wp\/v2\/posts"}],"about":[{"href":"http:\/\/www.tvturk.com\/index.php\/wp-json\/wp\/v2\/types\/post"}],"author":[{"embeddable":true,"href":"http:\/\/www.tvturk.com\/index.php\/wp-json\/wp\/v2\/users\/1"}],"replies":[{"embeddable":true,"href":"http:\/\/www.tvturk.com\/index.php\/wp-json\/wp\/v2\/comments?post=209434"}],"version-history":[{"count":0,"href":"http:\/\/www.tvturk.com\/index.php\/wp-json\/wp\/v2\/posts\/209434\/revisions"}],"wp:featuredmedia":[{"embeddable":true,"href":"http:\/\/www.tvturk.com\/index.php\/wp-json\/wp\/v2\/media\/209435"}],"wp:attachment":[{"href":"http:\/\/www.tvturk.com\/index.php\/wp-json\/wp\/v2\/media?parent=209434"}],"wp:term":[{"taxonomy":"category","embeddable":true,"href":"http:\/\/www.tvturk.com\/index.php\/wp-json\/wp\/v2\/categories?post=209434"},{"taxonomy":"post_tag","embeddable":true,"href":"http:\/\/www.tvturk.com\/index.php\/wp-json\/wp\/v2\/tags?post=209434"}],"curies":[{"name":"wp","href":"https:\/\/api.w.org\/{rel}","templated":true}]}}