{"id":209454,"date":"2019-09-30T12:32:09","date_gmt":"2019-09-30T09:32:09","guid":{"rendered":"http:\/\/www.tvturk.com\/index.php\/ozel-bize-her-yer-derslik-dediler-siniflarindan-ciktilar\/"},"modified":"2019-09-30T12:32:09","modified_gmt":"2019-09-30T09:32:09","slug":"ozel-bize-her-yer-derslik-dediler-siniflarindan-ciktilar","status":"publish","type":"post","link":"http:\/\/www.tvturk.com\/index.php\/ozel-bize-her-yer-derslik-dediler-siniflarindan-ciktilar\/","title":{"rendered":"(\u00d6zel) \u2018Bize her yer derslik\u2019 dediler, s\u0131n\u0131flar\u0131ndan \u00e7\u0131kt\u0131lar"},"content":{"rendered":"<p>Edirne\u2019de Milli E\u011fitim Bakanl\u0131\u011f\u0131n\u0131n 2023 e\u011fitim vizyonu kapsam\u0131nda \u2018Bize her yer derslik\u2019 projesi ile lise \u00f6\u011frencileri tarihi yerinde g\u00f6rerek \u00f6\u011freniyor.<\/p>\n<p>Milli E\u011fitim Bakanl\u0131\u011f\u0131n\u0131n 2023 e\u011fitim vizyonu kapsam\u0131nda Edirne\u2019de \u00f6\u011frenciler, \u2018Bize her yer derslik\u2019 projesi ile tarih derslerini tarihi mek\u00e2n ve ortamlarda i\u015fliyor. Uzunk\u00f6pr\u00fc \u0130l\u00e7e Milli E\u011fitim M\u00fcd\u00fcrl\u00fc\u011f\u00fc b\u00fcnyesinde iki y\u0131ldan bu yana devam ettirilen projede Kemal Unak\u0131tan Anadolu \u0130mam Hatip Lisesi \u00f6\u011frencileri, tarih derslerini 2004 y\u0131l\u0131nda Avrupa Konseyi taraf\u0131ndan Avrupa M\u00fcze \u00d6d\u00fcl\u00fc\u2019n\u00fc kazanan Sultan 2. Bayezid K\u00fclliyesi\u2019nde i\u015fledi. Trakya \u00dcniversitesi b\u00fcnyesinde bulunan Sultan 2. Bayezid K\u00fclliyesi\u2019nde Dar\u00fc\u015f\u015fifa ve T\u0131p Medresesi yap\u0131lar\u0131 da bulunuyor.<\/p>\n<p>\u201c\u00d6\u011frencilerin akademik ba\u015far\u0131s\u0131n\u0131 artt\u0131r\u0131yor\u201d<\/p>\n<p>Uzunk\u00f6pr\u00fc \u0130l\u00e7e Milli E\u011fitim \u015eube M\u00fcd\u00fcr\u00fc Mustafa Onlar, \u0130HA\u2019ya yapt\u0131\u011f\u0131 a\u00e7\u0131klamada, \u201c\u0130ki y\u0131ld\u0131r devam etti\u011fimiz \u2018Bize her yer derslik\u2019 projesi kapsam\u0131nda \u00f6\u011frencilerimizle birlikte Edirne tarihi 2. Beyazid K\u00fclliyesi\u2019ndeyiz. Proje, \u00f6\u011frencilerimizin yak\u0131n \u00e7evresini ve tarihini yak\u0131ndan birebir inceleyerek tan\u0131mas\u0131 amac\u0131yla ger\u00e7ekle\u015ftirdi\u011fimiz bir proje. Ayn\u0131 zamanda okul d\u0131\u015f\u0131nda yap\u0131lan derslerin \u00f6\u011frencilerin akademik ba\u015far\u0131lar\u0131na olumlu katk\u0131lar sa\u011flad\u0131\u011f\u0131 birebir g\u00f6zlemlendi\u011fi i\u00e7in projeyi ger\u00e7ekle\u015ftirdik\u201d dedi.<\/p>\n<p>\u201cOkul sadece tahtadan, kalemden ibaret de\u011fil\u201d<\/p>\n<p>Lise \u00f6\u011frencilerinden Sema Nur Ak\u0131c\u0131 da, \u201cBu proje \u00e7ok g\u00fczel oldu. Derslerin sadece s\u0131n\u0131fta, okulda olmayaca\u011f\u0131n\u0131 bize kan\u0131tlad\u0131. Her yerde ders olabilir d\u00fc\u015f\u00fcncesini bize aktar\u0131yor. Okul, sadece tahtadan, kalemden ibaret de\u011fil. Buras\u0131 da \u00e7ok g\u00fczel, buram buram tarih kokuyor. Akl\u0131m\u0131zda kalmas\u0131 a\u00e7\u0131s\u0131ndan proje \u00e7ok g\u00fczel\u201d ifadelerini kulland\u0131.<\/p>\n<p>\u201cBu atmosferi s\u0131n\u0131fta g\u00f6steremeyiz\u201d<\/p>\n<p>Kemal Unak\u0131tan Anadolu \u0130mam Hatip Lisesi Tarih \u00d6\u011fretmeni H\u00fclya Demirci, \u201c\u015eimdi \u00e7ocuklar\u0131m\u0131za bu dersi s\u0131n\u0131fta anlatabilir ama bu su sesini, bu atmosferi g\u00f6steremeyiz. Birebir uygulamal\u0131 olarak sanki o d\u00f6neme gitmi\u015f gibi olay\u0131 anlatarak \u00e7ocuklar\u0131m\u0131z\u0131n daha iyi kavramas\u0131n\u0131 sa\u011fl\u0131yoruz\u201d dedi.<\/p>\n","protected":false},"excerpt":{"rendered":"<p>UZUNK\u00d6PR\u00dc \u0130L\u00c7E M\u0130LL\u0130 E\u011e\u0130T\u0130M M\u00dcD\u00dcRL\u00dc\u011e\u00dc B\u00dcNYES\u0130NDE \u0130K\u0130 YILDAN BU YANA DEVAM ETT\u0130R\u0130LEN PROJE KAPSAMINDA, KEMAL UNAKITAN ANADOLU \u0130MAM HAT\u0130P L\u0130SES\u0130 \u00d6\u011eRENC\u0130LER\u0130, TAR\u0130H DERSLER\u0130N\u0130 2004 YILINDA AVRUPA KONSEY\u0130 TARAFINDAN AVRUPA M\u00dcZE \u00d6D\u00dcL\u00dc\u2019N\u00dc KAZANAN SULTAN 2. BAYEZ\u0130D K\u00dcLL\u0130YES\u0130\u2019NDE \u0130\u015eLED\u0130. TRAKYA \u00dcN\u0130VERS\u0130TES\u0130 B\u00dcNYES\u0130NDE BULUNAN SULTAN 2. BAYEZ\u0130D K\u00dcLL\u0130YES\u0130\u2019NDE DAR\u00dc\u015e\u015e\u0130FA VE TIP MEDRESES\u0130 YAPILARI DA BULUNUYOR.<\/p>\n","protected":false},"author":1,"featured_media":209455,"comment_status":"closed","ping_status":"open","sticky":false,"template":"","format":"standard","meta":{"jetpack_post_was_ever_published":false,"_jetpack_newsletter_access":"","_jetpack_dont_email_post_to_subs":false,"_jetpack_newsletter_tier_id":0,"_jetpack_memberships_contains_paywalled_content":false,"_jetpack_memberships_contains_paid_content":false,"footnotes":"","jetpack_publicize_message":"","jetpack_publicize_feature_enabled":true,"jetpack_social_post_already_shared":true,"jetpack_social_options":{"image_generator_settings":{"template":"highway","default_image_id":0,"font":"","enabled":false},"version":2}},"categories":[1],"tags":[1073,5972,2238,2599,52124,73,52899,4243],"class_list":["post-209454","post","type-post","status-publish","format-standard","has-post-thumbnail","hentry","category-genel","tag-ozel","tag-bize","tag-ciktilar","tag-dediler","tag-derslik","tag-her","tag-siniflarindan","tag-yer"],"jetpack_publicize_connections":[],"jetpack_featured_media_url":"https:\/\/i0.wp.com\/www.tvturk.com\/wp-content\/uploads\/2019\/09\/ozel-bize-her-yer-derslik-dediler-siniflarindan-ciktilar_2ced346.jpg?fit=1000%2C666","jetpack_sharing_enabled":true,"jetpack_shortlink":"https:\/\/wp.me\/paKIfm-Sui","_links":{"self":[{"href":"http:\/\/www.tvturk.com\/index.php\/wp-json\/wp\/v2\/posts\/209454","targetHints":{"allow":["GET"]}}],"collection":[{"href":"http:\/\/www.tvturk.com\/index.php\/wp-json\/wp\/v2\/posts"}],"about":[{"href":"http:\/\/www.tvturk.com\/index.php\/wp-json\/wp\/v2\/types\/post"}],"author":[{"embeddable":true,"href":"http:\/\/www.tvturk.com\/index.php\/wp-json\/wp\/v2\/users\/1"}],"replies":[{"embeddable":true,"href":"http:\/\/www.tvturk.com\/index.php\/wp-json\/wp\/v2\/comments?post=209454"}],"version-history":[{"count":0,"href":"http:\/\/www.tvturk.com\/index.php\/wp-json\/wp\/v2\/posts\/209454\/revisions"}],"wp:featuredmedia":[{"embeddable":true,"href":"http:\/\/www.tvturk.com\/index.php\/wp-json\/wp\/v2\/media\/209455"}],"wp:attachment":[{"href":"http:\/\/www.tvturk.com\/index.php\/wp-json\/wp\/v2\/media?parent=209454"}],"wp:term":[{"taxonomy":"category","embeddable":true,"href":"http:\/\/www.tvturk.com\/index.php\/wp-json\/wp\/v2\/categories?post=209454"},{"taxonomy":"post_tag","embeddable":true,"href":"http:\/\/www.tvturk.com\/index.php\/wp-json\/wp\/v2\/tags?post=209454"}],"curies":[{"name":"wp","href":"https:\/\/api.w.org\/{rel}","templated":true}]}}