{"id":209512,"date":"2019-09-30T13:46:55","date_gmt":"2019-09-30T10:46:55","guid":{"rendered":"http:\/\/www.tvturk.com\/index.php\/rontgen-ve-laboratuvar-calisanlarinin-bekledigi-karar-danistaydan-geldi\/"},"modified":"2019-09-30T13:46:55","modified_gmt":"2019-09-30T10:46:55","slug":"rontgen-ve-laboratuvar-calisanlarinin-bekledigi-karar-danistaydan-geldi","status":"publish","type":"post","link":"http:\/\/www.tvturk.com\/index.php\/rontgen-ve-laboratuvar-calisanlarinin-bekledigi-karar-danistaydan-geldi\/","title":{"rendered":"R\u00f6ntgen ve laboratuvar \u00e7al\u0131\u015fanlar\u0131n\u0131n bekledi\u011fi karar Dan\u0131\u015ftay\u2019dan geldi"},"content":{"rendered":"<p>Acile hizmet veren r\u00f6ntgen ve laboratuvar \u00e7al\u0131\u015fanlar\u0131na, T\u00fcrkiye Kamu Hastaneleri Kurumunun yaz\u0131l\u0131 karar\u0131yla \u00f6denmeyen y\u00fczde 50 art\u0131r\u0131ml\u0131 n\u00f6bet \u00fccretlerinin, Sa\u011fl\u0131k-Sen\u2019in Dan\u0131\u015ftay\u2019a a\u00e7t\u0131\u011f\u0131 davan\u0131n kazan\u0131lmas\u0131yla \u00f6denmeye ba\u015flayaca\u011f\u0131 belirtildi.<\/p>\n<p>Sa\u011fl\u0131k-Sen\u2019in a\u00e7t\u0131\u011f\u0131 davayla Dan\u0131\u015ftay g\u00fcndemine ta\u015f\u0131nan uygulaman\u0131n ge\u00e7mi\u015fi, T\u00fcrkiye Kamu Hastaneleri Kurumunun 2014 y\u0131l\u0131nda ald\u0131\u011f\u0131 bir karara dayan\u0131yor. Kurumun 23 Haziran 2014 tarih ve 869 say\u0131l\u0131 \u201cN\u00f6bet \u00dccretleri\u201d konulu genel yaz\u0131s\u0131n\u0131n \u201cart\u0131r\u0131ml\u0131 n\u00f6bet \u00fccreti \u00f6denecek birimlere k\u0131smi s\u00fcre ile hizmet verenlerin n\u00f6bet \u00fccreti\u201d maddesine istinaden, acile hizmet veren r\u00f6ntgen ve laboratuvar \u00fcnitelerinde \u00e7al\u0131\u015fanlara y\u00fczde 50 art\u0131r\u0131ml\u0131 n\u00f6bet \u00fccreti \u00f6denmemeye ba\u015flam\u0131\u015ft\u0131.<\/p>\n<p>Sa\u011fl\u0131k-Sen, r\u00f6ntgen ve laboratuvar biriminde \u00e7al\u0131\u015fan ve n\u00f6bet tutmak sureti ile acile hizmet veren teknisyenlere n\u00f6bet \u00fccretlerinin y\u00fczde 50 art\u0131r\u0131ml\u0131 \u00f6denmemesini haks\u0131z bir uygulama olarak de\u011ferlendirerek Dan\u0131\u015ftay\u2019a ba\u015fvurmu\u015ftu. A\u00e7\u0131lan davada Sa\u011fl\u0131k-Sen\u2019i hakl\u0131 bulan Dan\u0131\u015ftay 12. Dairesi, haks\u0131zl\u0131\u011fa zemin te\u015fkil eden kurum karar\u0131n\u0131 iptal etti.<\/p>\n<p>Dan\u0131\u015ftay\u2019\u0131n iptal karar\u0131n\u0131 de\u011ferlendiren Sa\u011fl\u0131k-Sen \u0130zmir 2 No\u2019lu \u015eube Ba\u015fkan\u0131 Ekrem \u00d6zdemir, \u201cR\u00f6ntgen ve laboratuvar teknisyenlerinin acile hizmet verdi\u011fini kurum yetkilileri de \u00e7ok iyi biliyor. Ama buna ra\u011fmen \u00e7al\u0131\u015fanlar\u0131m\u0131z ad\u0131na haks\u0131z bir uygulama yap\u0131lm\u0131\u015f. A\u00e7\u0131lan davada y\u00fcksek mahkeme hakl\u0131 bir karar\u0131n alt\u0131na imza att\u0131. Karar r\u00f6ntgen ve laboratuvar teknisyenleri gibi hepimizi mutlu etmi\u015ftir\u201d dedi.<\/p>\n","protected":false},"excerpt":{"rendered":"<p>SA\u011eLIK-SEN \u0130ZM\u0130R 2 NO\u2019LU \u015eUBE BA\u015eKANI EKREM \u00d6ZDEM\u0130R, \u201cY\u00dcKSEK MAHKEME HAKLI B\u0130R KARARIN ALTINA \u0130MZA ATTI. KARAR R\u00d6NTGEN VE LABORATUVAR TEKN\u0130SYENLER\u0130 G\u0130B\u0130 HEP\u0130M\u0130Z\u0130 MUTLU ETM\u0130\u015eT\u0130R\u201d DED\u0130.<\/p>\n","protected":false},"author":1,"featured_media":209513,"comment_status":"closed","ping_status":"open","sticky":false,"template":"","format":"standard","meta":{"jetpack_post_was_ever_published":false,"_jetpack_newsletter_access":"","_jetpack_dont_email_post_to_subs":false,"_jetpack_newsletter_tier_id":0,"_jetpack_memberships_contains_paywalled_content":false,"_jetpack_memberships_contains_paid_content":false,"footnotes":"","jetpack_publicize_message":"","jetpack_publicize_feature_enabled":true,"jetpack_social_post_already_shared":true,"jetpack_social_options":{"image_generator_settings":{"template":"highway","default_image_id":0,"font":"","enabled":false},"version":2}},"categories":[1],"tags":[13400,17656,10656,41086,127,2110,52913],"class_list":["post-209512","post","type-post","status-publish","format-standard","has-post-thumbnail","hentry","category-genel","tag-laboratuvar","tag-bekledigi","tag-calisanlarinin","tag-danistaydan","tag-geldi","tag-karar","tag-rontgen"],"jetpack_publicize_connections":[],"jetpack_featured_media_url":"https:\/\/i0.wp.com\/www.tvturk.com\/wp-content\/uploads\/2019\/09\/rontgen-ve-laboratuvar-calisanlarinin-bekledigi-karar-danistaydan-geldi_4e3b050.jpg?fit=1000%2C661","jetpack_sharing_enabled":true,"jetpack_shortlink":"https:\/\/wp.me\/paKIfm-Sve","_links":{"self":[{"href":"http:\/\/www.tvturk.com\/index.php\/wp-json\/wp\/v2\/posts\/209512","targetHints":{"allow":["GET"]}}],"collection":[{"href":"http:\/\/www.tvturk.com\/index.php\/wp-json\/wp\/v2\/posts"}],"about":[{"href":"http:\/\/www.tvturk.com\/index.php\/wp-json\/wp\/v2\/types\/post"}],"author":[{"embeddable":true,"href":"http:\/\/www.tvturk.com\/index.php\/wp-json\/wp\/v2\/users\/1"}],"replies":[{"embeddable":true,"href":"http:\/\/www.tvturk.com\/index.php\/wp-json\/wp\/v2\/comments?post=209512"}],"version-history":[{"count":0,"href":"http:\/\/www.tvturk.com\/index.php\/wp-json\/wp\/v2\/posts\/209512\/revisions"}],"wp:featuredmedia":[{"embeddable":true,"href":"http:\/\/www.tvturk.com\/index.php\/wp-json\/wp\/v2\/media\/209513"}],"wp:attachment":[{"href":"http:\/\/www.tvturk.com\/index.php\/wp-json\/wp\/v2\/media?parent=209512"}],"wp:term":[{"taxonomy":"category","embeddable":true,"href":"http:\/\/www.tvturk.com\/index.php\/wp-json\/wp\/v2\/categories?post=209512"},{"taxonomy":"post_tag","embeddable":true,"href":"http:\/\/www.tvturk.com\/index.php\/wp-json\/wp\/v2\/tags?post=209512"}],"curies":[{"name":"wp","href":"https:\/\/api.w.org\/{rel}","templated":true}]}}