{"id":209540,"date":"2019-09-30T14:46:56","date_gmt":"2019-09-30T11:46:56","guid":{"rendered":"http:\/\/www.tvturk.com\/index.php\/30-kiloluk-kabak-20-bin-liraya-alindi\/"},"modified":"2019-09-30T14:46:56","modified_gmt":"2019-09-30T11:46:56","slug":"30-kiloluk-kabak-20-bin-liraya-alindi","status":"publish","type":"post","link":"http:\/\/www.tvturk.com\/index.php\/30-kiloluk-kabak-20-bin-liraya-alindi\/","title":{"rendered":"30 kiloluk kabak 20 bin liraya al\u0131nd\u0131"},"content":{"rendered":"<p>Bilecik merkeze ba\u011fl\u0131 K\u0131z\u0131ldamlar K\u00f6y\u00fc Muhtarl\u0131\u011f\u0131 ile K\u0131z\u0131ldamlar K\u00f6y\u00fc K\u00fclt\u00fcr Derne\u011fi i\u015f birli\u011finde \u20196. Kestane Kaba\u011f\u0131 Festivali\u2019 d\u00fczenlendi. Festivalde birinci olan kabak 20 bin liraya sat\u0131n al\u0131nd\u0131.<\/p>\n<p>D\u00fczenlenen festivale Bilecik Valisi Bilal \u015eent\u00fcrk, Bilecik Belediye Ba\u015fkan\u0131 Semih \u015eahin, Bilecik Tar\u0131m ve Orman \u0130l M\u00fcd\u00fcr Vekili Mustafa Demirba\u015f, Bilecik \u0130l Emniyet M\u00fcd\u00fcr\u00fc Ertu\u011frul Namal, Bilecik \u0130l Genel Meclis Ba\u015fkan\u0131 Osman Y\u0131lmaz, Pazaryeri Belediye Ba\u015fkan\u0131 Zekiye Tekin ve \u00e7ok say\u0131da davetli kat\u0131ld\u0131.<\/p>\n<p>&#8220;\u00dcr\u00fcn kalitesiyle di\u011fer \u00fcreticilerden fark\u0131ndala\u015faca\u011f\u0131z\u201d<\/p>\n<p>Burada konu\u015fma yapan Bilecik Valisi Bilal \u015eent\u00fcrk, \u201cK\u0131z\u0131ldamlar K\u00f6y\u00fc kestane kaba\u011f\u0131 \u00fcretiminde 6 y\u0131lda 20 kat b\u00fcy\u00fcme ger\u00e7ekle\u015ftirdi. Potansiyelleri harekete ge\u00e7irmek \u00fczere kendi alan\u0131ndaki uzman arkada\u015flar\u0131m\u0131zla \u00f6zellikle tar\u0131msal \u00fcretim potansiyelimizi tam anlam\u0131yla etkili kullanabilmek ad\u0131na yapt\u0131\u011f\u0131m\u0131z i\u015fi daha da iyi yapabilmek, vatanda\u015f\u0131m\u0131z\u0131n gelir seviyesini daha da art\u0131rabilmek \u00fczere de\u011fi\u015fik \u00e7al\u0131\u015fmalar y\u00fcr\u00fct\u00fcyoruz. Bunlardan birisi de 7. Organize Sanayi B\u00f6lgesi olan Bilecik\u2019in 8\u2019inci Organize Sanayi B\u00f6lgesi olacak in\u015fallah. Kendi topra\u011f\u0131m\u0131zda \u00fcretilen kestane kaba\u011f\u0131, lezzet olarak \u00fcr\u00fcne yans\u0131m\u0131\u015f \u00fcr\u00fcnlerinden bir tanesi. \u00dcr\u00fcn kalitesiyle, di\u011fer \u00fcreticilerden fark\u0131ndala\u015faca\u011f\u0131z. Ba\u015fka rekabet edecek bir \u015feyimiz yok. Daha kaliteli \u00fcr\u00fcn ve daha g\u00fcler y\u00fczl\u00fc sat\u0131c\u0131 daha sevecen daha samimi daha i\u00e7ten daha insani olduktan sonra hususi olarak insanlar kap\u0131m\u0131za kadar gelecek. Yeter ki biz \u00fcretim yapal\u0131m, \u00fcretici olal\u0131m. En g\u00fc\u00e7l\u00fc olan kimdir? \u00dcretendir. En g\u00fc\u00e7l\u00fc olan k\u00f6yl\u00fclerimizdir. Niye? \u00fcrettikleri i\u00e7in g\u00fc\u00e7leri oradan geliyor. K\u00f6yl\u00fclerimizin birlik ve beraberlik i\u00e7erisinde olduklar\u0131n\u0131 g\u00f6rmek g\u00fczel. Birbirine tutkun k\u00f6ylerimizin yapamayaca\u011f\u0131 hi\u00e7bir \u015fey yok. Bu birlikteli\u011fimiz daim olsun\u201d \u015feklinde konu\u015ftu.<\/p>\n<p>Tar\u0131m ve Orman \u0130l M\u00fcd\u00fcr Vekili Mustafa Demirba\u015f ise, festivalin her y\u0131l \u00f6nemini art\u0131rd\u0131\u011f\u0131n\u0131, \u00fcretimin ve kalitesinin daha kaliteli hale geldi\u011fini ifade ederek T\u00fcrkiye\u2019de tercih edilen \u00fcr\u00fcn oldu\u011funu belirtti.<\/p>\n<p>Konu\u015fmalar\u0131n ard\u0131ndan kabak yeti\u015ftirme yar\u0131\u015fmas\u0131nda birinci olan M\u00fcmin Ta\u015fk\u0131ran\u2019a, Vali \u015eent\u00fcrk, ikinci olan Emir K\u00f6k\u2019e \u0130l Emniyet M\u00fcd\u00fcr\u00fc Ertu\u011frul Namal, \u00fc\u00e7\u00fcnc\u00fc olan Burhanettin Demir\u00f6z\u2019e ise \u0130l Genel Meclisi Ba\u015fkan\u0131 Osman Y\u0131lmaz taraf\u0131ndan \u00f6d\u00fclleri verildi.<\/p>\n<p>Festival, birinci olan 30 kilograml\u0131k kaba\u011f\u0131n belediye, dernek yetkilileri ve \u015fah\u0131slar\u0131n bulundu\u011fu ki\u015filer taraf\u0131ndan 20 bin liraya sat\u0131n al\u0131nmas\u0131yla sona erdi.<\/p>\n","protected":false},"excerpt":{"rendered":"<p>B\u0130LEC\u0130K MERKEZE BA\u011eLI KIZILDAMLAR K\u00d6Y\u00dc MUHTARLI\u011eI \u0130LE KIZILDAMLAR K\u00d6Y\u00dc K\u00dcLT\u00dcR DERNE\u011e\u0130 \u0130\u015e B\u0130RL\u0130\u011e\u0130NDE &#8216;6. KESTANE KABA\u011eI FEST\u0130VAL\u0130&#8217; D\u00dcZENLEND\u0130. FEST\u0130VALDE B\u0130R\u0130NC\u0130 OLAN KABAK 20 B\u0130N L\u0130RAYA SATIN ALINDI.<\/p>\n","protected":false},"author":1,"featured_media":209541,"comment_status":"closed","ping_status":"open","sticky":false,"template":"","format":"standard","meta":{"jetpack_post_was_ever_published":false,"_jetpack_newsletter_access":"","_jetpack_dont_email_post_to_subs":false,"_jetpack_newsletter_tier_id":0,"_jetpack_memberships_contains_paywalled_content":false,"_jetpack_memberships_contains_paid_content":false,"footnotes":"","jetpack_publicize_message":"","jetpack_publicize_feature_enabled":true,"jetpack_social_post_already_shared":true,"jetpack_social_options":{"image_generator_settings":{"template":"highway","default_image_id":0,"font":"","enabled":false},"version":2}},"categories":[1],"tags":[1014,213,20590,8567,4540],"class_list":["post-209540","post","type-post","status-publish","format-standard","has-post-thumbnail","hentry","category-genel","tag-alindi","tag-bin","tag-kabak","tag-kiloluk","tag-liraya"],"jetpack_publicize_connections":[],"jetpack_featured_media_url":"https:\/\/i0.wp.com\/www.tvturk.com\/wp-content\/uploads\/2019\/09\/30-kiloluk-kabak-20-bin-liraya-alindi_d2983c8.jpg?fit=800%2C534","jetpack_sharing_enabled":true,"jetpack_shortlink":"https:\/\/wp.me\/paKIfm-SvG","_links":{"self":[{"href":"http:\/\/www.tvturk.com\/index.php\/wp-json\/wp\/v2\/posts\/209540","targetHints":{"allow":["GET"]}}],"collection":[{"href":"http:\/\/www.tvturk.com\/index.php\/wp-json\/wp\/v2\/posts"}],"about":[{"href":"http:\/\/www.tvturk.com\/index.php\/wp-json\/wp\/v2\/types\/post"}],"author":[{"embeddable":true,"href":"http:\/\/www.tvturk.com\/index.php\/wp-json\/wp\/v2\/users\/1"}],"replies":[{"embeddable":true,"href":"http:\/\/www.tvturk.com\/index.php\/wp-json\/wp\/v2\/comments?post=209540"}],"version-history":[{"count":0,"href":"http:\/\/www.tvturk.com\/index.php\/wp-json\/wp\/v2\/posts\/209540\/revisions"}],"wp:featuredmedia":[{"embeddable":true,"href":"http:\/\/www.tvturk.com\/index.php\/wp-json\/wp\/v2\/media\/209541"}],"wp:attachment":[{"href":"http:\/\/www.tvturk.com\/index.php\/wp-json\/wp\/v2\/media?parent=209540"}],"wp:term":[{"taxonomy":"category","embeddable":true,"href":"http:\/\/www.tvturk.com\/index.php\/wp-json\/wp\/v2\/categories?post=209540"},{"taxonomy":"post_tag","embeddable":true,"href":"http:\/\/www.tvturk.com\/index.php\/wp-json\/wp\/v2\/tags?post=209540"}],"curies":[{"name":"wp","href":"https:\/\/api.w.org\/{rel}","templated":true}]}}