{"id":209624,"date":"2019-09-30T17:03:04","date_gmt":"2019-09-30T14:03:04","guid":{"rendered":"http:\/\/www.tvturk.com\/index.php\/trabzonspor-fc-basel-maci-hazirliklarina-basladi\/"},"modified":"2019-09-30T17:03:04","modified_gmt":"2019-09-30T14:03:04","slug":"trabzonspor-fc-basel-maci-hazirliklarina-basladi","status":"publish","type":"post","link":"http:\/\/www.tvturk.com\/index.php\/trabzonspor-fc-basel-maci-hazirliklarina-basladi\/","title":{"rendered":"Trabzonspor, FC Basel ma\u00e7\u0131 haz\u0131rl\u0131klar\u0131na ba\u015flad\u0131"},"content":{"rendered":"<p>Trabzonspor, UEFA Avrupa Ligi C Grubu\u2019nda oynayaca\u011f\u0131 FC Basel ma\u00e7\u0131 haz\u0131rl\u0131klar\u0131na ba\u015flad\u0131.<\/p>\n<p>Trabzonspor, Be\u015fikta\u015f galibiyetinin ard\u0131ndan UEFA Avrupa Ligi C Grubu\u2019nda oynayaca\u011f\u0131 FC Basel ma\u00e7\u0131 haz\u0131rl\u0131klar\u0131na ara vermeden ba\u015flad\u0131. Mehmet Ali Y\u0131lmaz Tesisleri\u2019nde Teknik Direkt\u00f6r \u00dcnal Karaman y\u00f6netiminde yap\u0131lan antrenmanda bordo-mavili oyuncular iki grup halinde \u00e7al\u0131\u015ft\u0131. Birinci gruptaki oyuncular yenileme, ikinci gruptaki oyuncular ise taktiksel \u00e7al\u0131\u015fmalar ger\u00e7ekle\u015ftirdi. Bas\u0131na ve taraftara kapal\u0131 olarak ger\u00e7ekle\u015fen antrenmanda Teknik Direkt\u00f6r \u00dcnal Karaman, Be\u015fikta\u015f galibiyetinin mimarlar\u0131ndan kaptan Sosa\u2019ya \u00f6zel ilgi g\u00f6sterirken, idman sahas\u0131nda bir s\u00fcre \u00f6zel g\u00f6r\u00fc\u015ft\u00fc.<\/p>\n<p>Yar\u0131n\u0131 izinli olarak ge\u00e7irecek olan bordo-mavili tak\u0131m, \u00c7ar\u015famba g\u00fcn\u00fc yapaca\u011f\u0131 antrenmanla FC Basel ma\u00e7\u0131 haz\u0131rl\u0131klar\u0131n\u0131 s\u00fcrd\u00fcrecek.<\/p>\n","protected":false},"excerpt":{"rendered":"<p>TRABZONSPOR, UEFA AVRUPA L\u0130G\u0130 C GRUBU\u2019NDA OYNAYACA\u011eI FC BASEL MA\u00c7I HAZIRLIKLARINA BA\u015eLADI.<\/p>\n","protected":false},"author":1,"featured_media":209625,"comment_status":"closed","ping_status":"open","sticky":false,"template":"","format":"standard","meta":{"jetpack_post_was_ever_published":false,"_jetpack_newsletter_access":"","_jetpack_dont_email_post_to_subs":false,"_jetpack_newsletter_tier_id":0,"_jetpack_memberships_contains_paywalled_content":false,"_jetpack_memberships_contains_paid_content":false,"footnotes":"","jetpack_publicize_message":"","jetpack_publicize_feature_enabled":true,"jetpack_social_post_already_shared":true,"jetpack_social_options":{"image_generator_settings":{"template":"highway","default_image_id":0,"font":"","enabled":false},"version":2}},"categories":[657],"tags":[52934,55,778,777,916],"class_list":["post-209624","post","type-post","status-publish","format-standard","has-post-thumbnail","hentry","category-spor","tag-basel","tag-basladi","tag-hazirliklarina","tag-maci","tag-trabzonspor"],"jetpack_publicize_connections":[],"jetpack_featured_media_url":"https:\/\/i0.wp.com\/www.tvturk.com\/wp-content\/uploads\/2019\/09\/trabzonspor-fc-basel-maci-hazirliklarina-basladi_2f557b0.jpg?fit=1000%2C700","jetpack_sharing_enabled":true,"jetpack_shortlink":"https:\/\/wp.me\/paKIfm-Sx2","_links":{"self":[{"href":"http:\/\/www.tvturk.com\/index.php\/wp-json\/wp\/v2\/posts\/209624","targetHints":{"allow":["GET"]}}],"collection":[{"href":"http:\/\/www.tvturk.com\/index.php\/wp-json\/wp\/v2\/posts"}],"about":[{"href":"http:\/\/www.tvturk.com\/index.php\/wp-json\/wp\/v2\/types\/post"}],"author":[{"embeddable":true,"href":"http:\/\/www.tvturk.com\/index.php\/wp-json\/wp\/v2\/users\/1"}],"replies":[{"embeddable":true,"href":"http:\/\/www.tvturk.com\/index.php\/wp-json\/wp\/v2\/comments?post=209624"}],"version-history":[{"count":0,"href":"http:\/\/www.tvturk.com\/index.php\/wp-json\/wp\/v2\/posts\/209624\/revisions"}],"wp:featuredmedia":[{"embeddable":true,"href":"http:\/\/www.tvturk.com\/index.php\/wp-json\/wp\/v2\/media\/209625"}],"wp:attachment":[{"href":"http:\/\/www.tvturk.com\/index.php\/wp-json\/wp\/v2\/media?parent=209624"}],"wp:term":[{"taxonomy":"category","embeddable":true,"href":"http:\/\/www.tvturk.com\/index.php\/wp-json\/wp\/v2\/categories?post=209624"},{"taxonomy":"post_tag","embeddable":true,"href":"http:\/\/www.tvturk.com\/index.php\/wp-json\/wp\/v2\/tags?post=209624"}],"curies":[{"name":"wp","href":"https:\/\/api.w.org\/{rel}","templated":true}]}}