{"id":209728,"date":"2019-10-01T08:46:08","date_gmt":"2019-10-01T05:46:08","guid":{"rendered":"http:\/\/www.tvturk.com\/index.php\/11-uluslararasi-istanbul-sigortacilik-konferansi-3-4-ekimde-yapilacak\/"},"modified":"2019-10-01T08:46:08","modified_gmt":"2019-10-01T05:46:08","slug":"11-uluslararasi-istanbul-sigortacilik-konferansi-3-4-ekimde-yapilacak","status":"publish","type":"post","link":"http:\/\/www.tvturk.com\/index.php\/11-uluslararasi-istanbul-sigortacilik-konferansi-3-4-ekimde-yapilacak\/","title":{"rendered":"11. Uluslararas\u0131 \u0130stanbul Sigortac\u0131l\u0131k Konferans\u0131 3 &#8211; 4 Ekim\u2019de yap\u0131lacak"},"content":{"rendered":"<p>Sigorta Tatbikat\u00e7\u0131lar\u0131 Derne\u011fi taraf\u0131ndan her y\u0131l Ekim ay\u0131nda d\u00fczenlenen \u0130stanbul Uluslararas\u0131 Sigortac\u0131l\u0131k Konferans\u0131 bu y\u0131l 11. kez d\u00fczenleniyor.<\/p>\n<p>3-4 Ekim 2019 tarihlerinde Milli Reas\u00fcrans\u2019\u0131n Te\u015fvikiye\u2019de bulunan binas\u0131nda ger\u00e7ekle\u015ftirilecek ve iki g\u00fcn s\u00fcrecek olan konferans\u0131n ilk g\u00fcn\u00fc olan 3 Ekim\u2019de 2 ayr\u0131 oturumda \u201cS\u00fcrd\u00fcr\u00fclebilir Kalk\u0131nma Hedefleri \u0130\u00e7in Teknolojinin ve \u0130novasyonun Rol\u00fc\u201d ve \u201cFinansal ve Siber Sigortalar\u201d ba\u015fl\u0131klar\u0131 ele al\u0131nacak. Sigorta \u015firketlerinden ve farkl\u0131 alanlardan gelen uzmanlar s\u00f6z konusu alanlarla ilgili geli\u015fmeleri ve yenilikleri ele alacak. Konferans\u0131n ikinci g\u00fcn\u00fcnde ise \u201cTamamlay\u0131c\u0131 Sa\u011fl\u0131k Sigortalar\u0131\u201d ve \u201cIFRS 17 Uygulamalar\u0131\u201dn\u0131 konu alan paralel workshop \u00e7al\u0131\u015fmalar\u0131 ger\u00e7ekle\u015ftirilirken yurt i\u00e7i ve yurt d\u0131\u015f\u0131ndan gelen \u015firket ve kurum temsilcilerinin ikili g\u00f6r\u00fc\u015fmeleri olacak. Yo\u011fun bir kat\u0131l\u0131m\u0131n beklendi\u011fi konferans bu alanda yap\u0131lan en \u00f6nemli etkinlikler aras\u0131nda yer al\u0131yor.<\/p>\n<p>11\u2019inci Uluslararas\u0131 \u0130stanbul Sigortac\u0131l\u0131k Konferans\u0131\u2019n\u0131n a\u00e7\u0131l\u0131\u015f konu\u015fmalar\u0131n\u0131 Sigorta Tatbikat\u00e7\u0131lar\u0131 Derne\u011fi Ba\u015fkan\u0131 Fahri Alt\u0131ng\u00f6z, Hazine ve Maliye Bakanl\u0131\u011f\u0131 M\u00fcste\u015far Yard\u0131mc\u0131s\u0131, Sigortac\u0131l\u0131k Genel M\u00fcd\u00fcr\u00fc ve Ziraat Bankas\u0131 Y\u00f6netim Kurulu Ba\u015fkan\u0131 Dr. Ahmet Gen\u00e7, Sigortac\u0131l\u0131k Genel M\u00fcd\u00fcr Yard\u0131mc\u0131s\u0131 Murat Kayac\u0131, Hazine ve Maliye Bakanl\u0131\u011f\u0131 Sigorta Denetleme Kurulu Ba\u015fkan\u0131 Mete G\u00fcler, T\u00fcrkiye Sigorta Birli\u011fi Genel Sekreteri Mehmet Akif Ero\u011flu yapacak. Konferans\u0131n ilk g\u00fcn\u00fcnde yap\u0131lacak oturumlardan \u00f6\u011fleden \u00f6nce ger\u00e7ekle\u015ftirilecek \u201cS\u00fcrd\u00fcr\u00fclebilir Kalk\u0131nma Hedefleri \u0130\u00e7in Teknolojinin ve \u0130novasyonun Rol\u00fc\u201dne, Richard Redford &#8211; Virtual I Techonologies, Daniela Ghetu &#8211; Media Xprimm, Asif John &#8211; ARGenesis, Esra \u00d6ge &#8211; Aksigorta panelist olarak kat\u0131l\u0131rken, Okan Utkueri &#8211; Guy Carpenter moderat\u00f6r olacak, \u00f6\u011fleden sonra yap\u0131lacak \u201cFinansal ve Siber Sigortalar\u201d oturumuna Oksana Kletskova &#8211; Munich Re, James Latham &#8211; Willis Re, Talar G\u00fcl &#8211; PWC, Zeynep \u00d6zek &#8211; Chubb, Prof. Dr. Nilg\u00fcn Bo\u015falp &#8211; Bilgi \u00dcniversitesi Hukuk Fak\u00fcltesi sunumlar\u0131yla kat\u0131l\u0131rken, moderat\u00f6rl\u00fc\u011f\u00fc Daniela Ghetu &#8211; Media Xprimm yapacak. 2. Oturumdan \u00f6nce Jason Lau &#8211; Core Strateji, Sigortal\u0131lar\u0131n Yolculu\u011funda Teknoloji ve \u0130novasyonun Rol\u00fc konulu bir konu\u015fma yapacak.<\/p>\n<p>\u0130kinci g\u00fcn olan 4 Ekim\u2019de yap\u0131lacak paralel workshoplardan \u201cIFRS 17 Uygulamalar\u0131\u201dna Do\u00e7. Dr. Metin Sar\u0131aslan  &#8211; Sigorta Denetleme Kurulu, moderat\u00f6r olurken, konu\u015fmac\u0131lar ise Ali Tu\u011frul Uzun &#8211; KPMG, Utku Me\u015fhur &#8211; Ernst &amp; Young, El\u00e7in Toygar &#8211; PWC olacak. Di\u011fer paralel oturum \u201cTamamlay\u0131c\u0131 Sa\u011fl\u0131k Sigortalar\u0131\u201dna ise Dr. Arzu Akka\u015f &#8211; Akka\u015f Dan\u0131\u015fmanl\u0131k, Dr. Korhan K\u00f6m\u00fcksu &#8211; Axa Sigorta, Dr. Refik Altun &#8211; SGK, Dr. Ruhsan Zengin &#8211; MLP Care, Ebru Gen\u00e7osmano\u011flu &#8211; Sigortac\u0131l\u0131k Genel M\u00fcd\u00fcrl\u00fc\u011f\u00fc konu\u015fmac\u0131 olarak kat\u0131l\u0131rken, Prof. Dr. Haluk \u00d6zsar\u0131 modert\u00f6rl\u00fck yapacak, kat\u0131l\u0131mc\u0131lar ise soru ve yorumlar\u0131yla katk\u0131da bulunacak.<\/p>\n<p>T\u00fcrkiye ve d\u00fcnyadan \u00e7ok de\u011ferli kat\u0131l\u0131mc\u0131lar\u0131n kay\u0131t yapt\u0131rd\u0131\u011f\u0131 11\u2019inci Uluslararas\u0131 \u0130stanbul Sigortac\u0131l\u0131k Konferans\u0131\u2019na http:\/\/www.iiicturkey.com\/register.php adresinden kay\u0131t yapt\u0131rabilirsiniz. Konferansta simultane terc\u00fcme de yap\u0131lacak. T\u00fcm sorular ve kay\u0131t i\u015flemleri i\u00e7in Muge.horasan@iucre.com e-mail adresine ba\u015fvurulabilir.<\/p>\n","protected":false},"excerpt":{"rendered":"<p>S\u0130GORTA TATB\u0130KAT\u00c7ILARI DERNE\u011e\u0130 TARAFINDAN HER YIL EK\u0130M AYINDA D\u00dcZENLENEN \u0130STANBUL ULUSLARARASI S\u0130GORTACILIK KONFERANSI BU YIL 11. KEZ D\u00dcZENLEN\u0130YOR. 3 -4 EK\u0130M 2019 TAR\u0130HLER\u0130NDE M\u0130LL\u0130 REAS\u00dcRANS\u2019IN TE\u015eV\u0130K\u0130YE\u2019DE BULUNAN B\u0130NASINDA GER\u00c7EKLE\u015eT\u0130R\u0130LECEK VE \u0130K\u0130 G\u00dcN S\u00dcRECEK OLAN KONFERANSIN \u0130LK G\u00dcN\u00dc OLAN 3 EK\u0130M\u2019DE 2 AYRI OTURUMDA \u201cS\u00dcRD\u00dcR\u00dcLEB\u0130L\u0130R KALKINMA HEDEFLER\u0130 \u0130\u00c7\u0130N TEKNOLOJ\u0130N\u0130N VE \u0130NOVASYONUN ROL\u00dc\u201d VE \u201cF\u0130NANSAL VE S\u0130BER S\u0130GORTALAR\u201d BA\u015eLIKLARI ELE ALINACAK.<\/p>\n","protected":false},"author":1,"featured_media":209729,"comment_status":"closed","ping_status":"open","sticky":false,"template":"","format":"standard","meta":{"jetpack_post_was_ever_published":false,"_jetpack_newsletter_access":"","_jetpack_dont_email_post_to_subs":false,"_jetpack_newsletter_tier_id":0,"_jetpack_memberships_contains_paywalled_content":false,"_jetpack_memberships_contains_paid_content":false,"footnotes":"","jetpack_publicize_message":"","jetpack_publicize_feature_enabled":true,"jetpack_social_post_already_shared":true,"jetpack_social_options":{"image_generator_settings":{"template":"highway","default_image_id":0,"font":"","enabled":false},"version":2}},"categories":[19],"tags":[4839,3893,46487,730,351,32605,158],"class_list":["post-209728","post","type-post","status-publish","format-standard","has-post-thumbnail","hentry","category-ekonomi","tag-uluslararasi","tag-3893","tag-ekimde","tag-istanbul","tag-konferansi","tag-sigortacilik","tag-yapilacak"],"jetpack_publicize_connections":[],"jetpack_featured_media_url":"https:\/\/i0.wp.com\/www.tvturk.com\/wp-content\/uploads\/2019\/10\/11-uluslararasi-istanbul-sigortacilik-konferansi-3-4-ekimde-yapilacak_55a373a.jpg?fit=1000%2C668","jetpack_sharing_enabled":true,"jetpack_shortlink":"https:\/\/wp.me\/paKIfm-SyI","_links":{"self":[{"href":"http:\/\/www.tvturk.com\/index.php\/wp-json\/wp\/v2\/posts\/209728","targetHints":{"allow":["GET"]}}],"collection":[{"href":"http:\/\/www.tvturk.com\/index.php\/wp-json\/wp\/v2\/posts"}],"about":[{"href":"http:\/\/www.tvturk.com\/index.php\/wp-json\/wp\/v2\/types\/post"}],"author":[{"embeddable":true,"href":"http:\/\/www.tvturk.com\/index.php\/wp-json\/wp\/v2\/users\/1"}],"replies":[{"embeddable":true,"href":"http:\/\/www.tvturk.com\/index.php\/wp-json\/wp\/v2\/comments?post=209728"}],"version-history":[{"count":0,"href":"http:\/\/www.tvturk.com\/index.php\/wp-json\/wp\/v2\/posts\/209728\/revisions"}],"wp:featuredmedia":[{"embeddable":true,"href":"http:\/\/www.tvturk.com\/index.php\/wp-json\/wp\/v2\/media\/209729"}],"wp:attachment":[{"href":"http:\/\/www.tvturk.com\/index.php\/wp-json\/wp\/v2\/media?parent=209728"}],"wp:term":[{"taxonomy":"category","embeddable":true,"href":"http:\/\/www.tvturk.com\/index.php\/wp-json\/wp\/v2\/categories?post=209728"},{"taxonomy":"post_tag","embeddable":true,"href":"http:\/\/www.tvturk.com\/index.php\/wp-json\/wp\/v2\/tags?post=209728"}],"curies":[{"name":"wp","href":"https:\/\/api.w.org\/{rel}","templated":true}]}}