{"id":209744,"date":"2019-10-01T09:31:42","date_gmt":"2019-10-01T06:31:42","guid":{"rendered":"http:\/\/www.tvturk.com\/index.php\/malkarali-vatandaslar-yavru-kusu-hayretle-izledi\/"},"modified":"2019-10-01T09:31:42","modified_gmt":"2019-10-01T06:31:42","slug":"malkarali-vatandaslar-yavru-kusu-hayretle-izledi","status":"publish","type":"post","link":"http:\/\/www.tvturk.com\/index.php\/malkarali-vatandaslar-yavru-kusu-hayretle-izledi\/","title":{"rendered":"Malkaral\u0131 vatanda\u015flar yavru ku\u015fu hayretle izledi"},"content":{"rendered":"<p>Tekirda\u011f Malkara\u2019da vatanda\u015flar\u0131n hayretle inceledi\u011fi yavru ku\u015fun cinsi bir t\u00fcrl\u00fc \u00f6\u011frenilemedi.<\/p>\n<p>Malkara il\u00e7esine ba\u011fl\u0131 Hask\u00f6y Mahallesi\u2019nde bitkin halde bulunan, bayku\u015fu and\u0131ran yavru bir ku\u015f, vatanda\u015flar\u0131n ilgi oda\u011f\u0131 oldu. Sar\u0131 ve beyaz renkli ku\u015fu \u015fa\u015fk\u0131nl\u0131kla inceleyen vatanda\u015flar, ku\u015fun hangi t\u00fcrden oldu\u011funu merakla \u00f6\u011frenmeye \u00e7al\u0131\u015ft\u0131.<\/p>\n<p>&#8220;\u0130lk kez g\u00f6r\u00fcyorum&#8221;<\/p>\n<p>Bir vatanda\u015f, &#8220;B\u00f6yle bir ku\u015fu Malkara\u2019da ilk kez g\u00f6r\u00fcyorum. Ne oldu\u011funu bir t\u00fcrl\u00fc \u00e7\u00f6zemedim. Yetkililerden \u00f6\u011frenece\u011fiz\u201d dedi.<\/p>\n<p>Duyarl\u0131 vatanda\u015flar taraf\u0131ndan kafese konularak koruma alt\u0131na al\u0131nan ku\u015fun daha sonra yetkililere teslim edildi\u011fi belirtildi.<\/p>\n<p>Malkara\u2019da ilk kez g\u00f6r\u00fcld\u00fc\u011f\u00fc \u00f6ne s\u00fcr\u00fclen ku\u015fun ise \u2019Puhu ku\u015fu\u2019 oldu\u011fu kaydedildi.<\/p>\n","protected":false},"excerpt":{"rendered":"<p>TEK\u0130RDA\u011e MALKARA\u2019DA VATANDA\u015eLARIN HAYRETLE \u0130NCELED\u0130\u011e\u0130 YAVRU KU\u015eUN C\u0130NS\u0130 B\u0130R T\u00dcRL\u00dc \u00d6\u011eREN\u0130LEMED\u0130.<\/p>\n","protected":false},"author":1,"featured_media":209745,"comment_status":"closed","ping_status":"open","sticky":false,"template":"","format":"standard","meta":{"jetpack_post_was_ever_published":false,"_jetpack_newsletter_access":"","_jetpack_dont_email_post_to_subs":false,"_jetpack_newsletter_tier_id":0,"_jetpack_memberships_contains_paywalled_content":false,"_jetpack_memberships_contains_paid_content":false,"footnotes":"","jetpack_publicize_message":"","jetpack_publicize_feature_enabled":true,"jetpack_social_post_already_shared":true,"jetpack_social_options":{"image_generator_settings":{"template":"highway","default_image_id":0,"font":"","enabled":false},"version":2}},"categories":[1],"tags":[45322,517,18786,44593,2344,1239],"class_list":["post-209744","post","type-post","status-publish","format-standard","has-post-thumbnail","hentry","category-genel","tag-hayretle","tag-izledi","tag-kusu","tag-malkarali","tag-vatandaslar","tag-yavru"],"jetpack_publicize_connections":[],"jetpack_featured_media_url":"https:\/\/i0.wp.com\/www.tvturk.com\/wp-content\/uploads\/2019\/10\/malkarali-vatandaslar-yavru-kusu-hayretle-izledi_c8844ba.jpg?fit=1000%2C664","jetpack_sharing_enabled":true,"jetpack_shortlink":"https:\/\/wp.me\/paKIfm-SyY","_links":{"self":[{"href":"http:\/\/www.tvturk.com\/index.php\/wp-json\/wp\/v2\/posts\/209744","targetHints":{"allow":["GET"]}}],"collection":[{"href":"http:\/\/www.tvturk.com\/index.php\/wp-json\/wp\/v2\/posts"}],"about":[{"href":"http:\/\/www.tvturk.com\/index.php\/wp-json\/wp\/v2\/types\/post"}],"author":[{"embeddable":true,"href":"http:\/\/www.tvturk.com\/index.php\/wp-json\/wp\/v2\/users\/1"}],"replies":[{"embeddable":true,"href":"http:\/\/www.tvturk.com\/index.php\/wp-json\/wp\/v2\/comments?post=209744"}],"version-history":[{"count":0,"href":"http:\/\/www.tvturk.com\/index.php\/wp-json\/wp\/v2\/posts\/209744\/revisions"}],"wp:featuredmedia":[{"embeddable":true,"href":"http:\/\/www.tvturk.com\/index.php\/wp-json\/wp\/v2\/media\/209745"}],"wp:attachment":[{"href":"http:\/\/www.tvturk.com\/index.php\/wp-json\/wp\/v2\/media?parent=209744"}],"wp:term":[{"taxonomy":"category","embeddable":true,"href":"http:\/\/www.tvturk.com\/index.php\/wp-json\/wp\/v2\/categories?post=209744"},{"taxonomy":"post_tag","embeddable":true,"href":"http:\/\/www.tvturk.com\/index.php\/wp-json\/wp\/v2\/tags?post=209744"}],"curies":[{"name":"wp","href":"https:\/\/api.w.org\/{rel}","templated":true}]}}