{"id":209748,"date":"2019-10-01T09:31:54","date_gmt":"2019-10-01T06:31:54","guid":{"rendered":"http:\/\/www.tvturk.com\/index.php\/sara-nobeti-gecirdi-biyonik-kulakligini-kaybetti\/"},"modified":"2019-10-01T09:31:54","modified_gmt":"2019-10-01T06:31:54","slug":"sara-nobeti-gecirdi-biyonik-kulakligini-kaybetti","status":"publish","type":"post","link":"http:\/\/www.tvturk.com\/index.php\/sara-nobeti-gecirdi-biyonik-kulakligini-kaybetti\/","title":{"rendered":"Sara n\u00f6beti ge\u00e7irdi, biyonik kulakl\u0131\u011f\u0131n\u0131 kaybetti"},"content":{"rendered":"<p>Kahramanmara\u015f\u2019ta yolda y\u00fcr\u00fcrken sara n\u00f6beti ge\u00e7irince biyonik kulakl\u0131\u011f\u0131n\u0131 kaybeden gen\u00e7 k\u0131z, yeni biyonik kulakl\u0131k almak i\u00e7in hay\u0131rseverlerin yard\u0131m\u0131n\u0131 bekliyor.<\/p>\n<p>Elbistan il\u00e7esinde ya\u015fayan ve 4 y\u0131l \u00f6nce karde\u015fi \u0130rfan \u0130spir\u2019i kaybeden sara hastas\u0131 Nergis \u0130spir, bunal\u0131ma girdi. Girdi\u011fi bunal\u0131mdan \u00e7\u0131kamayan \u0130spir\u2019in stresten dolay\u0131 kulaklar\u0131 duymamaya ba\u015flad\u0131. Yap\u0131lan ameliyat sonucu \u0130spir\u2019e biyonik kulakl\u0131k tak\u0131ld\u0131. K\u0131z\u0131n\u0131n 4 ay \u00f6nce ekmek almak i\u00e7in markete gitti\u011fi s\u0131rada sara n\u00f6beti ge\u00e7irdi\u011fini s\u00f6yleyen Meryem \u0130spir, \u201cYere d\u00fc\u015f\u00fcp bay\u0131ld\u0131\u011f\u0131 i\u00e7in \u00e7evredekiler yard\u0131m etmek isterken kulakl\u0131\u011f\u0131 d\u00fc\u015fm\u00fc\u015f. Her yeri arad\u0131k ama bulamad\u0131k\u201d diye konu\u015ftu.<\/p>\n<p>K\u0131z\u0131n\u0131n 3 y\u0131ld\u0131r kulland\u0131\u011f\u0131 biyonik kulakl\u0131\u011f\u0131n SGK taraf\u0131ndan kar\u015f\u0131land\u0131\u011f\u0131n\u0131 anlatan anne, \u201cK\u0131z\u0131m daha \u00f6nce d\u0131\u015far\u0131 \u00e7\u0131kar arkada\u015flar\u0131yla g\u00f6r\u00fc\u015f\u00fcrd\u00fc. Kulakl\u0131\u011f\u0131n\u0131 kaybettikten sonra hayata k\u00fcst\u00fc\u201d dedi.<\/p>\n<p>Nergis \u0130spir ise, \u201cKulakl\u0131\u011f\u0131m\u0131 kaybetti\u011fim g\u00fcnden beri d\u0131\u015far\u0131 \u00e7\u0131km\u0131yorum. \u00c7\u00fcnk\u00fc insanlar\u0131n ne dedi\u011fini duymuyorum. Hayattan tat alm\u0131yorum. Ben de duymak istiyorum. Ancak ailemin maddi durumu iyi olmad\u0131\u011f\u0131 i\u00e7in 12 bin liray\u0131 bir araya getirip biyonik kulakl\u0131k alam\u0131yoruz. L\u00fctfen yeniden duymam\u0131 sa\u011flas\u0131nlar, hayat b\u00f6yle \u00e7ok k\u00f6t\u00fc. B\u00fcy\u00fck bir bo\u015fluk i\u00e7indeyim\u201d \u015feklinde konu\u015ftu.<\/p>\n","protected":false},"excerpt":{"rendered":"<p>KAHRAMANMARA\u015e&#8217;TA YOLDA Y\u00dcR\u00dcRKEN SARA N\u00d6BET\u0130 GE\u00c7\u0130R\u0130NCE B\u0130YON\u0130K KULAKLI\u011eINI KAYBEDEN GEN\u00c7 KIZ MADD\u0130 DURUMU \u0130Y\u0130 OLMADI\u011eI \u0130\u00c7\u0130N B\u0130YON\u0130K KULAKLIK ALAMIYOR.<\/p>\n","protected":false},"author":1,"featured_media":209749,"comment_status":"closed","ping_status":"open","sticky":false,"template":"","format":"standard","meta":{"jetpack_post_was_ever_published":false,"_jetpack_newsletter_access":"","_jetpack_dont_email_post_to_subs":false,"_jetpack_newsletter_tier_id":0,"_jetpack_memberships_contains_paywalled_content":false,"_jetpack_memberships_contains_paid_content":false,"footnotes":"","jetpack_publicize_message":"","jetpack_publicize_feature_enabled":true,"jetpack_social_post_already_shared":true,"jetpack_social_options":{"image_generator_settings":{"template":"highway","default_image_id":0,"font":"","enabled":false},"version":2}},"categories":[1],"tags":[32869,1062,849,52966,27263,11632],"class_list":["post-209748","post","type-post","status-publish","format-standard","has-post-thumbnail","hentry","category-genel","tag-biyonik","tag-gecirdi","tag-kaybetti","tag-kulakligini","tag-nobeti","tag-sara"],"jetpack_publicize_connections":[],"jetpack_featured_media_url":"https:\/\/i0.wp.com\/www.tvturk.com\/wp-content\/uploads\/2019\/10\/sara-nobeti-gecirdi-biyonik-kulakligini-kaybetti_6fe44e7.jpg?fit=667%2C1000","jetpack_sharing_enabled":true,"jetpack_shortlink":"https:\/\/wp.me\/paKIfm-Sz2","_links":{"self":[{"href":"http:\/\/www.tvturk.com\/index.php\/wp-json\/wp\/v2\/posts\/209748","targetHints":{"allow":["GET"]}}],"collection":[{"href":"http:\/\/www.tvturk.com\/index.php\/wp-json\/wp\/v2\/posts"}],"about":[{"href":"http:\/\/www.tvturk.com\/index.php\/wp-json\/wp\/v2\/types\/post"}],"author":[{"embeddable":true,"href":"http:\/\/www.tvturk.com\/index.php\/wp-json\/wp\/v2\/users\/1"}],"replies":[{"embeddable":true,"href":"http:\/\/www.tvturk.com\/index.php\/wp-json\/wp\/v2\/comments?post=209748"}],"version-history":[{"count":0,"href":"http:\/\/www.tvturk.com\/index.php\/wp-json\/wp\/v2\/posts\/209748\/revisions"}],"wp:featuredmedia":[{"embeddable":true,"href":"http:\/\/www.tvturk.com\/index.php\/wp-json\/wp\/v2\/media\/209749"}],"wp:attachment":[{"href":"http:\/\/www.tvturk.com\/index.php\/wp-json\/wp\/v2\/media?parent=209748"}],"wp:term":[{"taxonomy":"category","embeddable":true,"href":"http:\/\/www.tvturk.com\/index.php\/wp-json\/wp\/v2\/categories?post=209748"},{"taxonomy":"post_tag","embeddable":true,"href":"http:\/\/www.tvturk.com\/index.php\/wp-json\/wp\/v2\/tags?post=209748"}],"curies":[{"name":"wp","href":"https:\/\/api.w.org\/{rel}","templated":true}]}}