{"id":20976,"date":"2019-02-11T12:12:50","date_gmt":"2019-02-11T09:12:50","guid":{"rendered":"http:\/\/www.tvturk.com\/index.php\/kucukcekmeceli-ogrencilere-yaya-gecis-ustunlugu-egitimi\/"},"modified":"2019-02-11T12:12:54","modified_gmt":"2019-02-11T09:12:54","slug":"kucukcekmeceli-ogrencilere-yaya-gecis-ustunlugu-egitimi","status":"publish","type":"post","link":"http:\/\/www.tvturk.com\/index.php\/kucukcekmeceli-ogrencilere-yaya-gecis-ustunlugu-egitimi\/","title":{"rendered":"K\u00fc\u00e7\u00fck\u00e7ekmeceli \u00f6\u011frencilere yaya ge\u00e7i\u015f \u00fcst\u00fcnl\u00fc\u011f\u00fc e\u011fitimi"},"content":{"rendered":"<p>K\u00fc\u00e7\u00fck\u00e7ekmece Belediyesi, \u00f6\u011frencilere Trafik Kanunu\u2019nda yap\u0131lan yaya ge\u00e7i\u015f \u00fcst\u00fcnl\u00fc\u011f\u00fc de\u011fi\u015fikli\u011fi ile ilgili uygulamal\u0131 e\u011fitim verdi.<\/p>\n<p>K\u00fc\u00e7\u00fck\u00e7ekmece Belediyesi, trafikte yaya \u00f6nceli\u011fi bilincinin olu\u015fturulmas\u0131 ve yaya ge\u00e7itlerinin kullan\u0131m\u0131n\u0131n yayg\u0131nla\u015ft\u0131r\u0131lmas\u0131 amac\u0131yla Trafik Kanunu\u2019nda yap\u0131lan de\u011fi\u015fiklik ile ilgili uygulamal\u0131 e\u011fitim ve seminer d\u00fczenledi. 2918 say\u0131l\u0131 Karayollar\u0131 Trafik Kanununun 74. maddesinde yap\u0131lan de\u011fi\u015fiklik uygulamal\u0131 olarak \u00f6\u011frencilere tan\u0131t\u0131ld\u0131.<\/p>\n<p>Hem Teorik Hem Pratik E\u011fitim<\/p>\n<p>K\u00fc\u00e7\u00fck\u00e7ekmece Belediyesi \u00c7ocuk Trafik E\u011fitim Park\u0131\u2019nda ger\u00e7ekle\u015ftirilen etkinlikte, Mustafa Eravutmu\u015f Ortaokulu \u00f6\u011frencilerine (55 \u00f6\u011frenci) yaya ge\u00e7itlerinde yayalar\u0131n ge\u00e7i\u015f \u00fcst\u00fcnl\u00fc\u011f\u00fcn\u00fcn vurgulanarak, yaya ge\u00e7itlerini nas\u0131l kullanmalar\u0131 gerekti\u011fi anlat\u0131ld\u0131.<\/p>\n<p>E\u011fitim s\u0131ras\u0131nda mevcut dersliklerde yaz\u0131l\u0131 ve g\u00f6rsel materyaller kullan\u0131larak; trafikte yaya nedir, yayalar hangi kurallara uymal\u0131 ve nelere dikkat etmeli vb. konular\u0131n \u00fczerinde duruldu. Daha sonra e\u011fitim parkurunda trafik \u0131\u015f\u0131klar\u0131, yaya ge\u00e7idi, kav\u015fak ve k\u00f6\u015fe ba\u015flar\u0131nda kar\u015f\u0131dan kar\u015f\u0131ya ge\u00e7i\u015f kurallar\u0131 uygulamal\u0131 olarak g\u00f6sterildi. E\u011fitim \u00f6\u011fretim y\u0131l\u0131 boyunca Yaya \u00d6ncelikli Trafik y\u0131l\u0131 ile ilgili uygulamal\u0131 e\u011fitimler devam edecek.<div class=\"tiled-gallery type-rectangular tiled-gallery-unresized\" data-original-width=\"500\" data-carousel-extra='null' itemscope itemtype=\"http:\/\/schema.org\/ImageGallery\" > <div class=\"gallery-row\" style=\"width: 500px; height: 224px;\" data-original-width=\"500\" data-original-height=\"224\" > <div class=\"gallery-group images-1\" style=\"width: 334px; height: 224px;\" data-original-width=\"334\" data-original-height=\"224\" > <div class=\"tiled-gallery-item tiled-gallery-item-large\" itemprop=\"associatedMedia\" itemscope itemtype=\"http:\/\/schema.org\/ImageObject\"> <a href=\"http:\/\/www.tvturk.com\/index.php\/kucukcekmeceli-ogrencilere-yaya-gecis-ustunlugu-egitimi\/kucukcekmeceli-ogrencilere-yaya-gecis-ustunlugu-egitimi-3\/\" border=\"0\" itemprop=\"url\"> <meta itemprop=\"width\" content=\"330\"> <meta itemprop=\"height\" content=\"220\"> <img decoding=\"async\" class=\"\" data-attachment-id=\"20978\" data-orig-file=\"http:\/\/www.tvturk.com\/wp-content\/uploads\/2019\/02\/kucukcekmeceli-ogrencilere-yaya-gecis-ustunlugu-egitimi_ee35c98.jpg\" data-orig-size=\"1000,666\" data-comments-opened=\"\" data-image-meta=\"{&quot;aperture&quot;:&quot;0&quot;,&quot;credit&quot;:&quot;IHA&quot;,&quot;camera&quot;:&quot;&quot;,&quot;caption&quot;:&quot;K\\u00dc\\u00c7\\u00dcK\\u00c7EKMECE BELED\\u0130YES\\u0130, TRAF\\u0130KTE YAYA \\u00d6NCEL\\u0130\\u011e\\u0130 B\\u0130L\\u0130NC\\u0130N\\u0130N OLU\\u015eTURULMASI VE YAYA GE\\u00c7\\u0130TLER\\u0130N\\u0130N KULLANIMININ YAYGINLA\\u015eTIRILMASI AMACIYLA TRAF\\u0130K KANUNU\\u2019NDA YAPILAN DE\\u011e\\u0130\\u015e\\u0130KL\\u0130K \\u0130LE \\u0130LG\\u0130L\\u0130 UYGULAMALI E\\u011e\\u0130T\\u0130M VE SEM\\u0130NER D\\u00dcZENLED\\u0130. (\\u0130HA\\\/\\u0130STANBUL-\\u0130HA)&quot;,&quot;created_timestamp&quot;:&quot;0&quot;,&quot;copyright&quot;:&quot;\\u0130HLAS HABER AJANSI, www.iha.com.tr&quot;,&quot;focal_length&quot;:&quot;0&quot;,&quot;iso&quot;:&quot;0&quot;,&quot;shutter_speed&quot;:&quot;0&quot;,&quot;title&quot;:&quot;K\\u00dc\\u00c7\\u00dcK\\u00c7EKMECEL\\u0130 \\u00d6\\u011eRENC\\u0130LERE YAYA GE\\u00c7\\u0130\\u015e \\u00dcST\\u00dcNL\\u00dc\\u011e\\u00dc E\\u011e\\u0130T\\u0130M\\u0130&quot;,&quot;orientation&quot;:&quot;0&quot;}\" data-image-title=\"K\u00fc\u00e7\u00fck\u00e7ekmeceli \u00f6\u011frencilere yaya ge\u00e7i\u015f \u00fcst\u00fcnl\u00fc\u011f\u00fc e\u011fitimi\" data-image-description=\"&lt;p&gt;K\u00fc\u00e7\u00fck\u00e7ekmeceli \u00f6\u011frencilere yaya ge\u00e7i\u015f \u00fcst\u00fcnl\u00fc\u011f\u00fc e\u011fitimi&lt;\/p&gt; \" data-medium-file=\"https:\/\/i0.wp.com\/www.tvturk.com\/wp-content\/uploads\/2019\/02\/kucukcekmeceli-ogrencilere-yaya-gecis-ustunlugu-egitimi_ee35c98.jpg?fit=300%2C200\" data-large-file=\"https:\/\/i0.wp.com\/www.tvturk.com\/wp-content\/uploads\/2019\/02\/kucukcekmeceli-ogrencilere-yaya-gecis-ustunlugu-egitimi_ee35c98.jpg?fit=1000%2C666\" src=\"https:\/\/i0.wp.com\/www.tvturk.com\/wp-content\/uploads\/2019\/02\/kucukcekmeceli-ogrencilere-yaya-gecis-ustunlugu-egitimi_ee35c98.jpg?w=330&#038;h=220\" srcset=\"https:\/\/i0.wp.com\/www.tvturk.com\/wp-content\/uploads\/2019\/02\/kucukcekmeceli-ogrencilere-yaya-gecis-ustunlugu-egitimi_ee35c98.jpg?w=1000 1000w, https:\/\/i0.wp.com\/www.tvturk.com\/wp-content\/uploads\/2019\/02\/kucukcekmeceli-ogrencilere-yaya-gecis-ustunlugu-egitimi_ee35c98.jpg?resize=150%2C100 150w, https:\/\/i0.wp.com\/www.tvturk.com\/wp-content\/uploads\/2019\/02\/kucukcekmeceli-ogrencilere-yaya-gecis-ustunlugu-egitimi_ee35c98.jpg?resize=300%2C200 300w, https:\/\/i0.wp.com\/www.tvturk.com\/wp-content\/uploads\/2019\/02\/kucukcekmeceli-ogrencilere-yaya-gecis-ustunlugu-egitimi_ee35c98.jpg?resize=768%2C511 768w, https:\/\/i0.wp.com\/www.tvturk.com\/wp-content\/uploads\/2019\/02\/kucukcekmeceli-ogrencilere-yaya-gecis-ustunlugu-egitimi_ee35c98.jpg?resize=170%2C113 170w, https:\/\/i0.wp.com\/www.tvturk.com\/wp-content\/uploads\/2019\/02\/kucukcekmeceli-ogrencilere-yaya-gecis-ustunlugu-egitimi_ee35c98.jpg?resize=120%2C80 120w\" width=\"330\" height=\"220\" loading=\"lazy\" data-original-width=\"330\" data-original-height=\"220\" itemprop=\"http:\/\/schema.org\/image\" title=\"K\u00fc\u00e7\u00fck\u00e7ekmeceli \u00f6\u011frencilere yaya ge\u00e7i\u015f \u00fcst\u00fcnl\u00fc\u011f\u00fc e\u011fitimi\" alt=\"K\u00fc\u00e7\u00fck\u00e7ekmeceli \u00f6\u011frencilere yaya ge\u00e7i\u015f \u00fcst\u00fcnl\u00fc\u011f\u00fc e\u011fitimi\" style=\"width: 330px; height: 220px;\" \/> <\/a> <\/div> <\/div> <!-- close group --> <div class=\"gallery-group images-2\" style=\"width: 166px; height: 224px;\" data-original-width=\"166\" data-original-height=\"224\" > <div class=\"tiled-gallery-item tiled-gallery-item-small\" itemprop=\"associatedMedia\" itemscope itemtype=\"http:\/\/schema.org\/ImageObject\"> <a href=\"http:\/\/www.tvturk.com\/index.php\/kucukcekmeceli-ogrencilere-yaya-gecis-ustunlugu-egitimi\/kucukcekmeceli-ogrencilere-yaya-gecis-ustunlugu-egitimi-4\/\" border=\"0\" itemprop=\"url\"> <meta itemprop=\"width\" content=\"162\"> <meta itemprop=\"height\" content=\"108\"> <img decoding=\"async\" class=\"\" data-attachment-id=\"20979\" data-orig-file=\"http:\/\/www.tvturk.com\/wp-content\/uploads\/2019\/02\/kucukcekmeceli-ogrencilere-yaya-gecis-ustunlugu-egitimi_e2590b6.jpg\" data-orig-size=\"1000,666\" data-comments-opened=\"\" data-image-meta=\"{&quot;aperture&quot;:&quot;0&quot;,&quot;credit&quot;:&quot;IHA&quot;,&quot;camera&quot;:&quot;&quot;,&quot;caption&quot;:&quot;K\\u00dc\\u00c7\\u00dcK\\u00c7EKMECE BELED\\u0130YES\\u0130, TRAF\\u0130KTE YAYA \\u00d6NCEL\\u0130\\u011e\\u0130 B\\u0130L\\u0130NC\\u0130N\\u0130N OLU\\u015eTURULMASI VE YAYA GE\\u00c7\\u0130TLER\\u0130N\\u0130N KULLANIMININ YAYGINLA\\u015eTIRILMASI AMACIYLA TRAF\\u0130K KANUNU\\u2019NDA YAPILAN DE\\u011e\\u0130\\u015e\\u0130KL\\u0130K \\u0130LE \\u0130LG\\u0130L\\u0130 UYGULAMALI E\\u011e\\u0130T\\u0130M VE SEM\\u0130NER D\\u00dcZENLED\\u0130. (\\u0130HA\\\/\\u0130STANBUL-\\u0130HA)&quot;,&quot;created_timestamp&quot;:&quot;0&quot;,&quot;copyright&quot;:&quot;\\u0130HLAS HABER AJANSI, www.iha.com.tr&quot;,&quot;focal_length&quot;:&quot;0&quot;,&quot;iso&quot;:&quot;0&quot;,&quot;shutter_speed&quot;:&quot;0&quot;,&quot;title&quot;:&quot;K\\u00dc\\u00c7\\u00dcK\\u00c7EKMECEL\\u0130 \\u00d6\\u011eRENC\\u0130LERE YAYA GE\\u00c7\\u0130\\u015e \\u00dcST\\u00dcNL\\u00dc\\u011e\\u00dc E\\u011e\\u0130T\\u0130M\\u0130&quot;,&quot;orientation&quot;:&quot;0&quot;}\" data-image-title=\"K\u00fc\u00e7\u00fck\u00e7ekmeceli \u00f6\u011frencilere yaya ge\u00e7i\u015f \u00fcst\u00fcnl\u00fc\u011f\u00fc e\u011fitimi\" data-image-description=\"&lt;p&gt;K\u00fc\u00e7\u00fck\u00e7ekmeceli \u00f6\u011frencilere yaya ge\u00e7i\u015f \u00fcst\u00fcnl\u00fc\u011f\u00fc e\u011fitimi&lt;\/p&gt; \" data-medium-file=\"https:\/\/i0.wp.com\/www.tvturk.com\/wp-content\/uploads\/2019\/02\/kucukcekmeceli-ogrencilere-yaya-gecis-ustunlugu-egitimi_e2590b6.jpg?fit=300%2C200\" data-large-file=\"https:\/\/i0.wp.com\/www.tvturk.com\/wp-content\/uploads\/2019\/02\/kucukcekmeceli-ogrencilere-yaya-gecis-ustunlugu-egitimi_e2590b6.jpg?fit=1000%2C666\" src=\"https:\/\/i0.wp.com\/www.tvturk.com\/wp-content\/uploads\/2019\/02\/kucukcekmeceli-ogrencilere-yaya-gecis-ustunlugu-egitimi_e2590b6.jpg?w=162&#038;h=108\" srcset=\"https:\/\/i0.wp.com\/www.tvturk.com\/wp-content\/uploads\/2019\/02\/kucukcekmeceli-ogrencilere-yaya-gecis-ustunlugu-egitimi_e2590b6.jpg?w=1000 1000w, https:\/\/i0.wp.com\/www.tvturk.com\/wp-content\/uploads\/2019\/02\/kucukcekmeceli-ogrencilere-yaya-gecis-ustunlugu-egitimi_e2590b6.jpg?resize=150%2C100 150w, https:\/\/i0.wp.com\/www.tvturk.com\/wp-content\/uploads\/2019\/02\/kucukcekmeceli-ogrencilere-yaya-gecis-ustunlugu-egitimi_e2590b6.jpg?resize=300%2C200 300w, https:\/\/i0.wp.com\/www.tvturk.com\/wp-content\/uploads\/2019\/02\/kucukcekmeceli-ogrencilere-yaya-gecis-ustunlugu-egitimi_e2590b6.jpg?resize=768%2C511 768w, https:\/\/i0.wp.com\/www.tvturk.com\/wp-content\/uploads\/2019\/02\/kucukcekmeceli-ogrencilere-yaya-gecis-ustunlugu-egitimi_e2590b6.jpg?resize=170%2C113 170w, https:\/\/i0.wp.com\/www.tvturk.com\/wp-content\/uploads\/2019\/02\/kucukcekmeceli-ogrencilere-yaya-gecis-ustunlugu-egitimi_e2590b6.jpg?resize=120%2C80 120w\" width=\"162\" height=\"108\" loading=\"lazy\" data-original-width=\"162\" data-original-height=\"108\" itemprop=\"http:\/\/schema.org\/image\" title=\"K\u00fc\u00e7\u00fck\u00e7ekmeceli \u00f6\u011frencilere yaya ge\u00e7i\u015f \u00fcst\u00fcnl\u00fc\u011f\u00fc e\u011fitimi\" alt=\"K\u00fc\u00e7\u00fck\u00e7ekmeceli \u00f6\u011frencilere yaya ge\u00e7i\u015f \u00fcst\u00fcnl\u00fc\u011f\u00fc e\u011fitimi\" style=\"width: 162px; height: 108px;\" \/> <\/a> <\/div> <div class=\"tiled-gallery-item tiled-gallery-item-small\" itemprop=\"associatedMedia\" itemscope itemtype=\"http:\/\/schema.org\/ImageObject\"> <a href=\"http:\/\/www.tvturk.com\/index.php\/kucukcekmeceli-ogrencilere-yaya-gecis-ustunlugu-egitimi\/kucukcekmeceli-ogrencilere-yaya-gecis-ustunlugu-egitimi-5\/\" border=\"0\" itemprop=\"url\"> <meta itemprop=\"width\" content=\"162\"> <meta itemprop=\"height\" content=\"108\"> <img decoding=\"async\" class=\"\" data-attachment-id=\"20980\" data-orig-file=\"http:\/\/www.tvturk.com\/wp-content\/uploads\/2019\/02\/kucukcekmeceli-ogrencilere-yaya-gecis-ustunlugu-egitimi_5925884.jpg\" data-orig-size=\"1000,666\" data-comments-opened=\"\" data-image-meta=\"{&quot;aperture&quot;:&quot;0&quot;,&quot;credit&quot;:&quot;IHA&quot;,&quot;camera&quot;:&quot;&quot;,&quot;caption&quot;:&quot;K\\u00dc\\u00c7\\u00dcK\\u00c7EKMECE BELED\\u0130YES\\u0130, TRAF\\u0130KTE YAYA \\u00d6NCEL\\u0130\\u011e\\u0130 B\\u0130L\\u0130NC\\u0130N\\u0130N OLU\\u015eTURULMASI VE YAYA GE\\u00c7\\u0130TLER\\u0130N\\u0130N KULLANIMININ YAYGINLA\\u015eTIRILMASI AMACIYLA TRAF\\u0130K KANUNU\\u2019NDA YAPILAN DE\\u011e\\u0130\\u015e\\u0130KL\\u0130K \\u0130LE \\u0130LG\\u0130L\\u0130 UYGULAMALI E\\u011e\\u0130T\\u0130M VE SEM\\u0130NER D\\u00dcZENLED\\u0130. (\\u0130HA\\\/\\u0130STANBUL-\\u0130HA)&quot;,&quot;created_timestamp&quot;:&quot;0&quot;,&quot;copyright&quot;:&quot;\\u0130HLAS HABER AJANSI, www.iha.com.tr&quot;,&quot;focal_length&quot;:&quot;0&quot;,&quot;iso&quot;:&quot;0&quot;,&quot;shutter_speed&quot;:&quot;0&quot;,&quot;title&quot;:&quot;K\\u00dc\\u00c7\\u00dcK\\u00c7EKMECEL\\u0130 \\u00d6\\u011eRENC\\u0130LERE YAYA GE\\u00c7\\u0130\\u015e \\u00dcST\\u00dcNL\\u00dc\\u011e\\u00dc E\\u011e\\u0130T\\u0130M\\u0130&quot;,&quot;orientation&quot;:&quot;0&quot;}\" data-image-title=\"K\u00fc\u00e7\u00fck\u00e7ekmeceli \u00f6\u011frencilere yaya ge\u00e7i\u015f \u00fcst\u00fcnl\u00fc\u011f\u00fc e\u011fitimi\" data-image-description=\"&lt;p&gt;K\u00fc\u00e7\u00fck\u00e7ekmeceli \u00f6\u011frencilere yaya ge\u00e7i\u015f \u00fcst\u00fcnl\u00fc\u011f\u00fc e\u011fitimi&lt;\/p&gt; \" data-medium-file=\"https:\/\/i0.wp.com\/www.tvturk.com\/wp-content\/uploads\/2019\/02\/kucukcekmeceli-ogrencilere-yaya-gecis-ustunlugu-egitimi_5925884.jpg?fit=300%2C200\" data-large-file=\"https:\/\/i0.wp.com\/www.tvturk.com\/wp-content\/uploads\/2019\/02\/kucukcekmeceli-ogrencilere-yaya-gecis-ustunlugu-egitimi_5925884.jpg?fit=1000%2C666\" src=\"https:\/\/i0.wp.com\/www.tvturk.com\/wp-content\/uploads\/2019\/02\/kucukcekmeceli-ogrencilere-yaya-gecis-ustunlugu-egitimi_5925884.jpg?w=162&#038;h=108\" srcset=\"https:\/\/i0.wp.com\/www.tvturk.com\/wp-content\/uploads\/2019\/02\/kucukcekmeceli-ogrencilere-yaya-gecis-ustunlugu-egitimi_5925884.jpg?w=1000 1000w, https:\/\/i0.wp.com\/www.tvturk.com\/wp-content\/uploads\/2019\/02\/kucukcekmeceli-ogrencilere-yaya-gecis-ustunlugu-egitimi_5925884.jpg?resize=150%2C100 150w, https:\/\/i0.wp.com\/www.tvturk.com\/wp-content\/uploads\/2019\/02\/kucukcekmeceli-ogrencilere-yaya-gecis-ustunlugu-egitimi_5925884.jpg?resize=300%2C200 300w, https:\/\/i0.wp.com\/www.tvturk.com\/wp-content\/uploads\/2019\/02\/kucukcekmeceli-ogrencilere-yaya-gecis-ustunlugu-egitimi_5925884.jpg?resize=768%2C511 768w, https:\/\/i0.wp.com\/www.tvturk.com\/wp-content\/uploads\/2019\/02\/kucukcekmeceli-ogrencilere-yaya-gecis-ustunlugu-egitimi_5925884.jpg?resize=170%2C113 170w, https:\/\/i0.wp.com\/www.tvturk.com\/wp-content\/uploads\/2019\/02\/kucukcekmeceli-ogrencilere-yaya-gecis-ustunlugu-egitimi_5925884.jpg?resize=120%2C80 120w\" width=\"162\" height=\"108\" loading=\"lazy\" data-original-width=\"162\" data-original-height=\"108\" itemprop=\"http:\/\/schema.org\/image\" title=\"K\u00fc\u00e7\u00fck\u00e7ekmeceli \u00f6\u011frencilere yaya ge\u00e7i\u015f \u00fcst\u00fcnl\u00fc\u011f\u00fc e\u011fitimi\" alt=\"K\u00fc\u00e7\u00fck\u00e7ekmeceli \u00f6\u011frencilere yaya ge\u00e7i\u015f \u00fcst\u00fcnl\u00fc\u011f\u00fc e\u011fitimi\" style=\"width: 162px; height: 108px;\" \/> <\/a> <\/div> <\/div> <!-- close group --> <\/div> <!-- close row --> <div class=\"gallery-row\" style=\"width: 500px; height: 334px;\" data-original-width=\"500\" data-original-height=\"334\" > <div class=\"gallery-group images-1\" style=\"width: 500px; height: 334px;\" data-original-width=\"500\" data-original-height=\"334\" > <div class=\"tiled-gallery-item tiled-gallery-item-large\" itemprop=\"associatedMedia\" itemscope itemtype=\"http:\/\/schema.org\/ImageObject\"> <a href=\"http:\/\/www.tvturk.com\/index.php\/kucukcekmeceli-ogrencilere-yaya-gecis-ustunlugu-egitimi\/kucukcekmeceli-ogrencilere-yaya-gecis-ustunlugu-egitimi-6\/\" border=\"0\" itemprop=\"url\"> <meta itemprop=\"width\" content=\"496\"> <meta itemprop=\"height\" content=\"330\"> <img decoding=\"async\" class=\"\" data-attachment-id=\"20981\" data-orig-file=\"http:\/\/www.tvturk.com\/wp-content\/uploads\/2019\/02\/kucukcekmeceli-ogrencilere-yaya-gecis-ustunlugu-egitimi_2aca5c6.jpg\" data-orig-size=\"1000,666\" data-comments-opened=\"\" data-image-meta=\"{&quot;aperture&quot;:&quot;0&quot;,&quot;credit&quot;:&quot;IHA&quot;,&quot;camera&quot;:&quot;&quot;,&quot;caption&quot;:&quot;K\\u00dc\\u00c7\\u00dcK\\u00c7EKMECE BELED\\u0130YES\\u0130, TRAF\\u0130KTE YAYA \\u00d6NCEL\\u0130\\u011e\\u0130 B\\u0130L\\u0130NC\\u0130N\\u0130N OLU\\u015eTURULMASI VE YAYA GE\\u00c7\\u0130TLER\\u0130N\\u0130N KULLANIMININ YAYGINLA\\u015eTIRILMASI AMACIYLA TRAF\\u0130K KANUNU\\u2019NDA YAPILAN DE\\u011e\\u0130\\u015e\\u0130KL\\u0130K \\u0130LE \\u0130LG\\u0130L\\u0130 UYGULAMALI E\\u011e\\u0130T\\u0130M VE SEM\\u0130NER D\\u00dcZENLED\\u0130. (\\u0130HA\\\/\\u0130STANBUL-\\u0130HA)&quot;,&quot;created_timestamp&quot;:&quot;0&quot;,&quot;copyright&quot;:&quot;\\u0130HLAS HABER AJANSI, www.iha.com.tr&quot;,&quot;focal_length&quot;:&quot;0&quot;,&quot;iso&quot;:&quot;0&quot;,&quot;shutter_speed&quot;:&quot;0&quot;,&quot;title&quot;:&quot;K\\u00dc\\u00c7\\u00dcK\\u00c7EKMECEL\\u0130 \\u00d6\\u011eRENC\\u0130LERE YAYA GE\\u00c7\\u0130\\u015e \\u00dcST\\u00dcNL\\u00dc\\u011e\\u00dc E\\u011e\\u0130T\\u0130M\\u0130&quot;,&quot;orientation&quot;:&quot;0&quot;}\" data-image-title=\"K\u00fc\u00e7\u00fck\u00e7ekmeceli \u00f6\u011frencilere yaya ge\u00e7i\u015f \u00fcst\u00fcnl\u00fc\u011f\u00fc e\u011fitimi\" data-image-description=\"&lt;p&gt;K\u00fc\u00e7\u00fck\u00e7ekmeceli \u00f6\u011frencilere yaya ge\u00e7i\u015f \u00fcst\u00fcnl\u00fc\u011f\u00fc e\u011fitimi&lt;\/p&gt; \" data-medium-file=\"https:\/\/i0.wp.com\/www.tvturk.com\/wp-content\/uploads\/2019\/02\/kucukcekmeceli-ogrencilere-yaya-gecis-ustunlugu-egitimi_2aca5c6.jpg?fit=300%2C200\" data-large-file=\"https:\/\/i0.wp.com\/www.tvturk.com\/wp-content\/uploads\/2019\/02\/kucukcekmeceli-ogrencilere-yaya-gecis-ustunlugu-egitimi_2aca5c6.jpg?fit=1000%2C666\" src=\"https:\/\/i0.wp.com\/www.tvturk.com\/wp-content\/uploads\/2019\/02\/kucukcekmeceli-ogrencilere-yaya-gecis-ustunlugu-egitimi_2aca5c6.jpg?w=496&#038;h=330\" srcset=\"https:\/\/i0.wp.com\/www.tvturk.com\/wp-content\/uploads\/2019\/02\/kucukcekmeceli-ogrencilere-yaya-gecis-ustunlugu-egitimi_2aca5c6.jpg?w=1000 1000w, https:\/\/i0.wp.com\/www.tvturk.com\/wp-content\/uploads\/2019\/02\/kucukcekmeceli-ogrencilere-yaya-gecis-ustunlugu-egitimi_2aca5c6.jpg?resize=150%2C100 150w, https:\/\/i0.wp.com\/www.tvturk.com\/wp-content\/uploads\/2019\/02\/kucukcekmeceli-ogrencilere-yaya-gecis-ustunlugu-egitimi_2aca5c6.jpg?resize=300%2C200 300w, https:\/\/i0.wp.com\/www.tvturk.com\/wp-content\/uploads\/2019\/02\/kucukcekmeceli-ogrencilere-yaya-gecis-ustunlugu-egitimi_2aca5c6.jpg?resize=768%2C511 768w, https:\/\/i0.wp.com\/www.tvturk.com\/wp-content\/uploads\/2019\/02\/kucukcekmeceli-ogrencilere-yaya-gecis-ustunlugu-egitimi_2aca5c6.jpg?resize=170%2C113 170w, https:\/\/i0.wp.com\/www.tvturk.com\/wp-content\/uploads\/2019\/02\/kucukcekmeceli-ogrencilere-yaya-gecis-ustunlugu-egitimi_2aca5c6.jpg?resize=120%2C80 120w\" width=\"496\" height=\"330\" loading=\"lazy\" data-original-width=\"496\" data-original-height=\"330\" itemprop=\"http:\/\/schema.org\/image\" title=\"K\u00fc\u00e7\u00fck\u00e7ekmeceli \u00f6\u011frencilere yaya ge\u00e7i\u015f \u00fcst\u00fcnl\u00fc\u011f\u00fc e\u011fitimi\" alt=\"K\u00fc\u00e7\u00fck\u00e7ekmeceli \u00f6\u011frencilere yaya ge\u00e7i\u015f \u00fcst\u00fcnl\u00fc\u011f\u00fc e\u011fitimi\" style=\"width: 496px; height: 330px;\" \/> <\/a> <\/div> <\/div> <!-- close group --> <\/div> <!-- close row --> <\/div><\/p>\n","protected":false},"excerpt":{"rendered":"<p>K\u00dc\u00c7\u00dcK\u00c7EKMECE BELED\u0130YES\u0130, TRAF\u0130KTE YAYA \u00d6NCEL\u0130\u011e\u0130 B\u0130L\u0130NC\u0130N\u0130N OLU\u015eTURULMASI VE YAYA GE\u00c7\u0130TLER\u0130N\u0130N KULLANIMININ YAYGINLA\u015eTIRILMASI AMACIYLA TRAF\u0130K KANUNU\u2019NDA YAPILAN DE\u011e\u0130\u015e\u0130KL\u0130K \u0130LE \u0130LG\u0130L\u0130 UYGULAMALI E\u011e\u0130T\u0130M VE SEM\u0130NER D\u00dcZENLED\u0130. TRAF\u0130K KANUNUNUN 74. MADDES\u0130NDE YAPILAN DE\u011e\u0130\u015e\u0130KL\u0130K UYGULAMALI OLARAK \u00d6\u011eRENC\u0130LERE TANITILDI.<\/p>\n","protected":false},"author":1,"featured_media":20977,"comment_status":"closed","ping_status":"open","sticky":false,"template":"","format":"standard","meta":{"jetpack_post_was_ever_published":false,"_jetpack_newsletter_access":"","_jetpack_dont_email_post_to_subs":false,"_jetpack_newsletter_tier_id":0,"_jetpack_memberships_contains_paywalled_content":false,"_jetpack_memberships_contains_paid_content":false,"footnotes":"","jetpack_publicize_message":"","jetpack_publicize_feature_enabled":true,"jetpack_social_post_already_shared":false,"jetpack_social_options":{"image_generator_settings":{"template":"highway","default_image_id":0,"font":"","enabled":false},"version":2}},"categories":[655],"tags":[581,2384,9110,2208,2385,1279],"class_list":["post-20976","post","type-post","status-publish","format-standard","has-post-thumbnail","hentry","category-son-dakika","tag-egitimi","tag-gecis","tag-kucukcekmeceli","tag-ogrencilere","tag-ustunlugu","tag-yaya"],"jetpack_publicize_connections":[],"jetpack_featured_media_url":"https:\/\/i0.wp.com\/www.tvturk.com\/wp-content\/uploads\/2019\/02\/kucukcekmeceli-ogrencilere-yaya-gecis-ustunlugu-egitimi_16ad2c4.jpg?fit=1000%2C666","jetpack_sharing_enabled":true,"jetpack_shortlink":"https:\/\/wp.me\/paKIfm-5sk","_links":{"self":[{"href":"http:\/\/www.tvturk.com\/index.php\/wp-json\/wp\/v2\/posts\/20976","targetHints":{"allow":["GET"]}}],"collection":[{"href":"http:\/\/www.tvturk.com\/index.php\/wp-json\/wp\/v2\/posts"}],"about":[{"href":"http:\/\/www.tvturk.com\/index.php\/wp-json\/wp\/v2\/types\/post"}],"author":[{"embeddable":true,"href":"http:\/\/www.tvturk.com\/index.php\/wp-json\/wp\/v2\/users\/1"}],"replies":[{"embeddable":true,"href":"http:\/\/www.tvturk.com\/index.php\/wp-json\/wp\/v2\/comments?post=20976"}],"version-history":[{"count":1,"href":"http:\/\/www.tvturk.com\/index.php\/wp-json\/wp\/v2\/posts\/20976\/revisions"}],"predecessor-version":[{"id":20982,"href":"http:\/\/www.tvturk.com\/index.php\/wp-json\/wp\/v2\/posts\/20976\/revisions\/20982"}],"wp:featuredmedia":[{"embeddable":true,"href":"http:\/\/www.tvturk.com\/index.php\/wp-json\/wp\/v2\/media\/20977"}],"wp:attachment":[{"href":"http:\/\/www.tvturk.com\/index.php\/wp-json\/wp\/v2\/media?parent=20976"}],"wp:term":[{"taxonomy":"category","embeddable":true,"href":"http:\/\/www.tvturk.com\/index.php\/wp-json\/wp\/v2\/categories?post=20976"},{"taxonomy":"post_tag","embeddable":true,"href":"http:\/\/www.tvturk.com\/index.php\/wp-json\/wp\/v2\/tags?post=20976"}],"curies":[{"name":"wp","href":"https:\/\/api.w.org\/{rel}","templated":true}]}}