{"id":209790,"date":"2019-10-01T10:31:47","date_gmt":"2019-10-01T07:31:47","guid":{"rendered":"http:\/\/www.tvturk.com\/index.php\/iraka-narenciye-ihracati-durdu\/"},"modified":"2019-10-01T10:31:47","modified_gmt":"2019-10-01T07:31:47","slug":"iraka-narenciye-ihracati-durdu","status":"publish","type":"post","link":"http:\/\/www.tvturk.com\/index.php\/iraka-narenciye-ihracati-durdu\/","title":{"rendered":"Irak\u2019a narenciye ihracat\u0131 durdu"},"content":{"rendered":"<p>Narenciye \u00fcretiminin \u00f6nemli merkezlerinden Adana\u2019n\u0131n Y\u00fcre\u011fir il\u00e7esinde \u00fcreticiler ihracat\u0131n durmas\u0131 nedeniyle zor g\u00fcnler ya\u015f\u0131yor. Y\u00fcre\u011fir Ziraat Odas\u0131 Ba\u015fkan\u0131 Mehmet Ak\u0131n Do\u011fan, ihracat\u0131n durdu\u011funu, \u00fcreticinin zor durumda kald\u0131\u011f\u0131n\u0131 s\u00f6yledi.<\/p>\n<p>Narenciye \u00fcreticileriyle bir araya gelen Do\u011fan, T\u00fcrkiye narenciye \u00fcretiminin \u00fc\u00e7te birinin Adana taraf\u0131ndan kar\u015f\u0131land\u0131\u011f\u0131n\u0131 belirterek, \u201cHer y\u0131l turun\u00e7gil kesim ve ihra\u00e7 tarihlerini belirleme komisyonu taraf\u0131ndan bah\u00e7elerde meyveler kontrol edilerek tam yeti\u015fmi\u015f ve belirli olgunlu\u011fa eri\u015fti\u011finde kesim tarihi belirlenir. Bu y\u0131l mandalinan\u0131n kesim tarihi de 25 Eyl\u00fcl olarak a\u00e7\u0131kland\u0131. \u00dcreticilerimiz ve t\u00fcccarlar\u0131m\u0131z, narenciye kesimlerine ba\u015flad\u0131. Bu mandalina cinsi genellikle Irak taraf\u0131ndan yaprakl\u0131 ve ye\u015fil istenmektedir\u201d dedi.<\/p>\n<p>Her y\u0131l t\u00fcccarlar taraf\u0131ndan bu \u00fcr\u00fcnlerin bah\u00e7elerden ye\u015fil ve yaprakl\u0131 olarak kesilip kasalara, kasalardan da t\u0131rlara y\u00fcklenerek do\u011frudan Irak pazar\u0131na g\u00f6nderildi\u011fini ifade eden Do\u011fan, &#8220;Ama maalesef bu y\u0131l T\u00fcrkiye s\u0131n\u0131r\u0131ndaki g\u00fcmr\u00fck kap\u0131lar\u0131nda T\u00fcrk yetkililer taraf\u0131ndan ye\u015fil ve yaprakl\u0131 kesildi\u011fi i\u00e7in mandalina ihracat\u0131na izin verilmemektedir&#8221; diye konu\u015ftu.<\/p>\n<p>Narenciye y\u00fckl\u00fc t\u0131r\u0131n s\u0131n\u0131r kap\u0131lar\u0131ndan geri d\u00f6nd\u00fc\u011f\u00fcn\u00fc vurgulayan Do\u011fan, \u201cIrak pazar\u0131 \u015fu an \u00fcr\u00fcnlerimizi ye\u015fil ve yaprakl\u0131 istemektedir. Neden Irak taraf\u0131nda s\u0131k\u0131nt\u0131 yok da sadece bizim burada s\u0131k\u0131nt\u0131 var? Bu s\u0131k\u0131nt\u0131n\u0131n tespit edilip acilen d\u00fczeltilmesi gerekmektedir. Buradan yetkililere sesleniyoruz, bu mallar Irak pazar\u0131na girmeli. \u00c7\u00fcnk\u00fc Irak bizden mal\u0131 ye\u015fil ve yaprakl\u0131 istiyor. E\u011fer Irak bizden bu mal\u0131 ye\u015fil ve yaprakl\u0131 istemeseydi o zaman ortada bir s\u0131k\u0131nt\u0131 yok demektir ama \u015fu anda bizden talep ve istekleri belli\u201d dedi.<\/p>\n<p>100 t\u0131r s\u0131n\u0131r kap\u0131s\u0131nda bekletiliyor<\/p>\n<p>Sorunun acil olarak \u00e7\u00f6z\u00fclmesi gerekti\u011fini dile getiren Ba\u015fkan Do\u011fan, \u201c\u00dcr\u00fcnlerimiz bir an \u00f6nce Irak pazar\u0131na girmeli. En az\u0131ndan 90-100 t\u0131r orada beklemekte ve bunlar da Irak pazar\u0131na girmeyince i\u00e7 pazara y\u00f6nelmeye ba\u015fl\u0131yorlar. \u0130\u00e7 pazarda da fiyatlar d\u00fc\u015f\u00fcnce paketleme tesislerinin lehine oluyor. \u00c7\u00fcnk\u00fc bu \u00fcr\u00fcn\u00fcn kesiminden sararmaya kadarki s\u00fcre\u00e7te bir maliyeti var. O maliyetle Irak pazar\u0131na yans\u0131yaca\u011f\u0131 i\u00e7in asl\u0131nda \u00e7ift\u00e7ilerimizden daha ucuza \u00fcr\u00fcn alacakt\u0131r. Bunun \u00f6n\u00fcne ge\u00e7ilmesi i\u00e7in Bakanl\u0131\u011f\u0131m\u0131z\u0131n bir an evvel harekete ge\u00e7ip \u00e7\u00f6z\u00fcm bulmas\u0131n\u0131 istiyoruz&#8221; diye konu\u015ftu.<\/p>\n","protected":false},"excerpt":{"rendered":"<p>NARENC\u0130YE \u00dcRET\u0130C\u0130LER\u0130YLE B\u0130R ARAYA GELEN Y\u00dcRE\u011e\u0130R Z\u0130RAAT ODASI BA\u015eKANI MEHMET AKIN DO\u011eAN, \u0130HRACATIN DURDU\u011eUNU, \u00dcRET\u0130C\u0130N\u0130N ZOR DURUMDA KALDI\u011eINI S\u00d6YLED\u0130.<\/p>\n","protected":false},"author":1,"featured_media":209791,"comment_status":"closed","ping_status":"open","sticky":false,"template":"","format":"standard","meta":{"jetpack_post_was_ever_published":false,"_jetpack_newsletter_access":"","_jetpack_dont_email_post_to_subs":false,"_jetpack_newsletter_tier_id":0,"_jetpack_memberships_contains_paywalled_content":false,"_jetpack_memberships_contains_paid_content":false,"footnotes":"","jetpack_publicize_message":"","jetpack_publicize_feature_enabled":true,"jetpack_social_post_already_shared":true,"jetpack_social_options":{"image_generator_settings":{"template":"highway","default_image_id":0,"font":"","enabled":false},"version":2}},"categories":[19],"tags":[11346,2396,9742,19422],"class_list":["post-209790","post","type-post","status-publish","format-standard","has-post-thumbnail","hentry","category-ekonomi","tag-durdu","tag-ihracati","tag-iraka","tag-narenciye"],"jetpack_publicize_connections":[],"jetpack_featured_media_url":"https:\/\/i0.wp.com\/www.tvturk.com\/wp-content\/uploads\/2019\/10\/iraka-narenciye-ihracati-durdu_fdd1f79.jpg?fit=1000%2C666","jetpack_sharing_enabled":true,"jetpack_shortlink":"https:\/\/wp.me\/paKIfm-SzI","_links":{"self":[{"href":"http:\/\/www.tvturk.com\/index.php\/wp-json\/wp\/v2\/posts\/209790","targetHints":{"allow":["GET"]}}],"collection":[{"href":"http:\/\/www.tvturk.com\/index.php\/wp-json\/wp\/v2\/posts"}],"about":[{"href":"http:\/\/www.tvturk.com\/index.php\/wp-json\/wp\/v2\/types\/post"}],"author":[{"embeddable":true,"href":"http:\/\/www.tvturk.com\/index.php\/wp-json\/wp\/v2\/users\/1"}],"replies":[{"embeddable":true,"href":"http:\/\/www.tvturk.com\/index.php\/wp-json\/wp\/v2\/comments?post=209790"}],"version-history":[{"count":0,"href":"http:\/\/www.tvturk.com\/index.php\/wp-json\/wp\/v2\/posts\/209790\/revisions"}],"wp:featuredmedia":[{"embeddable":true,"href":"http:\/\/www.tvturk.com\/index.php\/wp-json\/wp\/v2\/media\/209791"}],"wp:attachment":[{"href":"http:\/\/www.tvturk.com\/index.php\/wp-json\/wp\/v2\/media?parent=209790"}],"wp:term":[{"taxonomy":"category","embeddable":true,"href":"http:\/\/www.tvturk.com\/index.php\/wp-json\/wp\/v2\/categories?post=209790"},{"taxonomy":"post_tag","embeddable":true,"href":"http:\/\/www.tvturk.com\/index.php\/wp-json\/wp\/v2\/tags?post=209790"}],"curies":[{"name":"wp","href":"https:\/\/api.w.org\/{rel}","templated":true}]}}