{"id":209880,"date":"2019-10-01T12:17:07","date_gmt":"2019-10-01T09:17:07","guid":{"rendered":"http:\/\/www.tvturk.com\/index.php\/dr-savar-mevsim-degisimine-bagli-hastaliklara-karsi-aileleri-uyardi\/"},"modified":"2019-10-01T12:17:07","modified_gmt":"2019-10-01T09:17:07","slug":"dr-savar-mevsim-degisimine-bagli-hastaliklara-karsi-aileleri-uyardi","status":"publish","type":"post","link":"http:\/\/www.tvturk.com\/index.php\/dr-savar-mevsim-degisimine-bagli-hastaliklara-karsi-aileleri-uyardi\/","title":{"rendered":"Dr. Savar, mevsim de\u011fi\u015fimine ba\u011fl\u0131 hastal\u0131klara kar\u015f\u0131 aileleri uyard\u0131"},"content":{"rendered":"<p>\u00c7ocuk Sa\u011fl\u0131\u011f\u0131 ve Hastal\u0131klar\u0131 Uzman\u0131 Dr. Serap Savar, yaz aylar\u0131ndan sonbahara ge\u00e7ti\u011fimiz bu g\u00fcnlerde s\u0131cakl\u0131k de\u011fi\u015fimlerinin \u00e7ocuklarda \u00fcst solunum yolu hastal\u0131klar\u0131na zemin haz\u0131rlad\u0131\u011f\u0131n\u0131 belirterek, aileleri uyard\u0131.<\/p>\n<p>\u00d6zel Mersin Ortado\u011fu Hastanesi \u00c7ocuk Sa\u011fl\u0131\u011f\u0131 ve Hastal\u0131klar\u0131 Uzman\u0131 Dr. Serap Savar, s\u0131cakl\u0131k de\u011fi\u015fimlerinin ya\u015fand\u0131\u011f\u0131 sonbahar mevsiminin, \u00e7ocuklarda hastal\u0131klara zemin haz\u0131rlad\u0131\u011f\u0131n\u0131 s\u00f6yledi. Ailelerin \u00e7ocuklar\u0131na y\u00f6nelik \u00f6nlem almalar\u0131 gerekti\u011fini ifade eden Savar, \u00e7ocuklarda hava de\u011fi\u015fimlerinin neden oldu\u011fu hastal\u0131klarla ilgili a\u00e7\u0131klamalarda bulundu.<\/p>\n<p>\u201c\u00d6ks\u00fcr\u00fck devam ederse dikkate al\u0131nmal\u0131\u201d<\/p>\n<p>Havalar\u0131n so\u011fumaya ba\u015flamas\u0131 ve okullar\u0131n a\u00e7\u0131lmas\u0131yla birlikte \u00e7ocuklarda so\u011fuk alg\u0131nl\u0131\u011f\u0131, nezle ve grip gibi hastal\u0131klar\u0131n s\u0131k\u00e7a g\u00f6r\u00fcld\u00fc\u011f\u00fcn\u00fc dile getiren Uz. Dr. Savar, bu hastal\u0131klara e\u015flik eden \u00f6ks\u00fcr\u00fcklerin de g\u00f6r\u00fclmeye ba\u015flanaca\u011f\u0131n\u0131 s\u00f6yledi. Savar, \u201c\u00d6ks\u00fcr\u00fck, asl\u0131nda bir hastal\u0131k de\u011fil, bir tepkidir. Solunum yollar\u0131na gelen yabanc\u0131 cisim, balgam, iltihap ve ak\u0131nt\u0131 gibi tehditlere kar\u015f\u0131 \u00f6ks\u00fcr\u00fck, solunum yollar\u0131n\u0131 korumaya y\u00f6nelik verdi\u011fimiz bir tepkidir. \u00d6ks\u00fcr\u00fck \u00e7o\u011fu zaman m\u00fcdahale edilmeden kendili\u011finden ge\u00e7ebilir. Ancak \u00f6ks\u00fcr\u00fck devam ediyorsa mutlaka birlikte olan di\u011fer \u015fikayetleri, \u00f6ks\u00fcr\u00fc\u011f\u00fcn \u015fekli, s\u00fcresi dikkate al\u0131nmal\u0131 ve \u00f6ks\u00fcr\u00fckte birtak\u0131m \u015feylere dikkat edilmelidir\u201d dedi.<\/p>\n<p>\u201c\u00d6ks\u00fcr\u00fck 3-4 haftadan uzun s\u00fcrerse mutlaka \u00e7ocuk hekimine ba\u015fvurulmal\u0131\u201d<\/p>\n<p>K\u00fc\u00e7\u00fck \u00e7ocuklar\u0131n y\u0131lda ortalama 6-8 kez \u00f6ks\u00fcr\u00fc\u011f\u00fcn e\u015flik etti\u011fi \u00fcst solunum yolu enfeksiyonu ge\u00e7irebildiklerini kaydeden Savar, \u201cHatta \u00e7ocuklar\u0131n y\u00fczde 12-15 kadar\u0131 y\u0131lda 12 kez \u00fcst solunum yolu enfeksiyonu ge\u00e7irir. Bu oranlar \u00e7ocu\u011fun erken d\u00f6nemde kre\u015fe gitmesiyle art\u0131\u015f g\u00f6sterebilir. \u00d6ks\u00fcr\u00fc\u011fe e\u015flik eden burun ak\u0131nt\u0131s\u0131, hap\u015f\u0131rma gibi \u015fikayetler varsa, ate\u015f yoksa, beslenmesi iyiyse ve 3-4 haftadan k\u0131sa s\u00fcr\u00fcyorsa endi\u015felenmemize gerek yoktur. Genelde destekleyici tedaviler yeterli olacakt\u0131r. Bol su ve s\u0131v\u0131 al\u0131m\u0131, \u00e7ocu\u011funuzun bo\u011faz\u0131n\u0131 yumu\u015fatarak rahatlama sa\u011flar. Burun t\u0131kan\u0131kl\u0131\u011f\u0131 varsa deniz suyu veya fizyolojik serumlar ile a\u00e7abilirsiniz. \u00d6ks\u00fcr\u00fc\u011f\u00fcn ba\u015flang\u0131c\u0131, aniden mi olu\u015ftu\u011fu, solunum s\u0131k\u0131nt\u0131s\u0131 mutlaka de\u011ferlendirilmelidir. Uzun s\u00fcreli, \u00f6zelikle 3-4 haftadan fazla s\u00fcren \u00f6ks\u00fcr\u00fcklerde balgam ya da h\u0131r\u0131lt\u0131, h\u0131\u015f\u0131lt\u0131 gibi seslerin e\u015flik edip etmedi\u011fi ara\u015ft\u0131r\u0131lmal\u0131d\u0131r. Alerjik bulgular ve egzama varl\u0131\u011f\u0131 g\u00f6zden ge\u00e7irilmeli, ev i\u00e7erisinde yo\u011fun sigara kullan\u0131m\u0131 incelenmelidir. Ge\u00e7meyen uzun s\u00fcren \u00f6ks\u00fcr\u00fcklerde alerji a\u00e7\u0131s\u0131ndan dikkatli olunmal\u0131, \u00f6ks\u00fcr\u00fck kesici ila\u00e7lar m\u00fcmk\u00fcn oldu\u011funca kullan\u0131lmamal\u0131 ve mutlaka altta yatan nedenlerin ara\u015ft\u0131r\u0131lmas\u0131 a\u00e7\u0131s\u0131ndan \u00e7ocuk hekimine ba\u015fvurulmal\u0131d\u0131r\u201d diye konu\u015ftu.<\/p>\n","protected":false},"excerpt":{"rendered":"<p>\u00c7OCUK SA\u011eLI\u011eI VE HASTALIKLARI UZMANI DR. SERAP SAVAR, YAZ AYLARINDAN SONBAHARA GE\u00c7T\u0130\u011e\u0130M\u0130Z BU G\u00dcNLERDE SICAKLIK DE\u011e\u0130\u015e\u0130MLER\u0130N\u0130N \u00c7OCUKLARDA \u00dcST SOLUNUM YOLU HASTALIKLARINA ZEM\u0130N HAZIRLADI\u011eINI BEL\u0130RTEREK, A\u0130LELER\u0130 UYARDI.<\/p>\n","protected":false},"author":1,"featured_media":209881,"comment_status":"closed","ping_status":"open","sticky":false,"template":"","format":"standard","meta":{"jetpack_post_was_ever_published":false,"_jetpack_newsletter_access":"","_jetpack_dont_email_post_to_subs":false,"_jetpack_newsletter_tier_id":0,"_jetpack_memberships_contains_paywalled_content":false,"_jetpack_memberships_contains_paid_content":false,"footnotes":"","jetpack_publicize_message":"","jetpack_publicize_feature_enabled":true,"jetpack_social_post_already_shared":true,"jetpack_social_options":{"image_generator_settings":{"template":"highway","default_image_id":0,"font":"","enabled":false},"version":2}},"categories":[1],"tags":[9215,4608,16640,279,24045,2541,8079,53007,1169],"class_list":["post-209880","post","type-post","status-publish","format-standard","has-post-thumbnail","hentry","category-genel","tag-aileleri","tag-bagli","tag-degisimine","tag-dr","tag-hastaliklara","tag-karsi","tag-mevsim","tag-savar","tag-uyardi"],"jetpack_publicize_connections":[],"jetpack_featured_media_url":"https:\/\/i0.wp.com\/www.tvturk.com\/wp-content\/uploads\/2019\/10\/dr-savar-mevsim-degisimine-bagli-hastaliklara-karsi-aileleri-uyardi_5e4cd59.jpg?fit=714%2C1000","jetpack_sharing_enabled":true,"jetpack_shortlink":"https:\/\/wp.me\/paKIfm-SBa","_links":{"self":[{"href":"http:\/\/www.tvturk.com\/index.php\/wp-json\/wp\/v2\/posts\/209880","targetHints":{"allow":["GET"]}}],"collection":[{"href":"http:\/\/www.tvturk.com\/index.php\/wp-json\/wp\/v2\/posts"}],"about":[{"href":"http:\/\/www.tvturk.com\/index.php\/wp-json\/wp\/v2\/types\/post"}],"author":[{"embeddable":true,"href":"http:\/\/www.tvturk.com\/index.php\/wp-json\/wp\/v2\/users\/1"}],"replies":[{"embeddable":true,"href":"http:\/\/www.tvturk.com\/index.php\/wp-json\/wp\/v2\/comments?post=209880"}],"version-history":[{"count":0,"href":"http:\/\/www.tvturk.com\/index.php\/wp-json\/wp\/v2\/posts\/209880\/revisions"}],"wp:featuredmedia":[{"embeddable":true,"href":"http:\/\/www.tvturk.com\/index.php\/wp-json\/wp\/v2\/media\/209881"}],"wp:attachment":[{"href":"http:\/\/www.tvturk.com\/index.php\/wp-json\/wp\/v2\/media?parent=209880"}],"wp:term":[{"taxonomy":"category","embeddable":true,"href":"http:\/\/www.tvturk.com\/index.php\/wp-json\/wp\/v2\/categories?post=209880"},{"taxonomy":"post_tag","embeddable":true,"href":"http:\/\/www.tvturk.com\/index.php\/wp-json\/wp\/v2\/tags?post=209880"}],"curies":[{"name":"wp","href":"https:\/\/api.w.org\/{rel}","templated":true}]}}