{"id":210036,"date":"2019-10-01T15:16:47","date_gmt":"2019-10-01T12:16:47","guid":{"rendered":"http:\/\/www.tvturk.com\/index.php\/baskentte-cin-yonetimi-protesto-edildi\/"},"modified":"2019-10-01T15:16:47","modified_gmt":"2019-10-01T12:16:47","slug":"baskentte-cin-yonetimi-protesto-edildi","status":"publish","type":"post","link":"http:\/\/www.tvturk.com\/index.php\/baskentte-cin-yonetimi-protesto-edildi\/","title":{"rendered":"Ba\u015fkent\u2019te \u00c7in y\u00f6netimi protesto edildi"},"content":{"rendered":"<p>Do\u011fu T\u00fcrkistan K\u00fclt\u00fcr ve Dayan\u0131\u015fma Derne\u011fi, \u00c7in\u2019in Do\u011fu T\u00fcrkistan\u2019\u0131 i\u015fgal edili\u015finin 70. y\u0131l d\u00f6n\u00fcm\u00fc nedeniyle Ulus\u2019ta bas\u0131n a\u00e7\u0131klamas\u0131nda bulundu.<\/p>\n<p>Ulus\u2019ta toplanan Do\u011fu T\u00fcrkistan K\u00fclt\u00fcr ve Dayan\u0131\u015fma Derne\u011fi \u00fcyeleri T\u00fcrkiye Kamu- Sen Genel Ba\u015fkan\u0131 \u00d6nder Kahveci, ve  \u00e7ok say\u0131da STK temsilcisi kat\u0131ld\u0131. Eyleme kat\u0131lan vatanda\u015flar\u0131n elindeki d\u00f6vizler dikkat \u00e7ekti.<\/p>\n<p>Bas\u0131n a\u00e7\u0131klamas\u0131 yapan Do\u011fu T\u00fcrkistan K\u00fclt\u00fcr ve Dayan\u0131\u015fma Derne\u011fi Genel Ba\u015fkan\u0131 Seyit T\u00fcmt\u00fcrk, \u201cBirle\u015fmi\u015f Milletlerin(BM) a\u00e7\u0131klamalar\u0131na g\u00f6re ge\u00e7en sene 1 milyon, \u015fu anda en az 2- 3 milyon Do\u011fu T\u00fcrkistanl\u0131lar burada kamplarda cezaevlerinde i\u015fkence g\u00f6rmektedir. Her t\u00fcrl\u00fc zul\u00fcm her t\u00fcrl\u00fc i\u015fkenceye mahrum b\u0131rak\u0131lmaktad\u0131r. \u00c7in bu zulm\u00fc 3 y\u0131ld\u0131r bu durumu inkar ediyordu. BM raporlar\u0131 \u00c7in\u2019in yok dedikleri kamplar\u0131 ve camileri uydu g\u00f6r\u00fcnt\u00fcleri g\u00f6r\u00fclmektedir\u201d dedi.<\/p>\n<p>\u201cKatil \u00c7in, Do\u011fu T\u00fcrkistan\u2019dan defol, Hak, Hukuk, Adalet, T\u00fcrkistan\u2019a H\u00fcrriyet\u201d sloganlar\u0131n\u0131n at\u0131ld\u0131\u011f\u0131 protesto eyleminde konu\u015fan Genel Ba\u015fkan \u00d6nder Kahveci, \u201c\u00c7in h\u00fck\u00fcmeti, zorla kendi topraklar\u0131na katt\u0131\u011f\u0131 ve zorla vatanda\u015f yapt\u0131\u011f\u0131 soyda\u015flar\u0131m\u0131zdan ya\u015fama hakk\u0131n\u0131 dahi esirgerken hangi insan hakk\u0131ndan bahsedecek, hangi de\u011ferleri savunaca\u011f\u0131z? Ne hikmetse bu vah\u015fet, bas\u0131n yay\u0131n organlar\u0131n\u0131n ilgisini \u00e7ekmemekte, bir\u00e7ok bas\u0131n kurulu\u015fu i\u00e7in akan T\u00fcrk kan\u0131 haber de\u011feri dahi ta\u015f\u0131mamaktad\u0131r&#8221; dedi.<\/p>\n","protected":false},"excerpt":{"rendered":"<p>ANKARA\u2019DA DO\u011eU T\u00dcRK\u0130STAN K\u00dcLT\u00dcR VE DAYANI\u015eMA DERNE\u011e\u0130, \u00c7\u0130N\u2019\u0130N DO\u011eU T\u00dcRK\u0130STAN\u2019I \u0130\u015eGAL ED\u0130L\u0130\u015e\u0130N\u0130N 70\u2019\u0130NC\u0130 YIL D\u00d6N\u00dcM\u00dc NEDEN\u0130YLE ULUS\u2019TA BASIN A\u00c7IKLAMASINDA BULUNDU.<\/p>\n","protected":false},"author":1,"featured_media":210037,"comment_status":"closed","ping_status":"open","sticky":false,"template":"","format":"standard","meta":{"jetpack_post_was_ever_published":false,"_jetpack_newsletter_access":"","_jetpack_dont_email_post_to_subs":false,"_jetpack_newsletter_tier_id":0,"_jetpack_memberships_contains_paywalled_content":false,"_jetpack_memberships_contains_paid_content":false,"footnotes":"","jetpack_publicize_message":"","jetpack_publicize_feature_enabled":true,"jetpack_social_post_already_shared":true,"jetpack_social_options":{"image_generator_settings":{"template":"highway","default_image_id":0,"font":"","enabled":false},"version":2}},"categories":[1],"tags":[5434,4733,857,831,1543],"class_list":["post-210036","post","type-post","status-publish","format-standard","has-post-thumbnail","hentry","category-genel","tag-baskentte","tag-cin","tag-edildi","tag-protesto","tag-yonetimi"],"jetpack_publicize_connections":[],"jetpack_featured_media_url":"https:\/\/i0.wp.com\/www.tvturk.com\/wp-content\/uploads\/2019\/10\/baskentte-cin-yonetimi-protesto-edildi_8040da2.jpg?fit=1000%2C666","jetpack_sharing_enabled":true,"jetpack_shortlink":"https:\/\/wp.me\/paKIfm-SDG","_links":{"self":[{"href":"http:\/\/www.tvturk.com\/index.php\/wp-json\/wp\/v2\/posts\/210036","targetHints":{"allow":["GET"]}}],"collection":[{"href":"http:\/\/www.tvturk.com\/index.php\/wp-json\/wp\/v2\/posts"}],"about":[{"href":"http:\/\/www.tvturk.com\/index.php\/wp-json\/wp\/v2\/types\/post"}],"author":[{"embeddable":true,"href":"http:\/\/www.tvturk.com\/index.php\/wp-json\/wp\/v2\/users\/1"}],"replies":[{"embeddable":true,"href":"http:\/\/www.tvturk.com\/index.php\/wp-json\/wp\/v2\/comments?post=210036"}],"version-history":[{"count":0,"href":"http:\/\/www.tvturk.com\/index.php\/wp-json\/wp\/v2\/posts\/210036\/revisions"}],"wp:featuredmedia":[{"embeddable":true,"href":"http:\/\/www.tvturk.com\/index.php\/wp-json\/wp\/v2\/media\/210037"}],"wp:attachment":[{"href":"http:\/\/www.tvturk.com\/index.php\/wp-json\/wp\/v2\/media?parent=210036"}],"wp:term":[{"taxonomy":"category","embeddable":true,"href":"http:\/\/www.tvturk.com\/index.php\/wp-json\/wp\/v2\/categories?post=210036"},{"taxonomy":"post_tag","embeddable":true,"href":"http:\/\/www.tvturk.com\/index.php\/wp-json\/wp\/v2\/tags?post=210036"}],"curies":[{"name":"wp","href":"https:\/\/api.w.org\/{rel}","templated":true}]}}