{"id":210054,"date":"2019-10-01T15:46:38","date_gmt":"2019-10-01T12:46:38","guid":{"rendered":"http:\/\/www.tvturk.com\/index.php\/catlaklarin-olustugu-evlerde-inceleme\/"},"modified":"2019-10-01T15:46:38","modified_gmt":"2019-10-01T12:46:38","slug":"catlaklarin-olustugu-evlerde-inceleme","status":"publish","type":"post","link":"http:\/\/www.tvturk.com\/index.php\/catlaklarin-olustugu-evlerde-inceleme\/","title":{"rendered":"\u00c7atlaklar\u0131n olu\u015ftu\u011fu evlerde inceleme"},"content":{"rendered":"<p>Tokat\u2019ta yakla\u015f\u0131k 6 y\u0131l \u00f6nce riskli alan ilan edilen mahalledeki baz\u0131 evlerde olu\u015fan \u00e7atlaklarla ilgili \u0130l \u00c7evre \u015eehircilik M\u00fcd\u00fcrl\u00fc\u011f\u00fc ile AFAD teknik ekibi incelemelerde bulundu.<\/p>\n<p>Tokat Kalesi alt b\u00f6lgesinde Semerkant Mahallesi\u2019ndeki bulunan 5 evin duvarlar\u0131 ve zeminlerinde \u00e7atlaklar olu\u015fmas\u0131 mahalle sakinlerini endi\u015felendiriyor. Riskli alanda bulunan evlerde oturan vatanda\u015flar\u0131n \u0130l \u00c7evre ve \u015eehircilik M\u00fcd\u00fcrl\u00fc\u011f\u00fcne yapt\u0131\u011f\u0131 ba\u015fvuru sonras\u0131nda ekipler inceleme yapt\u0131. AFAD ve \u0130l \u00c7evre \u015eehircilik M\u00fcd\u00fcrl\u00fc\u011f\u00fc teknik ekipleri evleri tek tek dola\u015farak binalar\u0131n duvarlar\u0131nda olu\u015fan \u00e7atlaklarla ilgili tespitlerde bulundu. \u0130ki kurumun yapt\u0131\u011f\u0131 incelemenin ard\u0131ndan bir rapor olu\u015fturularak b\u00f6lgede \u00e7al\u0131\u015fma yap\u0131laca\u011f\u0131 kaydedildi.<\/p>\n<p>Evlerine girmeye korkuyorlar<\/p>\n<p>Mahalle sakinlerinden Fikriye T\u00fcrk, \u00e7atlaklar nedeniyle evlerine girmeye korktuklar\u0131n\u0131 ifade ederek, \u201cEvlerimizde \u00e7atlaklar var, ba\u015f\u0131m\u0131za y\u0131k\u0131lacak diye korkuyoruz. Bug\u00fcn ekipler incelemelerde bulundu. Yard\u0131m bekliyoruz\u201d diye konu\u015ftu.Evlerinde olu\u015fan \u00e7atlak nedeniyle kiraya \u00e7\u0131kt\u0131klar\u0131n\u0131 ifade eden Emine Yayla,  \u201c5 y\u0131ld\u0131r kirada oturuyorum, evimizin yap\u0131lmas\u0131n\u0131 istiyorum. Bizlerin evlerimizi tamir ettirme durumu da yok\u201d dedi. Nuriye Top ise tadilat yapmak i\u00e7in evlerinin taban\u0131ndaki tahtalar\u0131 s\u00f6kt\u00fcklerinde \u00e7atlaklarla kar\u015f\u0131la\u015ft\u0131klar\u0131n\u0131 belirterek, \u201cEvimizi fareler basm\u0131\u015ft\u0131, tahtalar\u0131 s\u00f6km\u00fc\u015ft\u00fck. Bu yar\u0131klar ortaya \u00e7\u0131kt\u0131. Evde durulacak durumumuz yok\u201d ifadelerini kulland\u0131.<\/p>\n<p>Tokat Kalesi alt b\u00f6lgesinde bulunan mahalle yakla\u015f\u0131k 6 y\u0131l \u00f6nce can veya mal kayb\u0131na yol a\u00e7ma riski ta\u015f\u0131mas\u0131 sebebiyle \u2019riskli alan\u2019 olarak ilan edilirken, 493 evin y\u0131k\u0131lmas\u0131 g\u00fcndeme getirilmi\u015fti.<\/p>\n","protected":false},"excerpt":{"rendered":"<p>TOKAT&#8217;TA YAKLA\u015eIK 6 YIL \u00d6NCE R\u0130SKL\u0130 ALAN \u0130LAN ED\u0130LEN MAHALLEDEK\u0130 BAZI EVLERDE OLU\u015eAN \u00c7ATLAKLARLA \u0130LG\u0130L\u0130 \u0130L \u00c7EVRE \u015eEH\u0130RC\u0130L\u0130K M\u00dcD\u00dcRL\u00dc\u011e\u00dc \u0130LE AFAD TEKN\u0130K EK\u0130B\u0130 \u0130NCELEMELERDE BULUNDU.<\/p>\n","protected":false},"author":1,"featured_media":210055,"comment_status":"closed","ping_status":"open","sticky":false,"template":"","format":"standard","meta":{"jetpack_post_was_ever_published":false,"_jetpack_newsletter_access":"","_jetpack_dont_email_post_to_subs":false,"_jetpack_newsletter_tier_id":0,"_jetpack_memberships_contains_paywalled_content":false,"_jetpack_memberships_contains_paid_content":false,"footnotes":"","jetpack_publicize_message":"","jetpack_publicize_feature_enabled":true,"jetpack_social_post_already_shared":true,"jetpack_social_options":{"image_generator_settings":{"template":"highway","default_image_id":0,"font":"","enabled":false},"version":2}},"categories":[1],"tags":[17209,16642,5942,17210],"class_list":["post-210054","post","type-post","status-publish","format-standard","has-post-thumbnail","hentry","category-genel","tag-catlaklarin","tag-evlerde","tag-inceleme","tag-olustugu"],"jetpack_publicize_connections":[],"jetpack_featured_media_url":"https:\/\/i0.wp.com\/www.tvturk.com\/wp-content\/uploads\/2019\/10\/catlaklarin-olustugu-evlerde-inceleme_05e1aea.jpg?fit=1000%2C671","jetpack_sharing_enabled":true,"jetpack_shortlink":"https:\/\/wp.me\/paKIfm-SDY","_links":{"self":[{"href":"http:\/\/www.tvturk.com\/index.php\/wp-json\/wp\/v2\/posts\/210054","targetHints":{"allow":["GET"]}}],"collection":[{"href":"http:\/\/www.tvturk.com\/index.php\/wp-json\/wp\/v2\/posts"}],"about":[{"href":"http:\/\/www.tvturk.com\/index.php\/wp-json\/wp\/v2\/types\/post"}],"author":[{"embeddable":true,"href":"http:\/\/www.tvturk.com\/index.php\/wp-json\/wp\/v2\/users\/1"}],"replies":[{"embeddable":true,"href":"http:\/\/www.tvturk.com\/index.php\/wp-json\/wp\/v2\/comments?post=210054"}],"version-history":[{"count":0,"href":"http:\/\/www.tvturk.com\/index.php\/wp-json\/wp\/v2\/posts\/210054\/revisions"}],"wp:featuredmedia":[{"embeddable":true,"href":"http:\/\/www.tvturk.com\/index.php\/wp-json\/wp\/v2\/media\/210055"}],"wp:attachment":[{"href":"http:\/\/www.tvturk.com\/index.php\/wp-json\/wp\/v2\/media?parent=210054"}],"wp:term":[{"taxonomy":"category","embeddable":true,"href":"http:\/\/www.tvturk.com\/index.php\/wp-json\/wp\/v2\/categories?post=210054"},{"taxonomy":"post_tag","embeddable":true,"href":"http:\/\/www.tvturk.com\/index.php\/wp-json\/wp\/v2\/tags?post=210054"}],"curies":[{"name":"wp","href":"https:\/\/api.w.org\/{rel}","templated":true}]}}