{"id":210067,"date":"2019-10-01T16:02:22","date_gmt":"2019-10-01T13:02:22","guid":{"rendered":"http:\/\/www.tvturk.com\/index.php\/81-ilde-200-bin-kolluk-personeliyle-yaya-guvenligi-nobeti\/"},"modified":"2019-10-01T22:21:22","modified_gmt":"2019-10-01T19:21:22","slug":"81-ilde-200-bin-kolluk-personeliyle-yaya-guvenligi-nobeti","status":"publish","type":"post","link":"http:\/\/www.tvturk.com\/index.php\/81-ilde-200-bin-kolluk-personeliyle-yaya-guvenligi-nobeti\/","title":{"rendered":"2 EK\u0130M&#8217;DE, &#8220;YAYA G\u00dcVENL\u0130\u011e\u0130&#8221; N\u00d6BET\u0130 TUTULACAK"},"content":{"rendered":"<p>\u0130\u00e7i\u015fleri Bakanl\u0131\u011f\u0131, 2019 y\u0131l\u0131n\u0131 \u201cYaya \u00d6ncelikli Trafik Y\u0131l\u0131\u201d ilan etmi\u015fti. Bu kapsamda Bakanl\u0131k, trafikte yayalara dikkat \u00e7ekmek i\u00e7in yar\u0131n \u00fclke genelinde farkl\u0131 bir etkinlik d\u00fczenleyecek. 81 ilde e\u015f zamanl\u0131 olarak \u201cYaya G\u00fcvenli\u011finin N\u00f6bet\u00e7isiyiz\u201d kampanyas\u0131 ba\u015flatacak olan Bakanl\u0131k, 20 bin yaya ge\u00e7idinde 200 bin kolluk personeli, bir g\u00fcn s\u00fcreyle 2\u2019\u015fer saat yaya n\u00f6beti tutarak, trafikte yaya \u00f6nceli\u011fine dikkat \u00e7ekecek.<\/p>\n<p>\u0130\u00e7i\u015fleri Bakan\u0131 S\u00fcleyman Soylu\u2019nun haz\u0131r bulunaca\u011f\u0131 n\u00f6bette, bakan yard\u0131mc\u0131lar\u0131, valiler, il\/ il\u00e7e emniyet m\u00fcd\u00fcrleri, jandarma komutanlar\u0131, kaymakamlar, okul m\u00fcd\u00fcrleri, okul ge\u00e7idi g\u00f6revlileri yer alacak. Trafikte s\u00fcr\u00fcc\u00fclerin yayalara \u00f6ncelik vermelerini sa\u011flamak i\u00e7in ge\u00e7en y\u0131l 2918 say\u0131l\u0131 Karayollar\u0131 Trafik Kanununun 74\u2019\u00fcnc\u00fc maddesinde bir de\u011fi\u015fiklik yap\u0131lm\u0131\u015ft\u0131. Bu de\u011fi\u015fiklikle s\u00fcr\u00fcc\u00fcler, g\u00f6revli bir ki\u015fi veya \u0131\u015f\u0131kl\u0131 trafik i\u015fareti bulunmayan ancak trafik i\u015fareti veya levhalar\u0131yla belirlenmi\u015f kav\u015fak giri\u015f ve \u00e7\u0131k\u0131\u015flar\u0131 ile yaya ve okul ge\u00e7itlerine yakla\u015f\u0131rken yava\u015flamak, varsa buralardan ge\u00e7en veya ge\u00e7mek \u00fczere bulunan yayalara durarak ilk ge\u00e7i\u015f hakk\u0131n\u0131 vermek zorundayd\u0131. Bu d\u00fczenlemeden hareketle; \u0130\u00e7i\u015fleri Bakanl\u0131\u011f\u0131 da 2019 y\u0131l\u0131n\u0131 \u201cYaya \u00d6ncelikli Trafik Y\u0131l\u0131\u201d ilan ederek \u00fclke genelinde e\u015f zamanl\u0131 olarak, \u201c\u00d6ncelik Hayat\u0131n,  \u00d6ncelik Yayan\u0131n\u201d kampanyas\u0131 ba\u015flatm\u0131\u015ft\u0131. Kampanya kapsam\u0131nda da, \u0130\u00e7i\u015fleri Bakan\u0131 S\u00fcleyman Soylu ba\u015fta olmak \u00fczere, bakan yard\u0131mc\u0131lar\u0131, Jandarma Genel Komutan\u0131, Emniyet Genel M\u00fcd\u00fcr\u00fc, valiler, kaymakamlar, il\/il\u00e7e jandarma komutanlar\u0131 ve il\/il\u00e7e emniyet m\u00fcd\u00fcrlerinin kat\u0131l\u0131m\u0131 ile etkinlikler d\u00fczenlenmi\u015fti.<\/p>\n<p>\u201cTrafik kazalar\u0131na ba\u011fl\u0131 yaya \u00f6l\u00fcmleri y\u00fczde 34.5 azald\u0131\u201d<\/p>\n<p>Yap\u0131lan hukuki d\u00fczenlemelerle, 2019\u2019un y\u0131l\u0131n\u0131n trafikte yaya \u00f6ncelikli y\u0131l ilan edilerek ba\u015flat\u0131lan \u201c\u00d6ncelik Hayat\u0131n, \u00d6ncelik Yayan\u0131n\u201d kampanyas\u0131 sonu\u00e7 vermeye ba\u015flad\u0131.  Trafik kazalar\u0131na ba\u011f\u0131l\u0131 yaya \u00f6l\u00fcmleri ge\u00e7en y\u0131la g\u00f6re y\u00fczde 34.5 azald\u0131.<\/p>\n<p>Devlet t\u00fcm unsurlar\u0131yla n\u00f6bette<\/p>\n<p>Bu etkinliklerin devam\u0131 niteli\u011finde olan ve bu defa yaya g\u00fcvenli\u011fini sa\u011flamak \u00fczere  \u201cDevletin t\u00fcm unsurlar\u0131yla konunun takip\u00e7isi ve n\u00f6bette oldu\u011funu g\u00f6stermek\u201d amac\u0131yla ba\u015fta okullarda olmak \u00fczere b\u00fct\u00fcn kamu kurum ve kurulu\u015flar\u0131 hizmet binalar\u0131n\u0131n \u00f6n\u00fcnde ve di\u011fer yaya ge\u00e7itlerinde \u201cYaya G\u00fcvenli\u011finin N\u00f6bet\u00e7isiyiz\u201d slogan\u0131yla etkinlik d\u00fczenlenecek. Yar\u0131n 13.00-15.00 saatleri aras\u0131nda ba\u015flayacak olan etkinli\u011fe t\u00fcm il\/ il\u00e7elerde vali ve kaymakamlar ile sorumlu amirlerin her birinin farkl\u0131 yaya ge\u00e7itlerinde bizzat \u201cYaya Ge\u00e7idi N\u00f6beti\u201d fark\u0131ndal\u0131k etkinli\u011fine kat\u0131lacak.<\/p>\n<p>\u00dclke genelinde 200 bin kolluk personeli g\u00f6rev alacak<\/p>\n<p>\u00dclke genelinde en az 200 bin kolluk personeli g\u00f6rev ba\u015f\u0131nda olacak. \u201cOkul Ge\u00e7idi G\u00f6revlileri\u201dne etkinliklerde \u00f6n planda yer verilerek bu g\u00f6revlilere y\u00f6nelik bilinirlik, fark\u0131ndal\u0131k ve toplumsal destek art\u0131r\u0131lacak. Trafik zab\u0131tas\u0131 olmayan kolluk personeline yaya trafi\u011finin y\u00f6neltilmesi i\u00e7in gerekli e\u011fitimlerin verilerek g\u00f6rev tan\u0131mlar\u0131 belirlenecek. Etkinlik yap\u0131lan alanlarda meydana gelebilecek olumsuzluklara ili\u015fkin gerekli g\u00fcvenlik tedbirleri planlanacak. G\u00f6revlendirilen t\u00fcm kolluk personelince, yayalar\u0131n g\u00fcvenli bir \u015fekilde yaya ge\u00e7itlerini kullanmalar\u0131n\u0131n sa\u011flanmas\u0131 amac\u0131na y\u00f6nelik fark\u0131ndal\u0131k sa\u011flay\u0131c\u0131 ve e\u011fitici faaliyetler ger\u00e7ekle\u015ftirilecek. Emniyet Genel M\u00fcd\u00fcrl\u00fc\u011f\u00fcnce haz\u0131rlanan el bro\u015f\u00fcrleri s\u00fcr\u00fcc\u00fc ve yayalara da\u011f\u0131t\u0131lacak ve yaya g\u00fcvenli\u011fine y\u00f6nelik haz\u0131rlanan videonun ya\u015fam t\u00fcnellerinde ve uygun yerlerde g\u00f6sterimi yap\u0131lacak.<\/p>\n<p>Dezavantajl\u0131 gruplar\u0131n (\u00e7ocuk, ya\u015fl\u0131 ve engelli) trafikte yaya olarak kar\u015f\u0131la\u015ft\u0131klar\u0131 sorunlara da dikkat \u00e7ekmek amac\u0131yla bu gruplarca kampanya slogan\u0131n\u0131n kullan\u0131ld\u0131\u011f\u0131 d\u00f6viz ve pankartlar ta\u015f\u0131nacak. Ulusal\/yerel g\u00f6rsel\/yaz\u0131l\u0131 bas\u0131n ve yay\u0131n kurulu\u015flar\u0131n\u0131n temsilcileri etkinli\u011fe davet edilerek etkinlik ve faaliyetlerin geni\u015f kitlelere duyurulmas\u0131 sa\u011flanacak. T\u00fcm okullarda \u201cyaya ge\u00e7idi kullan\u0131m\u0131 ve yaya \u00f6ncelikli trafik\u201d konulu programlar yap\u0131lacak. Uzmanlar taraf\u0131ndan trafik e\u011fitimi verilen okul ge\u00e7it g\u00f6revlilerince okul giri\u015f\/\u00e7\u0131k\u0131\u015flar\u0131nda, okul \u00f6nlerinde ve \u00e7evresindeki yaya ge\u00e7itlerinde fark\u0131ndal\u0131\u011f\u0131 art\u0131rmaya y\u00f6nelik uygulamal\u0131 faaliyetler icra edilecek.<\/p>\n","protected":false},"excerpt":{"rendered":"<p>2019 YILINI  \u201cYAYA \u00d6NCEL\u0130KL\u0130 TRAF\u0130K YILI\u201d \u0130LAN EDEN \u0130\u00c7\u0130\u015eLER\u0130 BAKANLI\u011eI, TRAF\u0130KTE YAYALARA D\u0130KKAT \u00c7EKMEK \u0130\u00c7\u0130N YARIN \u00dcLKE GENEL\u0130NDE FARKLI B\u0130R ETK\u0130NL\u0130K D\u00dcZENLEYECEK.<\/p>\n","protected":false},"author":1,"featured_media":210068,"comment_status":"closed","ping_status":"open","sticky":false,"template":"","format":"standard","meta":{"jetpack_post_was_ever_published":false,"_jetpack_newsletter_access":"","_jetpack_dont_email_post_to_subs":false,"_jetpack_newsletter_tier_id":0,"_jetpack_memberships_contains_paywalled_content":false,"_jetpack_memberships_contains_paid_content":false,"footnotes":"","jetpack_publicize_message":"","jetpack_publicize_feature_enabled":true,"jetpack_social_post_already_shared":true,"jetpack_social_options":{"image_generator_settings":{"template":"highway","default_image_id":0,"font":"","enabled":false},"version":2}},"categories":[1],"tags":[20684,4068,213,403,1531,27263,6913,1279],"class_list":["post-210067","post","type-post","status-publish","format-standard","has-post-thumbnail","hentry","category-genel","tag-kolluk","tag-4068","tag-bin","tag-guvenligi","tag-ilde","tag-nobeti","tag-personeliyle","tag-yaya"],"jetpack_publicize_connections":[],"jetpack_featured_media_url":"https:\/\/i0.wp.com\/www.tvturk.com\/wp-content\/uploads\/2019\/10\/81-ilde-200-bin-kolluk-personeliyle-yaya-guvenligi-nobeti_100a295.jpg?fit=1000%2C570","jetpack_sharing_enabled":true,"jetpack_shortlink":"https:\/\/wp.me\/paKIfm-SEb","_links":{"self":[{"href":"http:\/\/www.tvturk.com\/index.php\/wp-json\/wp\/v2\/posts\/210067","targetHints":{"allow":["GET"]}}],"collection":[{"href":"http:\/\/www.tvturk.com\/index.php\/wp-json\/wp\/v2\/posts"}],"about":[{"href":"http:\/\/www.tvturk.com\/index.php\/wp-json\/wp\/v2\/types\/post"}],"author":[{"embeddable":true,"href":"http:\/\/www.tvturk.com\/index.php\/wp-json\/wp\/v2\/users\/1"}],"replies":[{"embeddable":true,"href":"http:\/\/www.tvturk.com\/index.php\/wp-json\/wp\/v2\/comments?post=210067"}],"version-history":[{"count":3,"href":"http:\/\/www.tvturk.com\/index.php\/wp-json\/wp\/v2\/posts\/210067\/revisions"}],"predecessor-version":[{"id":210185,"href":"http:\/\/www.tvturk.com\/index.php\/wp-json\/wp\/v2\/posts\/210067\/revisions\/210185"}],"wp:featuredmedia":[{"embeddable":true,"href":"http:\/\/www.tvturk.com\/index.php\/wp-json\/wp\/v2\/media\/210068"}],"wp:attachment":[{"href":"http:\/\/www.tvturk.com\/index.php\/wp-json\/wp\/v2\/media?parent=210067"}],"wp:term":[{"taxonomy":"category","embeddable":true,"href":"http:\/\/www.tvturk.com\/index.php\/wp-json\/wp\/v2\/categories?post=210067"},{"taxonomy":"post_tag","embeddable":true,"href":"http:\/\/www.tvturk.com\/index.php\/wp-json\/wp\/v2\/tags?post=210067"}],"curies":[{"name":"wp","href":"https:\/\/api.w.org\/{rel}","templated":true}]}}