{"id":210080,"date":"2019-10-01T16:32:05","date_gmt":"2019-10-01T13:32:05","guid":{"rendered":"http:\/\/www.tvturk.com\/index.php\/kocaelide-once-yaya-uygulamasi-yapildi\/"},"modified":"2019-10-01T16:32:05","modified_gmt":"2019-10-01T13:32:05","slug":"kocaelide-once-yaya-uygulamasi-yapildi","status":"publish","type":"post","link":"http:\/\/www.tvturk.com\/index.php\/kocaelide-once-yaya-uygulamasi-yapildi\/","title":{"rendered":"Kocaeli\u2019de \u2018\u00f6nce yaya\u2019 uygulamas\u0131 yap\u0131ld\u0131"},"content":{"rendered":"<p>\u0130\u00e7i\u015fleri Bakanl\u0131\u011f\u0131n\u0131n trafikte yaya \u00f6nceli\u011fine dikkat \u00e7ekmek i\u00e7in ba\u015flatt\u0131\u011f\u0131 \u2018\u00d6nce Yaya\u2019 projesi kapsam\u0131nda Kocaeli\u2019nin Gebze il\u00e7esinde bulunan yaya ge\u00e7itlerinde uygulama yap\u0131ld\u0131.<\/p>\n<p>\u0130\u00e7i\u015fleri Bakanl\u0131\u011f\u0131nca, 2019\u2019un \u201cYaya \u00f6ncelikli trafik y\u0131l\u0131\u201d ilan edilmesi nedeniyle Gebze Emniyet M\u00fcd\u00fcrl\u00fc\u011f\u00fcne ba\u011fl\u0131 ekipler H\u00fck\u00fcmet Caddesi \u00fczerinde bulunan yaya ge\u00e7idinde uygulama yapt\u0131. Gebze Kaymakam\u0131 Mustafa G\u00fcler\u2019in de kat\u0131ld\u0131\u011f\u0131 uygulamada yayalara \u00f6ncelikli yol hakk\u0131 tan\u0131mayan s\u00fcr\u00fcc\u00fcler hakk\u0131nda i\u015flem yap\u0131ld\u0131.<\/p>\n<p>Kurallara uyan s\u00fcr\u00fcc\u00fclere te\u015fekk\u00fcr etti<\/p>\n<p>Gebze Kaymakam\u0131 Mustafa G\u00fcler, yan\u0131na ald\u0131\u011f\u0131 bir \u00e7ocuk ile birlikte yaya ge\u00e7idinden ge\u00e7ti. Yayalara \u00f6ncelikli yol hakk\u0131 konusunda s\u00fcr\u00fcc\u00fcleri bilgilendiren G\u00fcler, konuyla ilgili yapt\u0131\u011f\u0131 a\u00e7\u0131klamada, \u201c\u015eubat ay\u0131nda trafik polislerimizle birlikte yaya kav\u015faklar\u0131m\u0131zda bir fark\u0131ndal\u0131k program\u0131 yapm\u0131\u015ft\u0131k. Bakanl\u0131\u011f\u0131m\u0131z yeteri kadar uygulan\u0131p uygulanmad\u0131\u011f\u0131n\u0131 takip ediyor. Tekrar zihinlerde bunu tazelemek i\u00e7in 2 Ekim\u2019de T\u00fcrkiye genelinde tekrar bir fark\u0131ndal\u0131k program\u0131 yapmas\u0131 i\u00e7in talimat g\u00f6nderdi. Biz bug\u00fcn Kaymakaml\u0131\u011f\u0131m\u0131z\u0131n \u00f6n\u00fcnde bir fark\u0131ndal\u0131k yapmak istedik. Trafik memurlar\u0131m\u0131z ve \u00e7ocuklar\u0131m\u0131zla birlikte kar\u015f\u0131ya ge\u00e7erek s\u00fcr\u00fcc\u00fclerimizin buna ne kadar riayet etti\u011fini g\u00f6rmek istedik\u201d ifadelerini kulland\u0131.<\/p>\n","protected":false},"excerpt":{"rendered":"<p>\u0130\u00c7\u0130\u015eLER\u0130 BAKANLI\u011eI\u2019NIN TRAF\u0130KTE YAYA \u00d6NCEL\u0130\u011e\u0130NE D\u0130KKAT \u00c7EKMEK \u0130\u00c7\u0130N BA\u015eLATTI\u011eI \u2018\u00d6NCE YAYA\u2019 PROJES\u0130 KAPSAMINDA KOCAEL\u0130\u2019N\u0130N GEBZE \u0130L\u00c7ES\u0130NDE BULUNAN YAYA GE\u00c7\u0130TLER\u0130NDE UYGULAMA YAPILDI.<\/p>\n","protected":false},"author":1,"featured_media":210081,"comment_status":"closed","ping_status":"open","sticky":false,"template":"","format":"standard","meta":{"jetpack_post_was_ever_published":false,"_jetpack_newsletter_access":"","_jetpack_dont_email_post_to_subs":false,"_jetpack_newsletter_tier_id":0,"_jetpack_memberships_contains_paywalled_content":false,"_jetpack_memberships_contains_paid_content":false,"footnotes":"","jetpack_publicize_message":"","jetpack_publicize_feature_enabled":true,"jetpack_social_post_already_shared":true,"jetpack_social_options":{"image_generator_settings":{"template":"highway","default_image_id":0,"font":"","enabled":false},"version":2}},"categories":[1],"tags":[5089,232,861,117,1279],"class_list":["post-210080","post","type-post","status-publish","format-standard","has-post-thumbnail","hentry","category-genel","tag-kocaelide","tag-once","tag-uygulamasi","tag-yapildi","tag-yaya"],"jetpack_publicize_connections":[],"jetpack_featured_media_url":"https:\/\/i0.wp.com\/www.tvturk.com\/wp-content\/uploads\/2019\/10\/kocaelide-once-yaya-uygulamasi-yapildi_e884fba.jpg?fit=1000%2C666","jetpack_sharing_enabled":true,"jetpack_shortlink":"https:\/\/wp.me\/paKIfm-SEo","_links":{"self":[{"href":"http:\/\/www.tvturk.com\/index.php\/wp-json\/wp\/v2\/posts\/210080","targetHints":{"allow":["GET"]}}],"collection":[{"href":"http:\/\/www.tvturk.com\/index.php\/wp-json\/wp\/v2\/posts"}],"about":[{"href":"http:\/\/www.tvturk.com\/index.php\/wp-json\/wp\/v2\/types\/post"}],"author":[{"embeddable":true,"href":"http:\/\/www.tvturk.com\/index.php\/wp-json\/wp\/v2\/users\/1"}],"replies":[{"embeddable":true,"href":"http:\/\/www.tvturk.com\/index.php\/wp-json\/wp\/v2\/comments?post=210080"}],"version-history":[{"count":0,"href":"http:\/\/www.tvturk.com\/index.php\/wp-json\/wp\/v2\/posts\/210080\/revisions"}],"wp:featuredmedia":[{"embeddable":true,"href":"http:\/\/www.tvturk.com\/index.php\/wp-json\/wp\/v2\/media\/210081"}],"wp:attachment":[{"href":"http:\/\/www.tvturk.com\/index.php\/wp-json\/wp\/v2\/media?parent=210080"}],"wp:term":[{"taxonomy":"category","embeddable":true,"href":"http:\/\/www.tvturk.com\/index.php\/wp-json\/wp\/v2\/categories?post=210080"},{"taxonomy":"post_tag","embeddable":true,"href":"http:\/\/www.tvturk.com\/index.php\/wp-json\/wp\/v2\/tags?post=210080"}],"curies":[{"name":"wp","href":"https:\/\/api.w.org\/{rel}","templated":true}]}}