{"id":210240,"date":"2019-10-02T09:46:31","date_gmt":"2019-10-02T06:46:31","guid":{"rendered":"http:\/\/www.tvturk.com\/index.php\/erzurumda-sonbaharin-essiz-manzarasi-buyuluyor\/"},"modified":"2019-10-02T09:46:31","modified_gmt":"2019-10-02T06:46:31","slug":"erzurumda-sonbaharin-essiz-manzarasi-buyuluyor","status":"publish","type":"post","link":"http:\/\/www.tvturk.com\/index.php\/erzurumda-sonbaharin-essiz-manzarasi-buyuluyor\/","title":{"rendered":"Erzurum\u2019da sonbahar\u0131n e\u015fsiz manzaras\u0131 b\u00fcy\u00fcl\u00fcyor"},"content":{"rendered":"<p>D\u00fcnyada deniz seviyesinden 2 bin metre y\u00fckseklikte 7. park olan Erzurum\u2019daki Ata Botanik Park\u0131, sonbahar\u0131n gelmesiyle birlikte renk c\u00fcmb\u00fc\u015f\u00fcne b\u00fcr\u00fcnd\u00fc.<\/p>\n<p>Erzurum-Erzincan karayolunun ba\u015flang\u0131\u00e7 noktas\u0131ndaki Atat\u00fcrk \u00dcniversitesi kamp\u00fcs\u00fc kav\u015fa\u011f\u0131ndan ba\u015flayan yakla\u015f\u0131k 350 d\u00f6n\u00fcm arazide kurulu olan, Do\u011fu Anadolu\u2019daki a\u011fa\u00e7, \u00e7i\u00e7ek ve bitkilerden \u00f6rneklerin topland\u0131\u011f\u0131 Atat\u00fcrk \u00dcniversitesine ait Ata Botanik Park\u2019\u0131n\u0131n \u00fcn\u00fc giderek art\u0131yor. Sonbahar\u0131n gelmesiyle birlikte do\u011fal g\u00fczelli\u011fiyle bilinen Ata Botanik Park adeta bir renk c\u00fcmb\u00fc\u015f\u00fc sunarken, d\u00f6k\u00fclen yapraklar\u0131n olu\u015fturdu\u011fu tablo gibi manzaralar\u0131 g\u00f6rmek isteyen vatanda\u015flar Ata Botanik Park\u2019a ak\u0131n ediyor.<\/p>\n<p>Sonbahar mevsimiyle birlikte renk c\u00fcmb\u00fc\u015f\u00fc ya\u015fanan Ata Botanik Park\u2019\u0131 ziyaret eden vatanda\u015flar, \u201cEkim ay\u0131n\u0131n gelmesiyle birlikte a\u011fa\u00e7lar\u0131m\u0131z sarard\u0131. Bizde bu g\u00fczel manzaray\u0131 de\u011ferlendirmek istedik, foto\u011fraf \u00e7ekimi yapt\u0131k. \u00c7ok g\u00fczel manzara var an\u0131n tad\u0131n\u0131 \u00e7\u0131kar\u0131yoruz\u201d dedi.<\/p>\n<p>Ata Botanik Park bug\u00fcnlerde ise hazan mevsiminin sar\u0131s\u0131yla foto\u011fraf \u00e7ektirmek isteyenlerin ak\u0131n\u0131na u\u011fruyor. Evlenen, ni\u015fanlanan, sonbahar foto\u011fraflar\u0131 \u00e7ekmek isteyen \u00f6\u011frenciler i\u00e7in do\u011fal st\u00fcdyo haline gelen Ata Botanik Park\u2019ta en g\u00fczel kareler objektiflere yans\u0131yor. Ayr\u0131ca akasya t\u00fcrleri, k\u00f6knar, ladin, \u00e7am, ard\u0131\u00e7, mazi t\u00fcrleri, \u0131hlamur, me\u015fe t\u00fcrleri, \u00fcvez, sumak, hu\u015f t\u00fcrleri, s\u00fcs meyveleri, erik, vi\u015fne, armut, kiraz, dut, elma, k\u0131z\u0131lc\u0131k, ku\u015fburnu gibi onlarca bitki t\u00fcr\u00fcn\u00fc bar\u0131nd\u0131ran Ata Botanik Park\u2019ta, d\u00fcnyan\u0131n y\u00fcksek rak\u0131ml\u0131 b\u00f6lgelerinden getirilen nadir t\u00fcrler de yer al\u0131yor.<\/p>\n","protected":false},"excerpt":{"rendered":"<p>D\u00dcNYADA DEN\u0130Z SEV\u0130YES\u0130NDEN 2 B\u0130N METRE Y\u00dcKSEKL\u0130KTE 7. PARK OLAN ERZURUM\u2019DAK\u0130 ATA BOTAN\u0130K PARKI, SONBAHARIN GELMES\u0130YLE B\u0130RL\u0130KTE YO\u011eUN \u0130LG\u0130 G\u00d6R\u00dcYOR<\/p>\n","protected":false},"author":1,"featured_media":210241,"comment_status":"closed","ping_status":"open","sticky":false,"template":"","format":"standard","meta":{"jetpack_post_was_ever_published":false,"_jetpack_newsletter_access":"","_jetpack_dont_email_post_to_subs":false,"_jetpack_newsletter_tier_id":0,"_jetpack_memberships_contains_paywalled_content":false,"_jetpack_memberships_contains_paid_content":false,"footnotes":"","jetpack_publicize_message":"","jetpack_publicize_feature_enabled":true,"jetpack_social_post_already_shared":true,"jetpack_social_options":{"image_generator_settings":{"template":"highway","default_image_id":0,"font":"","enabled":false},"version":2}},"categories":[1],"tags":[31242,2474,14301,14302,51821],"class_list":["post-210240","post","type-post","status-publish","format-standard","has-post-thumbnail","hentry","category-genel","tag-buyuluyor","tag-erzurumda","tag-essiz","tag-manzarasi","tag-sonbaharin"],"jetpack_publicize_connections":[],"jetpack_featured_media_url":"https:\/\/i0.wp.com\/www.tvturk.com\/wp-content\/uploads\/2019\/10\/erzurumda-sonbaharin-essiz-manzarasi-buyuluyor_972dce6.jpg?fit=1000%2C439","jetpack_sharing_enabled":true,"jetpack_shortlink":"https:\/\/wp.me\/paKIfm-SGY","_links":{"self":[{"href":"http:\/\/www.tvturk.com\/index.php\/wp-json\/wp\/v2\/posts\/210240","targetHints":{"allow":["GET"]}}],"collection":[{"href":"http:\/\/www.tvturk.com\/index.php\/wp-json\/wp\/v2\/posts"}],"about":[{"href":"http:\/\/www.tvturk.com\/index.php\/wp-json\/wp\/v2\/types\/post"}],"author":[{"embeddable":true,"href":"http:\/\/www.tvturk.com\/index.php\/wp-json\/wp\/v2\/users\/1"}],"replies":[{"embeddable":true,"href":"http:\/\/www.tvturk.com\/index.php\/wp-json\/wp\/v2\/comments?post=210240"}],"version-history":[{"count":0,"href":"http:\/\/www.tvturk.com\/index.php\/wp-json\/wp\/v2\/posts\/210240\/revisions"}],"wp:featuredmedia":[{"embeddable":true,"href":"http:\/\/www.tvturk.com\/index.php\/wp-json\/wp\/v2\/media\/210241"}],"wp:attachment":[{"href":"http:\/\/www.tvturk.com\/index.php\/wp-json\/wp\/v2\/media?parent=210240"}],"wp:term":[{"taxonomy":"category","embeddable":true,"href":"http:\/\/www.tvturk.com\/index.php\/wp-json\/wp\/v2\/categories?post=210240"},{"taxonomy":"post_tag","embeddable":true,"href":"http:\/\/www.tvturk.com\/index.php\/wp-json\/wp\/v2\/tags?post=210240"}],"curies":[{"name":"wp","href":"https:\/\/api.w.org\/{rel}","templated":true}]}}