{"id":210270,"date":"2019-10-02T10:17:17","date_gmt":"2019-10-02T07:17:17","guid":{"rendered":"http:\/\/www.tvturk.com\/index.php\/ozel-haber-ataturk-olimpiyat-stadi-uefa-sampiyonlar-ligi-finaline-hazirlaniyor\/"},"modified":"2019-10-02T10:17:17","modified_gmt":"2019-10-02T07:17:17","slug":"ozel-haber-ataturk-olimpiyat-stadi-uefa-sampiyonlar-ligi-finaline-hazirlaniyor","status":"publish","type":"post","link":"http:\/\/www.tvturk.com\/index.php\/ozel-haber-ataturk-olimpiyat-stadi-uefa-sampiyonlar-ligi-finaline-hazirlaniyor\/","title":{"rendered":"(\u00d6zel haber) Atat\u00fcrk Olimpiyat Stad\u0131, UEFA \u015eampiyonlar Ligi finaline haz\u0131rlan\u0131yor"},"content":{"rendered":"<p>UEFA \u015eampiyonlar Ligi\u2019nde 2019-2020 sezonu finaline ev sahipli\u011fi yapacak olan Atat\u00fcrk Olimpiyat Stad\u0131\u2019ndaki yenileme \u00e7al\u0131\u015fmalar\u0131 havadan g\u00f6r\u00fcnt\u00fclendi. Sahan\u0131n kenar\u0131ndaki atletizm pistinin kald\u0131r\u0131larak in\u015faat ara\u00e7lar\u0131n\u0131n hummal\u0131 bir \u015fekilde \u00e7al\u0131\u015ft\u0131\u011f\u0131 g\u00f6r\u00fcl\u00fcyor.<\/p>\n<p>Yenileme \u00e7al\u0131\u015fmalar\u0131 devam eden Atat\u00fcrk Olimpiyat Stad\u0131\u2019n\u0131n son durumu havadan g\u00f6r\u00fcnt\u00fclendi. \u00c7al\u0131\u015fmalar kapsam\u0131nda \u00e7im sahan\u0131n yan\u0131nda bulunan atletizm pisti tamamen kald\u0131r\u0131ld\u0131. \u0130n\u015faat makineleri ve kamyonlar ise hummal\u0131 bir \u015fekilde \u00e7al\u0131\u015fmaya devam ediyor. Havadan \u00e7ekilen g\u00f6r\u00fcnt\u00fclerde stat zemininde \u00e7al\u0131\u015fmalardan dolay\u0131 sadece ye\u015fil sahan\u0131n kald\u0131\u011f\u0131 g\u00f6r\u00fcl\u00fcyor. EURO 2024 katalo\u011funda belirtilen bilgilere g\u00f6re; \u0130stanbul\u2019daki Atat\u00fcrk Olimpiyat Stad\u0131\u2019n\u0131n yenilenerek \u00fcst\u00fcn\u00fcn kapat\u0131laca\u011f\u0131, kapasitesinin de 92 bin 208\u2019e y\u00fckseltilece\u011fi \u00f6\u011frenildi.<\/p>\n<p>Olimpiyat Stad\u0131\u2019n\u0131n \u015fu anki haliyle en \u00e7ok r\u00fczgar\u0131 kale arkalar\u0131ndan ald\u0131\u011f\u0131 katalogda belirtiliyor. Bu projeyle kale arkas\u0131ndan al\u0131nan r\u00fczgar\u0131n etkisi minimize edilecek, oyuna etkisi azalt\u0131lacak. Yeni statta 191 tane loca yer alacak. 20 bin metrekareden fazla a\u011f\u0131rlama alan\u0131 kurulacak. Stad\u0131n, y\u0131l\u0131n her g\u00fcn\u00fc konser, toplant\u0131, konferans gibi etkinliklerle ya\u015fayan bir stadyum haline getirilerek, milli ma\u00e7lar\u0131n, finallerin ve T\u00fcrk futbolunun yeni evi olaca\u011f\u0131 ifade ediliyor. Toplamda 92 bin 208 br\u00fct kapasiteye sahip olan yeni tasar\u0131m, izleyicileri oyuna yakla\u015ft\u0131r\u0131yor ve orijinal Olimpiyat Stad\u0131\u2019n\u0131n d\u00fczenini geli\u015ftiriyor. A\u00e7\u0131l\u0131\u015f\u0131 2002 y\u0131l\u0131nda yap\u0131lan Atat\u00fcrk Olimpiyat Stad\u0131\u2019n\u0131n mevcut hali ise 76 bin 761 kapasiteye sahip.<\/p>\n<p>\u201cBu stat bir\u00e7ok a\u00e7\u0131dan \u00e7a\u011f d\u0131\u015f\u0131\u201d<\/p>\n<p>Yenilenecek statla ilgili T\u00fcrkiye Futbol Federasyonu (TFF) Ba\u015fkan\u0131 Nihat \u00d6zdemir, \u201cAtat\u00fcrk Olimpiyat Stad\u0131\u2019nda oynanacak \u015eampiyonlar Ligi finali b\u00fcy\u00fck bir ma\u00e7. Bu stat bir\u00e7ok a\u00e7\u0131dan \u00e7a\u011f d\u0131\u015f\u0131. Zemini a\u015fa\u011f\u0131 indirece\u011fiz, 70 bin ki\u015finin sahan\u0131n tamam\u0131n\u0131 g\u00f6rmesini sa\u011flayaca\u011f\u0131z, elektronik sistemleri de yenileyece\u011fiz. Birinci kademede 150 milyon TL harcayaca\u011f\u0131z. Bu ma\u00e7tan sonra stad\u0131n etraf\u0131n\u0131 y\u00fckseltece\u011fiz ve \u00fcst\u00fcn\u00fc kapataca\u011f\u0131z. Seyirci kapasitesi 80 bini a\u015facak. \u0130ngiltere\u2019deki Wembley ve Fransa\u2019daki Stade de France gibi milli tak\u0131m stad\u0131 olacak. Yap\u0131m\u0131 1.5 y\u0131l i\u00e7inde tamamlanacak\u201d a\u00e7\u0131klamalar\u0131nda bulunmu\u015ftu.<\/p>\n","protected":false},"excerpt":{"rendered":"<p>UEFA \u015eAMP\u0130YONLAR L\u0130G\u0130\u2019NDE 2019-2020 SEZONU F\u0130NAL\u0130NE EV SAH\u0130PL\u0130\u011e\u0130 YAPACAK OLAN ATAT\u00dcRK OL\u0130MP\u0130YAT STADI\u2019NDAK\u0130 YEN\u0130LEME \u00c7ALI\u015eMALARI HAVADAN G\u00d6R\u00dcNT\u00dcLEND\u0130. SAHANIN KENARINDAK\u0130 ATLET\u0130ZM P\u0130ST\u0130N\u0130N KALDIRILARAK \u0130N\u015eAAT ARA\u00c7LARININ HUMMALI B\u0130R \u015eEK\u0130LDE \u00c7ALI\u015eTI\u011eI G\u00d6R\u00dcL\u00dcYOR.<\/p>\n","protected":false},"author":1,"featured_media":210271,"comment_status":"closed","ping_status":"open","sticky":false,"template":"","format":"standard","meta":{"jetpack_post_was_ever_published":false,"_jetpack_newsletter_access":"","_jetpack_dont_email_post_to_subs":false,"_jetpack_newsletter_tier_id":0,"_jetpack_memberships_contains_paywalled_content":false,"_jetpack_memberships_contains_paid_content":false,"footnotes":"","jetpack_publicize_message":"","jetpack_publicize_feature_enabled":true,"jetpack_social_post_already_shared":true,"jetpack_social_options":{"image_generator_settings":{"template":"highway","default_image_id":0,"font":"","enabled":false},"version":2}},"categories":[657],"tags":[1310,5560,1073,381,48684,1545,297,1717,26824,1716],"class_list":["post-210270","post","type-post","status-publish","format-standard","has-post-thumbnail","hentry","category-spor","tag-sampiyonlar","tag-olimpiyat","tag-ozel","tag-ataturk","tag-finaline","tag-haber","tag-hazirlaniyor","tag-ligi","tag-stadi","tag-uefa"],"jetpack_publicize_connections":[],"jetpack_featured_media_url":"https:\/\/i0.wp.com\/www.tvturk.com\/wp-content\/uploads\/2019\/10\/ozel-haber-ataturk-olimpiyat-stadi-uefa-sampiyonlar-ligi-finaline-hazirlaniyor_aa2750c.jpg?fit=1000%2C562","jetpack_sharing_enabled":true,"jetpack_shortlink":"https:\/\/wp.me\/paKIfm-SHs","_links":{"self":[{"href":"http:\/\/www.tvturk.com\/index.php\/wp-json\/wp\/v2\/posts\/210270","targetHints":{"allow":["GET"]}}],"collection":[{"href":"http:\/\/www.tvturk.com\/index.php\/wp-json\/wp\/v2\/posts"}],"about":[{"href":"http:\/\/www.tvturk.com\/index.php\/wp-json\/wp\/v2\/types\/post"}],"author":[{"embeddable":true,"href":"http:\/\/www.tvturk.com\/index.php\/wp-json\/wp\/v2\/users\/1"}],"replies":[{"embeddable":true,"href":"http:\/\/www.tvturk.com\/index.php\/wp-json\/wp\/v2\/comments?post=210270"}],"version-history":[{"count":0,"href":"http:\/\/www.tvturk.com\/index.php\/wp-json\/wp\/v2\/posts\/210270\/revisions"}],"wp:featuredmedia":[{"embeddable":true,"href":"http:\/\/www.tvturk.com\/index.php\/wp-json\/wp\/v2\/media\/210271"}],"wp:attachment":[{"href":"http:\/\/www.tvturk.com\/index.php\/wp-json\/wp\/v2\/media?parent=210270"}],"wp:term":[{"taxonomy":"category","embeddable":true,"href":"http:\/\/www.tvturk.com\/index.php\/wp-json\/wp\/v2\/categories?post=210270"},{"taxonomy":"post_tag","embeddable":true,"href":"http:\/\/www.tvturk.com\/index.php\/wp-json\/wp\/v2\/tags?post=210270"}],"curies":[{"name":"wp","href":"https:\/\/api.w.org\/{rel}","templated":true}]}}