{"id":210322,"date":"2019-10-02T11:16:50","date_gmt":"2019-10-02T08:16:50","guid":{"rendered":"http:\/\/www.tvturk.com\/index.php\/down-sendromlu-gence-mahalle-halkindan-dugun-gibi-dogum-gunu\/"},"modified":"2019-10-02T11:16:50","modified_gmt":"2019-10-02T08:16:50","slug":"down-sendromlu-gence-mahalle-halkindan-dugun-gibi-dogum-gunu","status":"publish","type":"post","link":"http:\/\/www.tvturk.com\/index.php\/down-sendromlu-gence-mahalle-halkindan-dugun-gibi-dogum-gunu\/","title":{"rendered":"Down sendromlu gence mahalle halk\u0131ndan d\u00fc\u011f\u00fcn gibi do\u011fum g\u00fcn\u00fc"},"content":{"rendered":"<p>Bursa\u2019da bir grup gen\u00e7 down sendromlu arkada\u015flar\u0131 i\u00e7in mahallede davullu zurnal\u0131 do\u011fum g\u00fcn\u00fc partisi yapt\u0131. Geceyi havai fi\u015fek ve me\u015faleler ile ayd\u0131nlatan gen\u00e7ler, d\u00fc\u011f\u00fcn gibi do\u011fum g\u00fcn\u00fc kutlad\u0131. Bir araya gelen mahalleli, o genci do\u011fum g\u00fcn\u00fcnde yine yaln\u0131z b\u0131rakmad\u0131.<\/p>\n<p>Osmangazi Zafer Mahallesi\u2019nde oturan down sendromlu Turan Dursun, arkada\u015flar\u0131n\u0131n yapt\u0131\u011f\u0131 do\u011fum g\u00fcn\u00fc s\u00fcrprizi ile \u015fok oldu. Arkada\u015flar\u0131n\u0131n do\u011fum g\u00fcn\u00fc i\u00e7in harekete ge\u00e7en gen\u00e7ler, mahalledeki bir kafeyi balonlarla s\u00fcslerken, kutlama i\u00e7in m\u00fczisyen de \u00e7a\u011f\u0131rd\u0131. Havan\u0131n kararmas\u0131yla bir araya gelen mahalle sakinleri, davul zurna e\u015fli\u011finde down sendromu rahats\u0131zl\u0131\u011f\u0131 olan Dursun\u2019un kar\u015f\u0131s\u0131na \u00e7\u0131kt\u0131. Arkada\u015flar\u0131n\u0131n yapt\u0131\u011f\u0131 bu s\u00fcrprize \u00e7ok sevinen Dursun, g\u00fcle oynaya mahallede herkesle beraber tur att\u0131. Tezah\u00fcratlar ve me\u015faleler e\u015fli\u011finde kendisi i\u00e7in haz\u0131rlanan pastan\u0131n ba\u015f\u0131na ge\u00e7en Dursun, hayat\u0131nda unutamayaca\u011f\u0131 anlar ya\u015fad\u0131.<\/p>\n<p>Organizasyonu d\u00fczenleyen gen\u00e7lerden Fatih Geni\u015f, \u201cZafer Mahallesi\u2019nin bir ferdiyim. Geleneksel olarak her sene d\u00fczenledi\u011fimiz down sendromlu karde\u015fimiz Turan Dursun\u2019un do\u011fum g\u00fcn\u00fcn\u00fc mutlu bir \u015fekilde kutlad\u0131k. Biz bunu her sene 30 Eyl\u00fclde kutluyoruz. Ge\u00e7en sene bu caddede oldu. Bu sene Nam\u0131k Kemal Folklor Ekibi bize kap\u0131lar\u0131n\u0131 a\u00e7t\u0131. Derne\u011fin \u00f6n\u00fcnde kutlad\u0131k. Karde\u015fimizin annesi babas\u0131 yok, a\u011fabeyleri ve mahalleli taraf\u0131ndan bak\u0131l\u0131yor. Mahalleli a\u011fabeylik duygusuyla her sene elinden geldi\u011fince g\u00fczellikler yapmaya \u00e7al\u0131\u015f\u0131yor. Bunun d\u0131\u015f\u0131nda her g\u00fcn karde\u015fimizle ilgileniyoruz. Biz onu mutlu edince mutlu oluyoruz. Bunun yan\u0131 s\u0131ra di\u011fer down sendromlu karde\u015flerimiz de var. Eko baba dedi\u011fimiz, Davulcu Samet dedi\u011fimiz karde\u015flerimiz de var. Onlar\u0131 da hi\u00e7 ay\u0131rm\u0131yoruz. Hep birlikte her sene bu i\u015fi geleneksel olarak kutluyoruz. Seneye daha co\u015fkulusu olacak, b\u00f6yle olduk\u00e7a her \u015fey daha da g\u00fczel olacak\u201d dedi.<\/p>\n","protected":false},"excerpt":{"rendered":"<p>BURSA\u2019DA B\u0130R GRUP GEN\u00c7 DOWN SENDROMLU ARKADA\u015eLARI \u0130\u00c7\u0130N MAHALLEDE DAVULLU ZURNALI  DO\u011eUM G\u00dcN\u00dc, PART\u0130S\u0130 YAPTI. GECEY\u0130 HAVA\u0130 F\u0130\u015eEK VE ME\u015eALELER \u0130LE AYDINLATAN GEN\u00c7LER D\u00dc\u011e\u00dcN G\u0130B\u0130 DO\u011eUM G\u00dcN\u00dc KUTLADI. B\u0130R ARAYA GELEN MAHALLEL\u0130 O GENC\u0130 DO\u011eUM G\u00dcN\u00dcNDE Y\u0130NE YALNIZ BIRAKMADI.<\/p>\n","protected":false},"author":1,"featured_media":210323,"comment_status":"closed","ping_status":"open","sticky":false,"template":"","format":"standard","meta":{"jetpack_post_was_ever_published":false,"_jetpack_newsletter_access":"","_jetpack_dont_email_post_to_subs":false,"_jetpack_newsletter_tier_id":0,"_jetpack_memberships_contains_paywalled_content":false,"_jetpack_memberships_contains_paid_content":false,"footnotes":"","jetpack_publicize_message":"","jetpack_publicize_feature_enabled":true,"jetpack_social_post_already_shared":true,"jetpack_social_options":{"image_generator_settings":{"template":"highway","default_image_id":0,"font":"","enabled":false},"version":2}},"categories":[1],"tags":[1068,13074,3605,2650,981,85,10561,2072,13783],"class_list":["post-210322","post","type-post","status-publish","format-standard","has-post-thumbnail","hentry","category-genel","tag-dogum","tag-down","tag-dugun","tag-gence","tag-gibi","tag-gunu","tag-halkindan","tag-mahalle","tag-sendromlu"],"jetpack_publicize_connections":[],"jetpack_featured_media_url":"https:\/\/i0.wp.com\/www.tvturk.com\/wp-content\/uploads\/2019\/10\/down-sendromlu-gence-mahalle-halkindan-dugun-gibi-dogum-gunu_1851341.jpg?fit=1000%2C562","jetpack_sharing_enabled":true,"jetpack_shortlink":"https:\/\/wp.me\/paKIfm-SIi","_links":{"self":[{"href":"http:\/\/www.tvturk.com\/index.php\/wp-json\/wp\/v2\/posts\/210322","targetHints":{"allow":["GET"]}}],"collection":[{"href":"http:\/\/www.tvturk.com\/index.php\/wp-json\/wp\/v2\/posts"}],"about":[{"href":"http:\/\/www.tvturk.com\/index.php\/wp-json\/wp\/v2\/types\/post"}],"author":[{"embeddable":true,"href":"http:\/\/www.tvturk.com\/index.php\/wp-json\/wp\/v2\/users\/1"}],"replies":[{"embeddable":true,"href":"http:\/\/www.tvturk.com\/index.php\/wp-json\/wp\/v2\/comments?post=210322"}],"version-history":[{"count":0,"href":"http:\/\/www.tvturk.com\/index.php\/wp-json\/wp\/v2\/posts\/210322\/revisions"}],"wp:featuredmedia":[{"embeddable":true,"href":"http:\/\/www.tvturk.com\/index.php\/wp-json\/wp\/v2\/media\/210323"}],"wp:attachment":[{"href":"http:\/\/www.tvturk.com\/index.php\/wp-json\/wp\/v2\/media?parent=210322"}],"wp:term":[{"taxonomy":"category","embeddable":true,"href":"http:\/\/www.tvturk.com\/index.php\/wp-json\/wp\/v2\/categories?post=210322"},{"taxonomy":"post_tag","embeddable":true,"href":"http:\/\/www.tvturk.com\/index.php\/wp-json\/wp\/v2\/tags?post=210322"}],"curies":[{"name":"wp","href":"https:\/\/api.w.org\/{rel}","templated":true}]}}