{"id":210338,"date":"2019-10-02T11:32:10","date_gmt":"2019-10-02T08:32:10","guid":{"rendered":"http:\/\/www.tvturk.com\/index.php\/deniz-yerine-ters-istikamete-giden-yavru-carettalar-vatandaslar-tarafindan-toplanip-denize-birakildi\/"},"modified":"2019-10-02T11:32:10","modified_gmt":"2019-10-02T08:32:10","slug":"deniz-yerine-ters-istikamete-giden-yavru-carettalar-vatandaslar-tarafindan-toplanip-denize-birakildi","status":"publish","type":"post","link":"http:\/\/www.tvturk.com\/index.php\/deniz-yerine-ters-istikamete-giden-yavru-carettalar-vatandaslar-tarafindan-toplanip-denize-birakildi\/","title":{"rendered":"Deniz yerine ters istikamete giden yavru carettalar vatanda\u015flar taraf\u0131ndan toplan\u0131p denize b\u0131rak\u0131ld\u0131"},"content":{"rendered":"<p>Antalya\u2019da yumurtadan \u00e7\u0131kan caretta caretta yavrular\u0131, y\u00f6nlerini \u015fa\u015f\u0131rd\u0131. Deniz yerine karaya y\u00f6nelen yavrular\u0131 fark eden bir i\u015fletmeci, caretta carettalar\u0131 kasayla ta\u015f\u0131y\u0131p denize b\u0131rakmaya \u00e7al\u0131\u015ft\u0131.<\/p>\n<p>Alanya il\u00e7esi Avsallar Mahallesi\u2019nde bulunan \u0130ncekum Plaj\u0131\u2019nda, yumurtadan \u00e7\u0131kan caretta caretta yavrular\u0131 yo\u011fun \u0131\u015f\u0131k sebebiyle yollar\u0131n\u0131 \u015fa\u015f\u0131r\u0131p deniz yerine ters istikamete y\u00f6neldi. Durumu fark eden i\u015fletmeci Recep Erdo\u011fan, yavru carettalar\u0131 tek tek toplay\u0131p bir kasan\u0131n i\u00e7ine koyup suya ula\u015ft\u0131rmaya \u00e7al\u0131\u015ft\u0131. Dalgalar\u0131n hemen dibine b\u0131rak\u0131lan caretta carettalar\u0131n yine deniz yerine ters istikamete gitmeye \u00e7al\u0131\u015fmalar\u0131 dikkat \u00e7ekti.<\/p>\n<p>Bir kafede oturdu\u011fu s\u0131rada sahilde bir gariplik oldu\u011funu fark etti\u011fini s\u00f6yleyen Erdo\u011fan, \u201cDenizden yukar\u0131ya do\u011fru bir \u015feyler geldi\u011fini g\u00f6rd\u00fck. \u00d6nce k\u00f6pekler havlad\u0131 biz de merakland\u0131k. Bakt\u0131\u011f\u0131m\u0131zda kumun \u00fczerinde bir s\u00fcr\u00fc yavru caretta caretta g\u00f6rd\u00fck. Onlar\u0131 toplad\u0131k, say\u0131lar\u0131 \u00e7oktu. Fark etmemi\u015f olsak ak\u015fam k\u00f6pekler, sabah kargalar onlara zarar verebilirdi. Daha \u00f6nce de yavru carettalar\u0131n bu \u015fekilde telef oldu\u011funa \u015fahit olduk&#8221; dedi.<\/p>\n<p>Uzmanlar, vatanda\u015flar\u0131n iyi niyetli yard\u0131m \u00e7abalar\u0131na ra\u011fmen hassas canl\u0131lar olan caretta caretta yavrular\u0131n\u0131n denizle bulu\u015fturulmas\u0131n\u0131n k\u0131rm\u0131z\u0131 \u0131\u015f\u0131k kullan\u0131larak uzmanlar e\u015fli\u011finde yap\u0131lmas\u0131n\u0131n do\u011fru olaca\u011f\u0131n\u0131 hat\u0131rlatt\u0131.<\/p>\n","protected":false},"excerpt":{"rendered":"<p>ANTALYA&#8217;DA YUMURTADAN \u00c7IKAN CARETTA CARETTA YAVRULARI, Y\u00d6NLER\u0130N\u0130 \u015eA\u015eIRDI. DEN\u0130Z YER\u0130NE KARAYA Y\u00d6NELEN YAVRULARI FARK EDEN B\u0130R \u0130\u015eLETMEC\u0130, CARETTA CARETTALARI KASAYLA TA\u015eIYIP SUYA BIRAKTI<\/p>\n","protected":false},"author":1,"featured_media":210339,"comment_status":"closed","ping_status":"open","sticky":false,"template":"","format":"standard","meta":{"jetpack_post_was_ever_published":false,"_jetpack_newsletter_access":"","_jetpack_dont_email_post_to_subs":false,"_jetpack_newsletter_tier_id":0,"_jetpack_memberships_contains_paywalled_content":false,"_jetpack_memberships_contains_paid_content":false,"footnotes":"","jetpack_publicize_message":"","jetpack_publicize_feature_enabled":true,"jetpack_social_post_already_shared":true,"jetpack_social_options":{"image_generator_settings":{"template":"highway","default_image_id":0,"font":"","enabled":false},"version":2}},"categories":[1],"tags":[5130,41165,1471,969,4319,53137,765,583,53138,2344,1239,1794],"class_list":["post-210338","post","type-post","status-publish","format-standard","has-post-thumbnail","hentry","category-genel","tag-birakildi","tag-carettalar","tag-deniz","tag-denize","tag-giden","tag-istikamete","tag-tarafindan","tag-ters","tag-toplanip","tag-vatandaslar","tag-yavru","tag-yerine"],"jetpack_publicize_connections":[],"jetpack_featured_media_url":"https:\/\/i0.wp.com\/www.tvturk.com\/wp-content\/uploads\/2019\/10\/deniz-yerine-ters-istikamete-giden-yavru-carettalar-vatandaslar-tarafindan-toplanip-denize-birakildi_1ce07d7.jpg?fit=1000%2C568","jetpack_sharing_enabled":true,"jetpack_shortlink":"https:\/\/wp.me\/paKIfm-SIy","_links":{"self":[{"href":"http:\/\/www.tvturk.com\/index.php\/wp-json\/wp\/v2\/posts\/210338","targetHints":{"allow":["GET"]}}],"collection":[{"href":"http:\/\/www.tvturk.com\/index.php\/wp-json\/wp\/v2\/posts"}],"about":[{"href":"http:\/\/www.tvturk.com\/index.php\/wp-json\/wp\/v2\/types\/post"}],"author":[{"embeddable":true,"href":"http:\/\/www.tvturk.com\/index.php\/wp-json\/wp\/v2\/users\/1"}],"replies":[{"embeddable":true,"href":"http:\/\/www.tvturk.com\/index.php\/wp-json\/wp\/v2\/comments?post=210338"}],"version-history":[{"count":0,"href":"http:\/\/www.tvturk.com\/index.php\/wp-json\/wp\/v2\/posts\/210338\/revisions"}],"wp:featuredmedia":[{"embeddable":true,"href":"http:\/\/www.tvturk.com\/index.php\/wp-json\/wp\/v2\/media\/210339"}],"wp:attachment":[{"href":"http:\/\/www.tvturk.com\/index.php\/wp-json\/wp\/v2\/media?parent=210338"}],"wp:term":[{"taxonomy":"category","embeddable":true,"href":"http:\/\/www.tvturk.com\/index.php\/wp-json\/wp\/v2\/categories?post=210338"},{"taxonomy":"post_tag","embeddable":true,"href":"http:\/\/www.tvturk.com\/index.php\/wp-json\/wp\/v2\/tags?post=210338"}],"curies":[{"name":"wp","href":"https:\/\/api.w.org\/{rel}","templated":true}]}}