{"id":210354,"date":"2019-10-02T11:47:22","date_gmt":"2019-10-02T08:47:22","guid":{"rendered":"http:\/\/www.tvturk.com\/index.php\/yeni-malatyasporda-denizlispor-macinda-3-eksik\/"},"modified":"2019-10-02T11:47:22","modified_gmt":"2019-10-02T08:47:22","slug":"yeni-malatyasporda-denizlispor-macinda-3-eksik","status":"publish","type":"post","link":"http:\/\/www.tvturk.com\/index.php\/yeni-malatyasporda-denizlispor-macinda-3-eksik\/","title":{"rendered":"Yeni Malatyaspor\u2019da Denizlispor ma\u00e7\u0131nda 3 eksik"},"content":{"rendered":"<p>S\u00fcper Lig\u2019in 7. haftas\u0131nda Denizlispor\u2019u a\u011f\u0131rlayacak olan Yeni Malatyaspor\u2019da m\u00fcsabakan\u0131n haz\u0131rl\u0131klar\u0131 3 eksikle s\u00fcr\u00fcyor.<\/p>\n<p>Sergen Yal\u00e7\u0131n y\u00f6netiminde yap\u0131lan antrenmana sakatl\u0131klar\u0131 s\u00fcren Mina ve G\u00f6khan T\u00f6re kat\u0131lmazken, 2 haftad\u0131r sakatl\u0131\u011f\u0131ndan dolay\u0131 forma giyemeyen Bifouma ise tak\u0131mla birlikte \u00e7al\u0131\u015fmalara ba\u015flad\u0131.<\/p>\n<p>Bifouma\u2019n\u0131n son durumuyla ilgili de\u011ferlendirme yapan kul\u00fcp sa\u011fl\u0131k heyetinin ba\u015far\u0131l\u0131 10 numaran\u0131n Denizlispor m\u00fcsabakas\u0131nda g\u00f6rev almamas\u0131 i\u00e7in herhangi bir nedenin bulunmad\u0131\u011f\u0131n\u0131 teknik heyete iletti\u011fi belirtildi.<\/p>\n<p>Sar\u0131-k\u0131rm\u0131z\u0131l\u0131larda k\u0131rm\u0131z\u0131 kart cezal\u0131s\u0131 Mustafa Akba\u015f ile sakatl\u0131klar\u0131 s\u00fcren Mina ve G\u00f6khan T\u00f6re cuma g\u00fcnk\u00fc Denizlispor m\u00fcsabakas\u0131nda forma giyemeyecek.<\/p>\n<p>Taktik \u00e7al\u0131\u015fma \u015feklinde ge\u00e7en antrenmanda futbolcular\u0131yla bir toplant\u0131 yapan Sergen Yal\u00e7\u0131n, ge\u00e7en hafta sergiledikleri k\u00f6t\u00fc oyunun nedenleri \u00fczerinde durdu. D\u00fcz ko\u015fu ve 5\u2019e 2 ile ba\u015flayan antrenman dar alanda yap\u0131lan taktik \u00e7ift kaleyle sona erdi.<\/p>\n<p>Yeni Malatyaspor yar\u0131n yapaca\u011f\u0131 son \u00e7al\u0131\u015fmayla Denizlispor m\u00fcsabakas\u0131n\u0131n haz\u0131rl\u0131klar\u0131n\u0131 tamamlayarak ma\u00e7 saatini beklemeye ba\u015flayacak.<\/p>\n","protected":false},"excerpt":{"rendered":"<p>S\u00dcPER L\u0130G\u2019\u0130N 7. HAFTASINDA SAHASINDA CUMA G\u00dcN\u00dc 20.30\u2019DA DEN\u0130ZL\u0130SPOR\u2019U APIRLAYACAK OLAN YEN\u0130 MALATYASPOR\u2019DA BU M\u00dcSABAKANIN HAZIRLIKLARI S\u00dcR\u00dcYOR.<\/p>\n","protected":false},"author":1,"featured_media":210355,"comment_status":"closed","ping_status":"open","sticky":false,"template":"","format":"standard","meta":{"jetpack_post_was_ever_published":false,"_jetpack_newsletter_access":"","_jetpack_dont_email_post_to_subs":false,"_jetpack_newsletter_tier_id":0,"_jetpack_memberships_contains_paywalled_content":false,"_jetpack_memberships_contains_paid_content":false,"footnotes":"","jetpack_publicize_message":"","jetpack_publicize_feature_enabled":true,"jetpack_social_post_already_shared":true,"jetpack_social_options":{"image_generator_settings":{"template":"highway","default_image_id":0,"font":"","enabled":false},"version":2}},"categories":[657],"tags":[6694,5542,4450,3855,87],"class_list":["post-210354","post","type-post","status-publish","format-standard","has-post-thumbnail","hentry","category-spor","tag-denizlispor","tag-eksik","tag-macinda","tag-malatyasporda","tag-yeni"],"jetpack_publicize_connections":[],"jetpack_featured_media_url":"https:\/\/i0.wp.com\/www.tvturk.com\/wp-content\/uploads\/2019\/10\/yeni-malatyasporda-denizlispor-macinda-3-eksik_527f2b5.jpg?fit=1000%2C666","jetpack_sharing_enabled":true,"jetpack_shortlink":"https:\/\/wp.me\/paKIfm-SIO","_links":{"self":[{"href":"http:\/\/www.tvturk.com\/index.php\/wp-json\/wp\/v2\/posts\/210354","targetHints":{"allow":["GET"]}}],"collection":[{"href":"http:\/\/www.tvturk.com\/index.php\/wp-json\/wp\/v2\/posts"}],"about":[{"href":"http:\/\/www.tvturk.com\/index.php\/wp-json\/wp\/v2\/types\/post"}],"author":[{"embeddable":true,"href":"http:\/\/www.tvturk.com\/index.php\/wp-json\/wp\/v2\/users\/1"}],"replies":[{"embeddable":true,"href":"http:\/\/www.tvturk.com\/index.php\/wp-json\/wp\/v2\/comments?post=210354"}],"version-history":[{"count":0,"href":"http:\/\/www.tvturk.com\/index.php\/wp-json\/wp\/v2\/posts\/210354\/revisions"}],"wp:featuredmedia":[{"embeddable":true,"href":"http:\/\/www.tvturk.com\/index.php\/wp-json\/wp\/v2\/media\/210355"}],"wp:attachment":[{"href":"http:\/\/www.tvturk.com\/index.php\/wp-json\/wp\/v2\/media?parent=210354"}],"wp:term":[{"taxonomy":"category","embeddable":true,"href":"http:\/\/www.tvturk.com\/index.php\/wp-json\/wp\/v2\/categories?post=210354"},{"taxonomy":"post_tag","embeddable":true,"href":"http:\/\/www.tvturk.com\/index.php\/wp-json\/wp\/v2\/tags?post=210354"}],"curies":[{"name":"wp","href":"https:\/\/api.w.org\/{rel}","templated":true}]}}